{"id":255492,"date":"2025-07-18T04:12:10","date_gmt":"2025-07-18T04:12:10","guid":{"rendered":"https:\/\/www.europesays.com\/fr\/255492\/"},"modified":"2025-07-18T04:12:10","modified_gmt":"2025-07-18T04:12:10","slug":"f1-transferts-choc-chez-red-bull-racing-un-duo-tricolore-isack-hadjar-et-pierre-gasly","status":"publish","type":"post","link":"https:\/\/www.europesays.com\/fr\/255492\/","title":{"rendered":"F1 Transferts choc chez Red Bull Racing, un duo tricolore Isack Hadjar et Pierre Gasly !?"},"content":{"rendered":"<p>Il ne s\u2019agit que de bruits de couloir, \u00e9manant notamment de nos confr\u00e8res d\u2019Auto Motor und Sport. Selon ces derniers, Yuki Tsunoda ne serait pas conserv\u00e9 l\u2019ann\u00e9e prochaine, ce qui signifie que l\u2019int\u00e9ress\u00e9 pourrait quitter la cat\u00e9gorie reine, faite de volant. M\u00eame si des n\u00e9gociations seraient en cours avec Honda, pour qu\u2019il rejoindre l\u2019aventure Aston Martin. Mais en qualit\u00e9 de quoi ? Pilote d\u2019essais et de r\u00e9serve ? Car le Team en question est complet, pour 2026\u2026<\/p>\n<p>F1 : Albon, Sainz et Russell sur la liste de Mekies ?<\/p>\n<p>Aussi, Isack Hadjar aurait \u00e9t\u00e9 d\u00e9sign\u00e9 pour le remplacer, au sein de l\u2019\u00e9quipe m\u00e8re. Arvid Lindblad, en qui Helmut Marko croit beaucoup, serait alors promu chez Racing Bulls, \u00e0 la place du tricolore et aux c\u00f4t\u00e9s de Liam Lawson. Qui conserverait donc son volant \u00e0 Faenza. Chez Red Bull Racing, l\u2019arriv\u00e9e du tricolore Laurent Mekies aux manettes changerait sans doute des choses. Ainsi, en cas de d\u00e9part de Max Verstappen, il pourrait faire appel \u00e0 un ancien de la fili\u00e8re \u00e0 savoir, Pierre Gasly ou Alexander Albon. Mais Carlos Sainz serait aussi sur la liste, au m\u00eame titre que George Russell\u2026<\/p>\n<blockquote class=\"twitter-tweet\">\n<p dir=\"ltr\" lang=\"en\">What a crazy race! Absolutely loved every lap of it! P6 for us. Amazing result for the whole team, very proud of them. We are not in the best place right now, but we keep fighting every single time and today it paid off. Huge congrats to <a href=\"https:\/\/twitter.com\/HulkHulkenberg?ref_src=twsrc%5Etfw\" target=\"_blank\" rel=\"noopener\">@hulkhulkenberg<\/a> , been long time coming,\u2026 <a href=\"https:\/\/t.co\/Ym8ikKdkkW\">pic.twitter.com\/Ym8ikKdkkW<\/a><\/p>\n<p>\u2014 PIERRE GASLY \ud83c\uddeb\ud83c\uddf7 (@PierreGASLY) <a href=\"https:\/\/twitter.com\/PierreGASLY\/status\/1941928950705402294?ref_src=twsrc%5Etfw\" target=\"_blank\" rel=\"noopener\">July 6, 2025<\/a><\/p>\n<\/blockquote>\n<p>Mais il y aurait une r\u00e9elle possibilit\u00e9, donc, de voir un duo de pilotes Fran\u00e7ais se former chez Red Bull Racing. M\u00eame si, en l\u2019absence de Max Verstappen, l\u2019\u00e9curie de pointe ne serait probablement plus sur le devant de la sc\u00e8ne.<\/p>\n<p>Article publi\u00e9 le 18\/07\/2025 \u00e0 6h01<\/p>\n<p>                                                            <script async src=\"https:\/\/platform.twitter.com\/widgets.js\" charset=\"utf-8\"><\/script><\/p>\n","protected":false},"excerpt":{"rendered":"Il ne s\u2019agit que de bruits de couloir, \u00e9manant notamment de nos confr\u00e8res d\u2019Auto Motor und Sport. Selon&hellip;\n","protected":false},"author":2,"featured_media":255493,"comment_status":"","ping_status":"","sticky":false,"template":"","format":"standard","meta":{"footnotes":""},"categories":[1412],"tags":[1451,1452,1453,1454,1455,1011,27,2244,2248,60],"class_list":{"0":"post-255492","1":"post","2":"type-post","3":"status-publish","4":"format-standard","5":"has-post-thumbnail","7":"category-f1","8":"tag-f1","9":"tag-formula-1","10":"tag-formula1","11":"tag-formule-1","12":"tag-formule1","13":"tag-fr","14":"tag-france","15":"tag-isack-hadjar","16":"tag-pierre-gasly","17":"tag-sports"},"share_on_mastodon":{"url":"https:\/\/pubeurope.com\/@fr\/114872290105677635","error":""},"_links":{"self":[{"href":"https:\/\/www.europesays.com\/fr\/wp-json\/wp\/v2\/posts\/255492","targetHints":{"allow":["GET"]}}],"collection":[{"href":"https:\/\/www.europesays.com\/fr\/wp-json\/wp\/v2\/posts"}],"about":[{"href":"https:\/\/www.europesays.com\/fr\/wp-json\/wp\/v2\/types\/post"}],"author":[{"embeddable":true,"href":"https:\/\/www.europesays.com\/fr\/wp-json\/wp\/v2\/users\/2"}],"replies":[{"embeddable":true,"href":"https:\/\/www.europesays.com\/fr\/wp-json\/wp\/v2\/comments?post=255492"}],"version-history":[{"count":0,"href":"https:\/\/www.europesays.com\/fr\/wp-json\/wp\/v2\/posts\/255492\/revisions"}],"wp:featuredmedia":[{"embeddable":true,"href":"https:\/\/www.europesays.com\/fr\/wp-json\/wp\/v2\/media\/255493"}],"wp:attachment":[{"href":"https:\/\/www.europesays.com\/fr\/wp-json\/wp\/v2\/media?parent=255492"}],"wp:term":[{"taxonomy":"category","embeddable":true,"href":"https:\/\/www.europesays.com\/fr\/wp-json\/wp\/v2\/categories?post=255492"},{"taxonomy":"post_tag","embeddable":true,"href":"https:\/\/www.europesays.com\/fr\/wp-json\/wp\/v2\/tags?post=255492"}],"curies":[{"name":"wp","href":"https:\/\/api.w.org\/{rel}","templated":true}]}}