{"id":255498,"date":"2025-07-18T04:15:23","date_gmt":"2025-07-18T04:15:23","guid":{"rendered":"https:\/\/www.europesays.com\/fr\/255498\/"},"modified":"2025-07-18T04:15:23","modified_gmt":"2025-07-18T04:15:23","slug":"lea-salame-marc-lavoine-faustine-bollaert-les-stars-lui-rendent-un-dernier-hommage","status":"publish","type":"post","link":"https:\/\/www.europesays.com\/fr\/255498\/","title":{"rendered":"L\u00e9a Salam\u00e9, Marc Lavoine, Faustine Bollaert&#8230; Les stars lui rendent un dernier hommage"},"content":{"rendered":"<p>Embl\u00e9matique personnalit\u00e9 du petit \u00e9cran, animateur et producteur, <a data-i13n=\"cpos:1;pos:1\" href=\"https:\/\/fr.news.yahoo.com\/thierry-ardisson-est-decede-a-lage-de-76-ans-073645086.html\" data-ylk=\"slk:Thierry Ardisson s&#039;est \u00e9teint \u00e0 l&#039;\u00e2ge de 76 ans;cpos:1;pos:1;elm:context_link;itc:0;sec:content-canvas;outcm:mb_qualified_link;_E:mb_qualified_link;ct:story;\" class=\"link  yahoo-link\" target=\"_blank\" rel=\"noopener\">Thierry Ardisson s&rsquo;est \u00e9teint \u00e0 l&rsquo;\u00e2ge de 76 ans<\/a>, le 14 juillet 2025. D\u00e9c\u00e9d\u00e9 d&rsquo;un cancer du foie, \u00ab\u00a0l&rsquo;homme en noir\u00a0\u00bb du PAF avait \u00e9voqu\u00e9 \u00e0 de nombreuses reprises ses fun\u00e9railles dans la presse. Et ce, que ce soit pour pr\u00e9ciser que <a data-i13n=\"cpos:2;pos:1\" href=\"https:\/\/fr.news.yahoo.com\/cyril-hanouna-ira-t-il-a-lenterrement-de-thierry-ardisson-meme-lui-pourra-venir-092921013.html\" data-ylk=\"slk:m\u00eame Cyril Hanouna serait le bienvenu \u00e0 ses obs\u00e8ques;cpos:2;pos:1;elm:context_link;itc:0;sec:content-canvas;outcm:mb_qualified_link;_E:mb_qualified_link;ct:story;\" class=\"link  yahoo-link\" target=\"_blank\" rel=\"noopener\">m\u00eame Cyril Hanouna serait le bienvenu \u00e0 ses obs\u00e8ques<\/a>, ou encore pour affirmer qu&rsquo;il esp\u00e9rait que ses trois femmes seraient pr\u00e9sentes pour lui dire adieu.<\/p>\n<p>Des fun\u00e9railles dans la plus stricte intimit\u00e9<\/p>\n<p>Malgr\u00e9 sa personnalit\u00e9 clivante \u2013 Thierry Ardisson a r\u00e9guli\u00e8rement \u00e9t\u00e9 accus\u00e9 de sexisme envers ses invit\u00e9es, et a tenu \u00e0 plusieurs reprises des propos d\u00e9rangeants \u00e0 l&rsquo;antenne, ndlr \u2013<a data-i13n=\"cpos:3;pos:1\" href=\"https:\/\/fr.style.yahoo.com\/hommage-%C3%A0-thierry-ardisson-st%C3%A9phane-104353384.html\" data-ylk=\"slk:de nombreuses personnes ont rendu hommage \u00e0 l&#039;animateur et producteur;cpos:3;pos:1;elm:context_link;itc:0;sec:content-canvas;outcm:mb_qualified_link;_E:mb_qualified_link;ct:story;\" class=\"link  yahoo-link\" target=\"_blank\" rel=\"noopener\"> de nombreuses personnes ont rendu hommage \u00e0 l&rsquo;animateur et producteur<\/a>, en apprenant son d\u00e9c\u00e8s. Toutefois, malgr\u00e9 la popularit\u00e9 de l&rsquo;homme en noir, tout le monde ne sera pas le bienvenu \u00e0 ses fun\u00e9railles.<\/p>\n<p>Sa famille a en effet fait savoir que la c\u00e9r\u00e9monie, qui s&rsquo;est d\u00e9roul\u00e9e ce jeudi 17 juillet, \u00e0 16h30, en l\u2019\u00e9glise Saint-Roch de Paris, serait \u00ab\u00a0r\u00e9serv\u00e9e aux invit\u00e9s\u00a0\u00bb. Le tout, avant une \u00ab\u00a0inhumation dans la plus stricte intimit\u00e9\u00a0\u00bb. Celles et ceux qui seront pr\u00e9sents ont re\u00e7u des consignes concernant leur tenue : <a data-i13n=\"cpos:4;pos:1\" href=\"https:\/\/fr.style.yahoo.com\/obs%C3%A8ques-thierry-ardisson-famille-exige-075626846.html\" data-ylk=\"slk:un &quot;dress code Ardisson&quot;;cpos:4;pos:1;elm:context_link;itc:0;sec:content-canvas;outcm:mb_qualified_link;_E:mb_qualified_link;ct:story;\" class=\"link  yahoo-link\" target=\"_blank\" rel=\"noopener\">un \u00ab\u00a0dress code Ardisson\u00a0\u00bb<\/a>, costume noir et lunettes noires.<\/p>\n<p>L&rsquo;\u00e9motion de la famille de Thierry Ardisson<\/p>\n<p>Sans surprise, Audrey Crespo-Mara, l&rsquo;\u00e9pouse de Thierry Ardisson, est la premi\u00e8re \u00e0 \u00eatre arriv\u00e9e sur les lieux, v\u00eatue d&rsquo;une \u00e9l\u00e9gante tenue noire. Elle est accompagn\u00e9e de ses deux enfants, n\u00e9s d&rsquo;une pr\u00e9c\u00e9dente union.<\/p>\n<p><img decoding=\"async\" class=\"caas-img caas-lazy has-preview\" alt=\"Audrey Crespo-Mara (Photo by Bertrand GUAY \/ AFP) (Photo by BERTRAND GUAY\/AFP via Getty Images)\" src=\"https:\/\/www.europesays.com\/fr\/wp-content\/uploads\/2025\/07\/a2d64910-6319-11f0-9c2b-88cc780c930e.jpeg\"\/><\/p>\n<p>Audrey Crespo-Mara (Photo by Bertrand GUAY \/ AFP) (Photo by BERTRAND GUAY\/AFP via Getty Images)<\/p>\n<p>Sans surprise, c&rsquo;est dans un cercueil noir que Thierry Ardisson va \u00eatre inhum\u00e9.<\/p>\n<p><img decoding=\"async\" class=\"caas-img caas-lazy has-preview\" alt=\"Le cercueil de Thierry Ardisson (Photo by BERTRAND GUAY\/AFP via Getty Images)\" src=\"https:\/\/www.europesays.com\/fr\/wp-content\/uploads\/2025\/07\/4ba69960-6323-11f0-afbd-e3a4f7b5110f.jpeg\"\/><\/p>\n<p>Le cercueil de Thierry Ardisson (Photo by BERTRAND GUAY\/AFP via Getty Images)<\/p>\n<p>Laurent Baffie, collaborateur de longue date de Thierry Ardisson, a suivi le dresscode impos\u00e9 \u00e0 la perfection. Derri\u00e8re ses lunettes noires, il n&rsquo;a pas cach\u00e9 son \u00e9motion, m\u00eame si ces derni\u00e8res ann\u00e9es, ses rapports avec son ancien ami s&rsquo;\u00e9taient d\u00e9t\u00e9rior\u00e9s.<\/p>\n<p><img decoding=\"async\" class=\"caas-img caas-lazy has-preview\" alt=\"Laurent Baffie (Photo by Bertrand GUAY \/ AFP) (Photo by BERTRAND GUAY\/AFP via Getty Images)\" src=\"https:\/\/www.europesays.com\/fr\/wp-content\/uploads\/2025\/07\/a8376420-6319-11f0-bee7-03af1e3211dc.jpeg\"\/><\/p>\n<p>Laurent Baffie (Photo by Bertrand GUAY \/ AFP) (Photo by BERTRAND GUAY\/AFP via Getty Images)<\/p>\n<p>Le chanteur Florent Pagny a \u00e9t\u00e9 interview\u00e9 \u00e0 plusieurs reprises durant sa carri\u00e8re par Thierry Ardisson. Pr\u00e9sent pour ses fun\u00e9railles, il a tenu \u00e0 \u00eatre pr\u00e9sent pour lui dire adieu, en compagnie de sa compagne Azucena.<\/p>\n<p><img decoding=\"async\" class=\"caas-img caas-lazy has-preview\" alt=\"Florent Pagny (Photo by BERTRAND GUAY\/AFP via Getty Images)\" src=\"https:\/\/www.europesays.com\/fr\/wp-content\/uploads\/2025\/07\/af73cee0-6319-11f0-bfbf-9320a7ccc207.jpeg\"\/><\/p>\n<p>Florent Pagny (Photo by BERTRAND GUAY\/AFP via Getty Images)<\/p>\n<p>Gilles-William Goldnadel a longtemps \u00e9t\u00e9 l&rsquo;un des chroniqueurs de Thierry Ardisson, lors de l&rsquo;\u00e9mission \u00ab\u00a0Les Terriens du dimanche !\u00a0\u00bb. L&rsquo;avocat ne s&rsquo;est pas toujours entendu avec l&rsquo;animateur et producteur, mais ils sont rest\u00e9s proches jusqu&rsquo;\u00e0 la fin.<\/p>\n<p><img decoding=\"async\" class=\"caas-img caas-lazy has-preview\" alt=\"Gilles-William Goldnadel (Photo by ALAIN JOCARD\/AFP via Getty Images)\" src=\"https:\/\/www.europesays.com\/fr\/wp-content\/uploads\/2025\/07\/b32ae370-6319-11f0-8fff-967ceb3ebf79.jpeg\"\/><\/p>\n<p>Gilles-William Goldnadel (Photo by ALAIN JOCARD\/AFP via Getty Images)<\/p>\n<p>Egalement habitu\u00e9 des plateaux de Thierry Ardisson, Marc Lavoine, sans Adriana Karembeu, \u00e9tait au rendez-vous pour les obs\u00e8ques de l&rsquo;homme en noir. Le chanteur \u00e9tait tr\u00e8s \u00e9mu par la disparition de son ami.<\/p>\n<p><img decoding=\"async\" class=\"caas-img caas-lazy has-preview\" alt=\"Marc Lavoine. Cr\u00e9dit : AFP\" src=\"https:\/\/www.europesays.com\/fr\/wp-content\/uploads\/2025\/07\/44d177c0-632a-11f0-bffb-58ce2e942ac4.jpeg\"\/><\/p>\n<p>Marc Lavoine. Cr\u00e9dit : AFP<\/p>\n<p>Brigitte Macron, la premi\u00e8re dame et \u00e9pouse d&rsquo;Emmanuel Macron, \u00e9tait \u00e9galement pr\u00e9sente pour rendre hommage au producteur et animateur.<\/p>\n<p><img decoding=\"async\" class=\"caas-img caas-lazy has-preview\" alt=\"Brigitte Macron (Photo by BERTRAND GUAY\/AFP via Getty Images)\" src=\"https:\/\/www.europesays.com\/fr\/wp-content\/uploads\/2025\/07\/c33af360-631c-11f0-bfbd-0e10b6db0fe5.jpeg\"\/><\/p>\n<p>Brigitte Macron (Photo by BERTRAND GUAY\/AFP via Getty Images)<\/p>\n<p>Grand habitu\u00e9 des plateaux de Thierry Ardisson, Laurent Voulzy lui a rendu un dernier hommage.<\/p>\n<p><img decoding=\"async\" class=\"caas-img caas-lazy has-preview\" alt=\"Laurent Voulzy Photo by ALAIN JOCARD \/ AFP) (Photo by ALAIN JOCARD\/AFP via Getty Images)\" src=\"https:\/\/www.europesays.com\/fr\/wp-content\/uploads\/2025\/07\/fc969ea0-6323-11f0-bcff-afe5a5f788f7.jpeg\"\/><\/p>\n<p>Laurent Voulzy Photo by ALAIN JOCARD \/ AFP) (Photo by ALAIN JOCARD\/AFP via Getty Images)<\/p>\n<p>Collaboratrice de Thierry Ardisson \u00e0 l&rsquo;\u00e9poque de \u00ab\u00a0Tout le monde en parle\u00a0\u00bb, L\u00e9a Salam\u00e9, future pr\u00e9sentatrice du 20h de France 2, lui avait rendu hommage \u00e0 l&rsquo;antenne de <a data-i13n=\"cpos:5;pos:1\" href=\"https:\/\/www.radiofrance.fr\/franceinter\/podcasts\/l-info-de-france-inter\/l-info-de-france-inter-3762962\" rel=\"nofollow noopener\" target=\"_blank\" data-ylk=\"slk:Radio France;cpos:5;pos:1;elm:context_link;itc:0;sec:content-canvas\" class=\"link \">Radio France<\/a>, saluant \u00ab\u00a0un concepteur absolument g\u00e9nial, insens\u00e9, qui avait plein d&rsquo;id\u00e9es.\u00a0\u00bb<\/p>\n<p><img decoding=\"async\" class=\"caas-img caas-lazy has-preview\" alt=\"L\u00e9a Salam\u00e9 (Photo by BERTRAND GUAY\/AFP via Getty Images)\" src=\"https:\/\/www.europesays.com\/fr\/wp-content\/uploads\/2025\/07\/c8495a90-631c-11f0-aebf-81a2d3c3c0ae.jpeg\"\/><\/p>\n<p>L\u00e9a Salam\u00e9 (Photo by BERTRAND GUAY\/AFP via Getty Images)<\/p>\n<p>Hugo Cl\u00e9ment, grand admirateur du travail de Thierry Ardisson, \u00e9tait \u00e9galement de la partie.<\/p>\n<p><img decoding=\"async\" class=\"caas-img caas-lazy has-preview\" alt=\"L\u00e9a Salam\u00e9 et Hugo Cl\u00e9ment (Photo by BERTRAND GUAY\/AFP via Getty Images)\" src=\"https:\/\/www.europesays.com\/fr\/wp-content\/uploads\/2025\/07\/c19a6920-6324-11f0-97d5-0302930df7dc.jpeg\"\/><\/p>\n<p>L\u00e9a Salam\u00e9 et Hugo Cl\u00e9ment (Photo by BERTRAND GUAY\/AFP via Getty Images)<\/p>\n<p>Raquel Garrido a elle-aussi \u00e9t\u00e9 une collaboratrice de Thierry Ardisson, dans l&rsquo;\u00e9mission \u00ab\u00a0Les Terriens du dimanche !\u00a0\u00bb. En apprenant la mort de son ancien patron, elle a affirm\u00e9 au <a data-i13n=\"cpos:6;pos:1\" href=\"https:\/\/www.leparisien.fr\/culture-loisirs\/tv\/mort-de-thierry-ardisson-pour-raquel-garrido-cetait-un-vieux-reac-mais-par-certains-aspects-tres-moderne-15-07-2025-M55KR3NGDBG65GVP6AUK4WF2GY.php\" rel=\"nofollow noopener\" target=\"_blank\" data-ylk=\"slk:Parisien;cpos:6;pos:1;elm:context_link;itc:0;sec:content-canvas\" class=\"link \">Parisien<\/a> avoir \u00ab\u00a0beaucoup de reconnaissance envers Thierry\u00a0\u00bb, le remerciant pour \u00ab\u00a0des ann\u00e9es inoubliables.\u00a0\u00bb<\/p>\n<p><img decoding=\"async\" class=\"caas-img caas-lazy has-preview\" alt=\"Raquel Garrido (Photo by Bertrand GUAY \/ AFP) (Photo by BERTRAND GUAY\/AFP via Getty Images)\" src=\"https:\/\/www.europesays.com\/fr\/wp-content\/uploads\/2025\/07\/ca05d7a0-631c-11f0-bd3d-d70a7d16f777.jpeg\"\/><\/p>\n<p>Raquel Garrido (Photo by Bertrand GUAY \/ AFP) (Photo by BERTRAND GUAY\/AFP via Getty Images)<\/p>\n<p>Sur X, Arthur avait rendu un vibrant hommage \u00e0 Thierry Ardisson, un homme qui avait selon lui \u00ab\u00a0cass\u00e9 les codes\u00a0\u00bb de la t\u00e9l\u00e9vision : \u00ab\u00a0Il a invent\u00e9 un ton, un style, une mani\u00e8re de recevoir sans jamais se soumettre. Avec lui, on riait, on d\u00e9bordait, on apprenait\u00a0\u00bb, avait-il salu\u00e9.<\/p>\n<p><img decoding=\"async\" class=\"caas-img caas-lazy has-preview\" alt=\"Arthur (Photo by BERTRAND GUAY\/AFP via Getty Images)\" src=\"https:\/\/www.europesays.com\/fr\/wp-content\/uploads\/2025\/07\/7ae8e490-631d-11f0-be1f-f11e35a7547a.jpeg\"\/><\/p>\n<p>Arthur (Photo by BERTRAND GUAY\/AFP via Getty Images)<\/p>\n<p>L&rsquo;autrice H\u00e9l\u00e8ne Gr\u00e9millon, compagne de Julien Clerc, \u00e9tait pr\u00e9sente pour les fun\u00e9railles de Thierry Ardisson.<\/p>\n<p><img decoding=\"async\" class=\"caas-img caas-lazy has-preview\" alt=\"\u00a9 AFP\" src=\"https:\/\/www.europesays.com\/fr\/wp-content\/uploads\/2025\/07\/e99e1c20-631d-11f0-bf3f-b8636619efb4.jpeg\"\/><\/p>\n<p>\u00a9 AFP<\/p>\n<p>Faustine Bollaert, qui <a data-i13n=\"cpos:7;pos:1\" href=\"https:\/\/fr.style.yahoo.com\/faustine-bollaert-et-maxime-chattam-separes-la-journaliste-aurait-quitte-le-romancier-085116415.html\" data-ylk=\"slk:serait fraichement s\u00e9par\u00e9e de son compagnon de longue date Maxime Chattam;cpos:7;pos:1;elm:context_link;itc:0;sec:content-canvas;outcm:mb_qualified_link;_E:mb_qualified_link;ct:story;\" class=\"link  yahoo-link\" target=\"_blank\" rel=\"noopener\">serait fraichement s\u00e9par\u00e9e de son compagnon de longue date Maxime Chattam<\/a>, est elle aussi devenue une embl\u00e9matique personnalit\u00e9 du petit \u00e9cran, est venue rendre hommage \u00e0 son coll\u00e8gue.<\/p>\n<p><img decoding=\"async\" class=\"caas-img caas-lazy has-preview\" alt=\"Faustine Bollaert  (Photo by ALAIN JOCARD\/AFP via Getty Images)\" src=\"https:\/\/www.europesays.com\/fr\/wp-content\/uploads\/2025\/07\/5358cd30-631f-11f0-a1f7-2ead557eea2a.jpeg\"\/><\/p>\n<p>Faustine Bollaert (Photo by ALAIN JOCARD\/AFP via Getty Images)<\/p>\n<p>Ancien Premier ministre, Gabriel Attal \u00e9tait \u00e9galement pr\u00e9sent pour les fun\u00e9railles de l&rsquo;Homme en noir du PAF.<\/p>\n<p><img decoding=\"async\" class=\"caas-img caas-lazy has-preview\" alt=\"Gabriel Attal (Photo by BERTRAND GUAY\/AFP via Getty Images)\" src=\"https:\/\/www.europesays.com\/fr\/wp-content\/uploads\/2025\/07\/1fd01800-6320-11f0-9fbe-4349b317fbd5.jpeg\"\/><\/p>\n<p>Gabriel Attal (Photo by BERTRAND GUAY\/AFP via Getty Images)<\/p>\n<p>Anne M\u00e9aux, la fondatrice d&rsquo;Image 7, entreprise de conseil en strat\u00e9gie de communication, faisait partie de ceux qui avaient rendu hommage \u00e0 Thierry Ardisson. A l&rsquo;antenne de <a data-i13n=\"cpos:8;pos:1\" href=\"https:\/\/www.bfmtv.com\/people\/tv\/video-ardisson-derniere-les-lunettes-noires-de-son-impertinence-se-cachait-une-tres-grande-tendresse-declare-anne-meaux-fondatrice-d-image-7_VN-202507140395.html\" rel=\"nofollow noopener\" target=\"_blank\" data-ylk=\"slk:BFMTV;cpos:8;pos:1;elm:context_link;itc:0;sec:content-canvas\" class=\"link \">BFMTV<\/a>, elle avait vant\u00e9 : \u00ab\u00a0Derri\u00e8re<\/p>\n<p>les lunettes noires de son impertinence, se cachait une tr\u00e8s grande tendresse.\u00a0\u00bb<\/p>\n<p><img decoding=\"async\" class=\"caas-img caas-lazy has-preview\" alt=\"\" src=\"https:\/\/www.europesays.com\/fr\/wp-content\/uploads\/2025\/07\/a78d8f90-6319-11f0-af3f-f526cac1ad5e.jpeg\"\/><\/p>\n<p>Les enfants de Thierry Ardisson, Manon et Gaston, \u00e0 la sortie de l&rsquo;\u00e9glise.<\/p>\n<p><img decoding=\"async\" class=\"caas-img caas-lazy has-preview\" alt=\" Manon Ardisson et Gaston Ardisson. Cr\u00e9dit : AFP\" src=\"https:\/\/www.europesays.com\/fr\/wp-content\/uploads\/2025\/07\/39a4d1f0-6328-11f0-b9ee-3e2c716026e0.jpeg\"\/><\/p>\n<p>Manon Ardisson et Gaston Ardisson. Cr\u00e9dit : AFP<\/p>\n<p>Michel Drucker \u00e9tait pr\u00e9sent pour remonter le moral d&rsquo;Audrey Crespo-Mara.<\/p>\n<p><img decoding=\"async\" class=\"caas-img caas-lazy has-preview\" alt=\"Michel Drucker (Photo by BERTRAND GUAY\/AFP via Getty Images)\" src=\"https:\/\/www.europesays.com\/fr\/wp-content\/uploads\/2025\/07\/18ced920-632e-11f0-afdf-a03cd744202e.jpeg\"\/><\/p>\n<p>Michel Drucker (Photo by BERTRAND GUAY\/AFP via Getty Images)<\/p>\n<p>Marc-Olivier Fogiel et Thierry Aridsson se sont longtemps crois\u00e9s dans les couloirs de cha\u00eenes comme sur les plateaux t\u00e9l\u00e9vis\u00e9s. Les deux hommes ont connu 15 ans de brouille avant de se r\u00e9concilier.<\/p>\n<p><img decoding=\"async\" class=\"caas-img caas-lazy has-preview\" alt=\"Marc-Olivier Fogiel, au c\u00f4t\u00e9 de Christian Louboutin  (Photo by Pierre Suu\/Getty Images)\" src=\"https:\/\/www.europesays.com\/fr\/wp-content\/uploads\/2025\/07\/355ae480-632e-11f0-bffd-40637a75b6b8.jpeg\"\/><\/p>\n<p>Marc-Olivier Fogiel, au c\u00f4t\u00e9 de Christian Louboutin (Photo by Pierre Suu\/Getty Images)<\/p>\n","protected":false},"excerpt":{"rendered":"Embl\u00e9matique personnalit\u00e9 du petit \u00e9cran, animateur et producteur, Thierry Ardisson s&rsquo;est \u00e9teint \u00e0 l&rsquo;\u00e2ge de 76 ans, le&hellip;\n","protected":false},"author":2,"featured_media":255499,"comment_status":"","ping_status":"","sticky":false,"template":"","format":"standard","meta":{"footnotes":""},"categories":[1359],"tags":[39571,39572,58,59,1011,27,5962,7593,973,10058],"class_list":{"0":"post-255498","1":"post","2":"type-post","3":"status-publish","4":"format-standard","5":"has-post-thumbnail","7":"category-people","8":"tag-bertrand-guay","9":"tag-dernier-hommage","10":"tag-divertissement","11":"tag-entertainment","12":"tag-fr","13":"tag-france","14":"tag-getty-images","15":"tag-marc-lavoine","16":"tag-people","17":"tag-thierry-ardisson"},"share_on_mastodon":{"url":"https:\/\/pubeurope.com\/@fr\/114872302728438046","error":""},"_links":{"self":[{"href":"https:\/\/www.europesays.com\/fr\/wp-json\/wp\/v2\/posts\/255498","targetHints":{"allow":["GET"]}}],"collection":[{"href":"https:\/\/www.europesays.com\/fr\/wp-json\/wp\/v2\/posts"}],"about":[{"href":"https:\/\/www.europesays.com\/fr\/wp-json\/wp\/v2\/types\/post"}],"author":[{"embeddable":true,"href":"https:\/\/www.europesays.com\/fr\/wp-json\/wp\/v2\/users\/2"}],"replies":[{"embeddable":true,"href":"https:\/\/www.europesays.com\/fr\/wp-json\/wp\/v2\/comments?post=255498"}],"version-history":[{"count":0,"href":"https:\/\/www.europesays.com\/fr\/wp-json\/wp\/v2\/posts\/255498\/revisions"}],"wp:featuredmedia":[{"embeddable":true,"href":"https:\/\/www.europesays.com\/fr\/wp-json\/wp\/v2\/media\/255499"}],"wp:attachment":[{"href":"https:\/\/www.europesays.com\/fr\/wp-json\/wp\/v2\/media?parent=255498"}],"wp:term":[{"taxonomy":"category","embeddable":true,"href":"https:\/\/www.europesays.com\/fr\/wp-json\/wp\/v2\/categories?post=255498"},{"taxonomy":"post_tag","embeddable":true,"href":"https:\/\/www.europesays.com\/fr\/wp-json\/wp\/v2\/tags?post=255498"}],"curies":[{"name":"wp","href":"https:\/\/api.w.org\/{rel}","templated":true}]}}