{"id":25551,"date":"2025-04-15T00:47:13","date_gmt":"2025-04-15T00:47:13","guid":{"rendered":"https:\/\/www.europesays.com\/fr\/25551\/"},"modified":"2025-04-15T00:47:13","modified_gmt":"2025-04-15T00:47:13","slug":"cinq-immeubles-qui-risquent-de-seffondrer-evacues-a-toulouse","status":"publish","type":"post","link":"https:\/\/www.europesays.com\/fr\/25551\/","title":{"rendered":"cinq immeubles qui risquent de s&rsquo;effondrer \u00e9vacu\u00e9s \u00e0 Toulouse"},"content":{"rendered":"<p>            Par<br \/>\n        <strong><br \/>\n            <a href=\"https:\/\/actu.fr\/auteur\/guillaume-laurens\" title=\"Consulter tous les articles de Guillaume Laurens\" rel=\"nofollow noopener\" target=\"_blank\">Guillaume Laurens<\/a><br \/>\n        <\/strong><\/p>\n<p>        Publi\u00e9 le<\/p>\n<p>            13 avr. 2025 \u00e0 19h06<br \/>\n        ; mis \u00e0 jour le 13 avr. 2025 \u00e0 19h15    <\/p>\n<p>Dimanche agit\u00e9, pour les habitants de <strong>cinq immeubles<\/strong> de la rue L\u00e9once Castelbou, en centre-ville de <strong><a href=\"https:\/\/actu.fr\/toulouse\/\" rel=\"nofollow noopener\" target=\"_blank\">Toulouse<\/a><\/strong>, ce 14\u00a0avril 2025, apr\u00e8s <strong>l\u2019effondrement d\u2019un mur porteur<\/strong>, fragilisant un ensemble de b\u00e2timents du quartier Arnaud-Bernard. Images et reportage.<\/p>\n<p>\u00ab\u2009On a ouvert une trappe et on a compris\u2009\u00bb, t\u00e9moigne Juliette<\/p>\n<p class=\" wall-content\">\u00ab\u2009Un mur s\u2019est effondr\u00e9 au rez-de-chauss\u00e9e de notre appartement\u2009\u00bb, raconte <strong>Juliette<\/strong>, propri\u00e9taire avec son conjoint de ce bien immobilier depuis cinq ans. Ce sont eux qui ont alert\u00e9 les pompiers.<\/p>\n<blockquote class=\"ac-article-quote wall-content\">\n<p>Cela a fait du bruit dans la nuit. Ce matin, on a ouvert une trappe dans le mur du fond, et on a compris&#8230;<\/p>\n<p>    <strong>Juliette<\/strong><br \/>\n        Habitante d&rsquo;un immeuble en p\u00e9ril rue L\u00e9once Castelbou    <\/p><\/blockquote>\n<p>      <img   decoding=\"async\" loading=\"lazy\" src=\"https:\/\/www.europesays.com\/fr\/wp-content\/uploads\/2025\/04\/immeuble-menace-effondrement-rue-castelbou-toulouse-gl-960x640.jpg\" alt=\"C'est au fond de cet immeuble \u00e0 gauche, au num\u00e9ro 3 de la rue, qu'un mur porteur s'est effondr\u00e9 ce dimanche, entra\u00eenant des \" width=\"960\" height=\"640\"\/><br \/>\n    C\u2019est au fond de cet immeuble \u00e0 gauche, au num\u00e9ro 3 de la rue, qu\u2019un mur porteur s\u2019est effondr\u00e9 ce dimanche. Au final, la municipalit\u00e9 a d\u00e9cel\u00e9 des \u00ab\u00a0fragilit\u00e9s\u00a0\u00bb sur cinq immeubles de la rue (\u00a9G.L. \/ Actu Toulouse)\u00ab\u2009Plusieurs autres murs porteurs sont fragilis\u00e9s\u2009\u00bb, selon l\u2019\u00e9lue<\/p>\n<p class=\" wall-content\">Valises, cartons et autres sacs cabas pleins \u00e0 craquer s\u2019amoncellent sur les trottoirs. \u00c9paul\u00e9s par les pompiers, les habitants vident leurs affaires essentielles, ne sachant pas quand ils rentreront chez eux. \u00ab\u2009Cela risque d\u2019\u00eatre long\u2009\u00bb, pr\u00e9vient <strong>Claire Nison<\/strong>, l\u2019\u00e9lue municipale en charge des immeubles mena\u00e7ant ruine.<\/p>\n<blockquote class=\"ac-article-quote wall-content\">\n<p>C&rsquo;est un ensemble d&rsquo;immeubles imbriqu\u00e9s les uns dans les autres. Le mur porteur qui s&rsquo;est \u00e9croul\u00e9 est situ\u00e9 sur l&rsquo;arri\u00e8re, entre les num\u00e9ros 3 et 9. Ce qui est probl\u00e9matique, c&rsquo;est que plusieurs autres murs porteurs sont fragilis\u00e9s, et que des caves sont instables.<\/p>\n<p>    <strong>Claire Nison<\/strong><br \/>\n        \u00c9lue municipale en charge des immeubles mena\u00e7ant ruine    <\/p><\/blockquote>\n<p>      <img   decoding=\"async\" loading=\"lazy\" src=\"https:\/\/www.europesays.com\/fr\/wp-content\/uploads\/2025\/04\/evacuation-immeuble-effondrement-rue-castelbou-toulouse-gl-960x640.jpg\" alt=\"Image \u00e9tonnante dans les rues de la Ville rose : un pompier aide des habitants \u00e0 \u00e9vacuer les affaires de leur logement en urgence\" width=\"960\" height=\"640\"\/><br \/>\n    Image \u00e9tonnante dans les rues de la Ville rose : un pompier aide des habitants \u00e0 \u00e9vacuer les affaires de leur logement en urgence (\u00a9G.L. \/ Actu Toulouse)15 appartements \u00e9vacu\u00e9s dans cinq immeubles<\/p>\n<p class=\" wall-content\">En raison de ces \u00ab\u2009fragilit\u00e9s\u2009\u00bb, les autorit\u00e9s n\u2019ont pris aucun risque et fait \u00e9vacuer pas moins de <strong>cinq immeubles<\/strong> de la rue, entre les <strong>num\u00e9ros\u00a03 et\u00a011<\/strong>. Soit, au total, <strong>15 appartements<\/strong>, dans lesquels se trouvaient <strong>13\u00a0personnes<\/strong> ce dimanche.<\/p>\n<p class=\" wall-content\">\u00ab\u2009C\u2019est plus qu\u2019un principe de pr\u00e9caution, on a des murs qui ne tiennent plus\u2009\u00bb, insiste Claire Nison. \u00ab\u2009La situation \u00e9tait <strong>trop critique<\/strong> pour laisser les gens habiter l\u00e0\u2009\u00bb.<\/p>\n<blockquote class=\"ac-article-quote wall-content\">\n<p>Ce sont des murs en terre crue qui sont gorg\u00e9s d&rsquo;eau et ont boug\u00e9. Nous avons d\u00e9couvert des fissures importantes, et d\u00e9cel\u00e9 un probl\u00e8me d&rsquo;\u00e9vacuation des eaux pluviales et des eaux us\u00e9es.<\/p>\n<p>    <strong>Claire Nison<\/strong>\n            <\/p><\/blockquote>\n<p class=\" wall-content\">En proie \u00e0 une \u00ab\u2009tr\u00e8s forte humidit\u00e9\u2009\u00bb, certaines caves seraient \u00ab\u2009d\u00e9tremp\u00e9es\u2009\u00bb.<\/p>\n<p>      <img   decoding=\"async\" loading=\"lazy\" src=\"https:\/\/www.europesays.com\/fr\/wp-content\/uploads\/2025\/04\/bagages-immeuble-effondrement-rue-castelbou-toulouse-gljpg-960x640.jpg\" alt=\"Les habitants de la rue Castelbou ont d\u00fb quitter leurs appartements, en embarquant le strict n\u00e9cessaire, apr\u00e8s l'effondrement d'un mur porteur dans un immeuble\u00a0\" width=\"960\" height=\"640\"\/><br \/>\n    Les habitants de la rue Castelbou ont d\u00fb quitter leurs appartements, en embarquant le strict n\u00e9cessaire, apr\u00e8s l\u2019effondrement d\u2019un mur porteur dans un immeuble\u00a0 (\u00a9G.L. \/ Actu Toulouse)Trois immeubles plus menac\u00e9s que les autres, selon les pompiers<\/p>\n<p class=\" wall-content\">D\u2019apr\u00e8s nos informations, la mairie de Toulouse prendra ce lundi 14 avril un ou plusieurs arr\u00eat\u00e9s de p\u00e9ril concernant ces <strong>cinq immeubles<\/strong>.<\/p>\n<p class=\" wall-content\">Selon les premi\u00e8res analyses effectu\u00e9es par leurs experts en <strong>risque b\u00e2timentaire<\/strong>, les pompiers estiment de leur c\u00f4t\u00e9 que ce sont surtout <strong>trois immeubles<\/strong>, entre le 3 et le 7, dont le danger d\u2019effondrement est le plus pr\u00e9occupant.<\/p>\n<blockquote class=\"tiktok-embed\" cite=\"https:\/\/www.tiktok.com\/@actutoulouse\/video\/7492808780875599106\" data-video-id=\"7492808780875599106\" data-embed-from=\"oembed\" style=\"max-width:605px; min-width:325px;\"><p>\n<a target=\"_blank\" title=\"@actutoulouse\" href=\"https:\/\/www.tiktok.com\/@actutoulouse?refer=embed\" rel=\"nofollow noopener\">@actutoulouse<\/a> <\/p>\n<p>Nouveau risque d\u2019effondrement en centre-ville de <a title=\"toulouse\" target=\"_blank\" href=\"https:\/\/www.tiktok.com\/tag\/toulouse?refer=embed\" rel=\"nofollow noopener\">#Toulouse<\/a> : un mur porteur s\u2019est \u00e9croul\u00e9 entre plusieurs b\u00e2timents, quartier Arnaud-Bernard, ce dimanche 13 avril. Les occupants de 15 appartements ont d\u00fb \u00eatre \u00e9vacu\u00e9s\u00a0 <a title=\"pourtoi\" target=\"_blank\" href=\"https:\/\/www.tiktok.com\/tag\/pourtoi?refer=embed\" rel=\"nofollow noopener\">#pourtoi<\/a> <a title=\"fyp\" target=\"_blank\" href=\"https:\/\/www.tiktok.com\/tag\/fyp?refer=embed\" rel=\"nofollow noopener\">#fyp<\/a> <a title=\"sinformersurtiktok\" target=\"_blank\" href=\"https:\/\/www.tiktok.com\/tag\/sinformersurtiktok?refer=embed\" rel=\"nofollow noopener\">#sinformersurtiktok<\/a> <a title=\"toulousemaville\" target=\"_blank\" href=\"https:\/\/www.tiktok.com\/tag\/toulousemaville?refer=embed\" rel=\"nofollow noopener\">#toulousemaville<\/a> <a title=\"toulouse31\" target=\"_blank\" href=\"https:\/\/www.tiktok.com\/tag\/toulouse31?refer=embed\" rel=\"nofollow noopener\">#toulouse31<\/a> <\/p>\n<p> <a target=\"_blank\" title=\"\u266c EpicSymphony - mosn\" href=\"https:\/\/www.tiktok.com\/music\/EpicSymphony-7481117510923520009?refer=embed\" rel=\"nofollow noopener\">\u266c EpicSymphony \u2013 mosn<\/a> <\/p>\n<\/blockquote>\n<p>\u00ab\u2009Que les gens s\u2019inqui\u00e8tent s\u2019il y a la moindre fissure\u2009\u00bb<\/p>\n<p class=\" wall-content\"><strong>\u00ab\u2009On d\u00e9couvre la situation\u2009\u00bb,<\/strong> assure par ailleurs Claire Nison, alors que les risques d\u2019effondrement d\u2019immeubles s\u2019encha\u00eenent \u00e0 Toulouse, <a href=\"https:\/\/actu.fr\/occitanie\/toulouse_31555\/toulouse-un-immeuble-fragilise-en-centre-ville-une-rue-coupee-et-en-partie-evacuee_62489166.html\" rel=\"nofollow noopener\" target=\"_blank\">quatre jours apr\u00e8s une alerte similaire rue des Filatiers.<\/a> \u00ab\u2009C\u2019est un immeuble sur lequel nous n\u2019avions <strong>pas eu de signes avant-coureurs<\/strong>. Les propri\u00e9taires ne nous avaient pas avis\u00e9s d\u2019\u00e9ventuels probl\u00e8mes\u2009\u00bb.<\/p>\n<p class=\" wall-content\">L\u2019\u00e9lue, qui revendique \u00ab\u2009faire beaucoup de sensibilisation\u2009\u00bb, rappelle que \u00ab\u2009la mairie n\u2019a pas le pouvoir d\u2019entrer chez les gens\u2009\u00bb et appelle les Toulousains \u00e0 <strong>\u00ab\u2009s\u2019inqui\u00e9ter\u2009\u00bb de toute fissure.<\/strong><\/p>\n<blockquote class=\"ac-article-quote wall-content\">\n<p>Il faut que\u00a0les gens s&rsquo;inqui\u00e8tent s&rsquo;il y a la moindre fissure. Mieux vaut trop de signalements que pas assez.<\/p>\n<p>    <strong>Claire Nison<\/strong>\n            <\/p><\/blockquote>\n<p>      <img   decoding=\"async\" loading=\"lazy\" src=\"https:\/\/www.europesays.com\/fr\/wp-content\/uploads\/2025\/04\/pompiers-immeuble-effondrement-rue-castelbou-toulouse-gljpg-960x640.jpg\" alt=\"Une vingtaine de pompiers a \u00e9t\u00e9 mobilis\u00e9e sur place toute la journ\u00e9e\" width=\"960\" height=\"640\"\/><br \/>\n    Une vingtaine de pompiers a \u00e9t\u00e9 mobilis\u00e9e sur place toute la journ\u00e9e (\u00a9G.L. \/ Actu Toulouse)Les pompiers alert\u00e9s vers 11h30 de l\u2019effondrement d\u2019un mur en briques<\/p>\n<p class=\" wall-content\">Les pompiers ont \u00e9t\u00e9 alert\u00e9s vers <strong>11h30<\/strong> ce dimanche de \u00ab\u2009l\u2019effondrement d\u2019un mur porteur en brique\u2009\u00bb au rez-de-chauss\u00e9e d\u2019un immeuble \u00e0 usage d\u2019habitation, comportant <strong>deux \u00e9tages, avec un sous-sol.<\/strong><\/p>\n<p class=\" wall-content\">Le SDIS de la Haute-Garonne a notamment envoy\u00e9 sur place les hommes de l\u2019USAR, sp\u00e9cialis\u00e9s dans le <strong>sauvetage-d\u00e9blaiement<\/strong>. Au total, une <strong>vingtaine de sapeurs-pompiers<\/strong> est intervenue \u00e0 bord de cinq engins au niveau de la rue Castelbou, compl\u00e8tement boucl\u00e9e ce dimanche.<\/p>\n<p>    <a href=\"https:\/\/www.google.com\/maps\/embed?pb=!1m14!1m8!1m3!1d1690.284172290113!2d1.438350135442521!3d43.61030238819213!3m2!1i1024!2i768!4f13.1!3m3!1m2!1s0x12aebb5de57f5713%3A0x11c4037b567c2fc2!2s3%20Rue%20L%C3%A9once%20Castelbou%2C%2031000%20Toulouse!5e1!3m2!1sfr!2sfr!4v1744564832568!5m2!1sfr!2sfr\" title=\"Ouvrie le lien\" rel=\"nofollow noopener\" target=\"_blank\">Cliquez ici pour visualiser le contenu<\/a><\/p>\n<p class=\" wall-content\">Suivez toute l\u2019actualit\u00e9 de vos villes et m\u00e9dias favoris en vous inscrivant \u00e0 <a href=\"https:\/\/moncompte.actu.fr\" title=\"D\u00e9couvez Mon Actu\" rel=\"nofollow noopener\" data-trk=\"{&quot;cta&quot;:{&quot;action&quot;:&quot;https:\\\/\\\/moncompte.actu.fr&quot;,&quot;category&quot;:&quot;mon compte&quot;,&quot;from&quot;:&quot;article footer&quot;,&quot;name&quot;:&quot;Mon actu&quot;,&quot;type&quot;:&quot;cta&quot;}}\" target=\"_blank\">Mon Actu<\/a>.<\/p>\n<p>                    <script async src=\"\/\/www.tiktok.com\/embed.js\"><\/script><\/p>\n","protected":false},"excerpt":{"rendered":"Par Guillaume Laurens Publi\u00e9 le 13 avr. 2025 \u00e0 19h06 ; mis \u00e0 jour le 13 avr. 2025&hellip;\n","protected":false},"author":2,"featured_media":25552,"comment_status":"","ping_status":"","sticky":false,"template":"","format":"standard","meta":{"footnotes":""},"categories":[2],"tags":[11,1011,27,12,25,104,1352],"class_list":{"0":"post-25551","1":"post","2":"type-post","3":"status-publish","4":"format-standard","5":"has-post-thumbnail","7":"category-actualites","8":"tag-actualites","9":"tag-fr","10":"tag-france","11":"tag-news","12":"tag-republique-francaise","13":"tag-societe","14":"tag-urbanisme"},"share_on_mastodon":{"url":"https:\/\/pubeurope.com\/@fr\/114339226953150742","error":""},"_links":{"self":[{"href":"https:\/\/www.europesays.com\/fr\/wp-json\/wp\/v2\/posts\/25551","targetHints":{"allow":["GET"]}}],"collection":[{"href":"https:\/\/www.europesays.com\/fr\/wp-json\/wp\/v2\/posts"}],"about":[{"href":"https:\/\/www.europesays.com\/fr\/wp-json\/wp\/v2\/types\/post"}],"author":[{"embeddable":true,"href":"https:\/\/www.europesays.com\/fr\/wp-json\/wp\/v2\/users\/2"}],"replies":[{"embeddable":true,"href":"https:\/\/www.europesays.com\/fr\/wp-json\/wp\/v2\/comments?post=25551"}],"version-history":[{"count":0,"href":"https:\/\/www.europesays.com\/fr\/wp-json\/wp\/v2\/posts\/25551\/revisions"}],"wp:featuredmedia":[{"embeddable":true,"href":"https:\/\/www.europesays.com\/fr\/wp-json\/wp\/v2\/media\/25552"}],"wp:attachment":[{"href":"https:\/\/www.europesays.com\/fr\/wp-json\/wp\/v2\/media?parent=25551"}],"wp:term":[{"taxonomy":"category","embeddable":true,"href":"https:\/\/www.europesays.com\/fr\/wp-json\/wp\/v2\/categories?post=25551"},{"taxonomy":"post_tag","embeddable":true,"href":"https:\/\/www.europesays.com\/fr\/wp-json\/wp\/v2\/tags?post=25551"}],"curies":[{"name":"wp","href":"https:\/\/api.w.org\/{rel}","templated":true}]}}