{"id":255517,"date":"2025-07-18T04:29:11","date_gmt":"2025-07-18T04:29:11","guid":{"rendered":"https:\/\/www.europesays.com\/fr\/255517\/"},"modified":"2025-07-18T04:29:11","modified_gmt":"2025-07-18T04:29:11","slug":"on-sait-pourquoi-la-ville-a-du-changer-davocat","status":"publish","type":"post","link":"https:\/\/www.europesays.com\/fr\/255517\/","title":{"rendered":"on sait pourquoi la Ville a d\u00fb changer d&rsquo;avocat"},"content":{"rendered":"<p>Les \u00e9lus d\u2019opposition du conseil municipal voulaient des explications concernant le changement d\u2019avocat en charge de la d\u00e9fense des int\u00e9r\u00eats de la Ville dans l\u2019affaire de la pr\u00e9sum\u00e9e sextape et concernant un potentiel d\u00e9tournement de subventions. Ils les ont obtenues.<\/p>\n<p>Lors du conseil municipal du 30\u00a0juin, Isabelle Dumestre (Saint-\u00c9tienne demain) et Olivier Longeon (Le Temps de l\u2019\u00e9cologie) avaient souhait\u00e9 obtenir des pr\u00e9cisions \u00e0 ce sujet.<\/p>\n<p>Pr\u00e9cisions que le premier adjoint, Jean-Pierre Berger, avait \u00e9t\u00e9 dans l\u2019incapacit\u00e9 de fournir, laissant&#8230;<\/p>\n","protected":false},"excerpt":{"rendered":"Les \u00e9lus d\u2019opposition du conseil municipal voulaient des explications concernant le changement d\u2019avocat en charge de la d\u00e9fense&hellip;\n","protected":false},"author":2,"featured_media":255518,"comment_status":"","ping_status":"","sticky":false,"template":"","format":"standard","meta":{"footnotes":""},"categories":[9653],"tags":[1111,11,2430,1984,7539,1777,674,274,1011,27,12,316,25,4001,7538],"class_list":{"0":"post-255517","1":"post","2":"type-post","3":"status-publish","4":"format-standard","5":"has-post-thumbnail","7":"category-saint-etienne","8":"tag-actu","9":"tag-actualites","10":"tag-auvergne-rhone-alpes","11":"tag-conseil-municipal","12":"tag-edition-loire-sud","13":"tag-eu","14":"tag-europe","15":"tag-faits-divers-justice","16":"tag-fr","17":"tag-france","18":"tag-news","19":"tag-politique","20":"tag-republique-francaise","21":"tag-saint-etienne","22":"tag-saint-etienne-ville"},"share_on_mastodon":{"url":"https:\/\/pubeurope.com\/@fr\/114872356859724179","error":""},"_links":{"self":[{"href":"https:\/\/www.europesays.com\/fr\/wp-json\/wp\/v2\/posts\/255517","targetHints":{"allow":["GET"]}}],"collection":[{"href":"https:\/\/www.europesays.com\/fr\/wp-json\/wp\/v2\/posts"}],"about":[{"href":"https:\/\/www.europesays.com\/fr\/wp-json\/wp\/v2\/types\/post"}],"author":[{"embeddable":true,"href":"https:\/\/www.europesays.com\/fr\/wp-json\/wp\/v2\/users\/2"}],"replies":[{"embeddable":true,"href":"https:\/\/www.europesays.com\/fr\/wp-json\/wp\/v2\/comments?post=255517"}],"version-history":[{"count":0,"href":"https:\/\/www.europesays.com\/fr\/wp-json\/wp\/v2\/posts\/255517\/revisions"}],"wp:featuredmedia":[{"embeddable":true,"href":"https:\/\/www.europesays.com\/fr\/wp-json\/wp\/v2\/media\/255518"}],"wp:attachment":[{"href":"https:\/\/www.europesays.com\/fr\/wp-json\/wp\/v2\/media?parent=255517"}],"wp:term":[{"taxonomy":"category","embeddable":true,"href":"https:\/\/www.europesays.com\/fr\/wp-json\/wp\/v2\/categories?post=255517"},{"taxonomy":"post_tag","embeddable":true,"href":"https:\/\/www.europesays.com\/fr\/wp-json\/wp\/v2\/tags?post=255517"}],"curies":[{"name":"wp","href":"https:\/\/api.w.org\/{rel}","templated":true}]}}