{"id":255523,"date":"2025-07-18T04:34:18","date_gmt":"2025-07-18T04:34:18","guid":{"rendered":"https:\/\/www.europesays.com\/fr\/255523\/"},"modified":"2025-07-18T04:34:18","modified_gmt":"2025-07-18T04:34:18","slug":"decouvrez-la-composition-des-groupes","status":"publish","type":"post","link":"https:\/\/www.europesays.com\/fr\/255523\/","title":{"rendered":"d\u00e9couvrez la composition des groupes !"},"content":{"rendered":"<p class=\"insetTitle\">Les groupes <\/p>\n<p><strong>Groupe A\u00a0:<\/strong> AS Pagny, FC Bogny, FC Chaumont, FC Cormontreuil, CS Sedan Ardennes, CSO Amn\u00e9ville, ES Fagni\u00e8res, ES Villerupt Thil, FC Hetange Grande, FC Saint-Meziery, RC \u00c9pernay Champagne, SC Marnaval, US Thionville Lusitanos (2), USAG Uckange.<\/p>\n<p><strong>Groupe B\u00a0: <\/strong> APM Metz, Still Mutzig, FA Illkirch-Graffenstaden, FC Obermodern, FCE Schirrhein, FC Haguenau (2), FC Sarreguemines, SC Schiltigheim, SS Weyersheim, Hombourg-Haut, FCOSK 06, US Forbach, US Reipertswiller, US Sarre-Union.<\/p>\n<p><strong>Groupe C\u00a0:<\/strong> AS Illzach-Modenheim, ASNL (2), AS Sundhoffen, ASC Biesheim (2), ASL Koetzingue, COS Villers, ES Golbey, FC Lun\u00e9ville, GS Neuves-Maisons, JF Jarville, Mulhouse Foot R\u00e9unis, SR Colmar (2), SR Saint-Di\u00e9 Kellermann, US Raon.<\/p>\n","protected":false},"excerpt":{"rendered":"Les groupes Groupe A\u00a0: AS Pagny, FC Bogny, FC Chaumont, FC Cormontreuil, CS Sedan Ardennes, CSO Amn\u00e9ville, ES&hellip;\n","protected":false},"author":2,"featured_media":255524,"comment_status":"","ping_status":"","sticky":false,"template":"","format":"standard","meta":{"footnotes":""},"categories":[9635],"tags":[1111,11,3602,1707,1704,1706,1705,10174,1777,674,107,1701,63,1011,27,775,1702,1703,12,25,517,1700],"class_list":{"0":"post-255523","1":"post","2":"type-post","3":"status-publish","4":"format-standard","5":"has-post-thumbnail","7":"category-nancy","8":"tag-actu","9":"tag-actualites","10":"tag-edition-bar-le-duc","11":"tag-edition-luneville","12":"tag-edition-nancy-et-agglomeration","13":"tag-edition-pont-a-mousson","14":"tag-edition-toul","15":"tag-edition-verdun","16":"tag-eu","17":"tag-europe","18":"tag-fil-info","19":"tag-fil-info-sport","20":"tag-football","21":"tag-fr","22":"tag-france","23":"tag-grand-est","24":"tag-nancy","25":"tag-nancy-ville-54b","26":"tag-news","27":"tag-republique-francaise","28":"tag-sport","29":"tag-sport-lorrain"},"share_on_mastodon":{"url":"https:\/\/pubeurope.com\/@fr\/114872376520552162","error":""},"_links":{"self":[{"href":"https:\/\/www.europesays.com\/fr\/wp-json\/wp\/v2\/posts\/255523","targetHints":{"allow":["GET"]}}],"collection":[{"href":"https:\/\/www.europesays.com\/fr\/wp-json\/wp\/v2\/posts"}],"about":[{"href":"https:\/\/www.europesays.com\/fr\/wp-json\/wp\/v2\/types\/post"}],"author":[{"embeddable":true,"href":"https:\/\/www.europesays.com\/fr\/wp-json\/wp\/v2\/users\/2"}],"replies":[{"embeddable":true,"href":"https:\/\/www.europesays.com\/fr\/wp-json\/wp\/v2\/comments?post=255523"}],"version-history":[{"count":0,"href":"https:\/\/www.europesays.com\/fr\/wp-json\/wp\/v2\/posts\/255523\/revisions"}],"wp:featuredmedia":[{"embeddable":true,"href":"https:\/\/www.europesays.com\/fr\/wp-json\/wp\/v2\/media\/255524"}],"wp:attachment":[{"href":"https:\/\/www.europesays.com\/fr\/wp-json\/wp\/v2\/media?parent=255523"}],"wp:term":[{"taxonomy":"category","embeddable":true,"href":"https:\/\/www.europesays.com\/fr\/wp-json\/wp\/v2\/categories?post=255523"},{"taxonomy":"post_tag","embeddable":true,"href":"https:\/\/www.europesays.com\/fr\/wp-json\/wp\/v2\/tags?post=255523"}],"curies":[{"name":"wp","href":"https:\/\/api.w.org\/{rel}","templated":true}]}}