{"id":255527,"date":"2025-07-18T04:36:10","date_gmt":"2025-07-18T04:36:10","guid":{"rendered":"https:\/\/www.europesays.com\/fr\/255527\/"},"modified":"2025-07-18T04:36:10","modified_gmt":"2025-07-18T04:36:10","slug":"un-nouveau-marche-nocturne-lance-ce-vendredi-soir-sur-le-port-de-toulon","status":"publish","type":"post","link":"https:\/\/www.europesays.com\/fr\/255527\/","title":{"rendered":"Un nouveau march\u00e9 nocturne lanc\u00e9 ce vendredi soir sur le port de Toulon"},"content":{"rendered":"<p>C\u2019est une petite nouveaut\u00e9 de l\u2019\u00e9t\u00e9 qui d\u00e9marre ce vendredi 18 juillet \u00e0 Toulon. D\u00e8s 19h, la premi\u00e8re \u00e9dition des Escales toulonnaises s\u2019emparera des quais du port varois avec son march\u00e9 nocturne et ses animations.<\/p>\n<p>Similaire aux Nuits blanches du jeudi \u00e0 Hy\u00e8res, cette proposition \u00ab\u00a0\u00e9clectique et conviviale\u00a0\u00bb est impuls\u00e9e par la structure culturelle No\/ID, en collaboration avec la Ville. Elle sera reconduite les vendredis 25 juillet, 1er ao\u00fbt et 8 ao\u00fbt prochains.<\/p>\n<p>Au cours de ces \u00e9v\u00e8nements, les curieux pourront retrouver un march\u00e9 d\u2019artisans et de cr\u00e9ateurs, un espace vintage, des concerts, ainsi que tout un espace d\u00e9di\u00e9 au street art et \u00e0 la street culture, qui promettent \u00ab\u00a0de multiples d\u00e9couvertes artistiques et autant d\u2019\u00e9motions musicales\u00a0\u00bb.<\/p>\n<p>Graffeurs, danseurs, fanfares, concerts, DJ\u2026<\/p>\n<p>Du c\u00f4t\u00e9 des stands, divers bijoux, v\u00eatements, accessoires et objets de d\u00e9coration seront propos\u00e9s, de m\u00eame qu\u2019une s\u00e9lection de v\u00eatements r\u00e9tro, de meubles anciens et d\u2019objets collector pour l\u2019espace vintage.<\/p>\n<p>Dans le coin street culture, la pr\u00e9sence de graffeurs fera \u00e9cho \u00e0 l\u2019exposition \u00ab\u00a0Banksy, une (R)\u00e9volution\u00a0\u00bb (actuellement au mus\u00e9e d\u2019art de Toulon). Ils seront accompagn\u00e9s de danseurs et d\u2019artistes de rue qui tenteront d\u2019en mettre plein les yeux aux visiteurs.<\/p>\n<p>Enfin, les fanfares, troupes de percussions, concerts et DJ se succ\u00e9deront pour animer les quais et remplir d\u2019\u00e9nergie le port de Toulon, du d\u00e9but de soir\u00e9e jusqu\u2019\u00e0 minuit.<\/p>\n<p>\u00a0<\/p>\n","protected":false},"excerpt":{"rendered":"C\u2019est une petite nouveaut\u00e9 de l\u2019\u00e9t\u00e9 qui d\u00e9marre ce vendredi 18 juillet \u00e0 Toulon. D\u00e8s 19h, la premi\u00e8re&hellip;\n","protected":false},"author":2,"featured_media":255528,"comment_status":"","ping_status":"","sticky":false,"template":"","format":"standard","meta":{"footnotes":""},"categories":[9619],"tags":[1111,11,215,33,1777,674,1011,27,1393,12,882,25,2310,3366],"class_list":{"0":"post-255527","1":"post","2":"type-post","3":"status-publish","4":"format-standard","5":"has-post-thumbnail","7":"category-toulon","8":"tag-actu","9":"tag-actualites","10":"tag-commerce","11":"tag-economie","12":"tag-eu","13":"tag-europe","14":"tag-fr","15":"tag-france","16":"tag-loisirs","17":"tag-news","18":"tag-provence-alpes-cote-dazur","19":"tag-republique-francaise","20":"tag-toulon","21":"tag-vie-locale"},"share_on_mastodon":{"url":"https:\/\/pubeurope.com\/@fr\/114872384427217159","error":""},"_links":{"self":[{"href":"https:\/\/www.europesays.com\/fr\/wp-json\/wp\/v2\/posts\/255527","targetHints":{"allow":["GET"]}}],"collection":[{"href":"https:\/\/www.europesays.com\/fr\/wp-json\/wp\/v2\/posts"}],"about":[{"href":"https:\/\/www.europesays.com\/fr\/wp-json\/wp\/v2\/types\/post"}],"author":[{"embeddable":true,"href":"https:\/\/www.europesays.com\/fr\/wp-json\/wp\/v2\/users\/2"}],"replies":[{"embeddable":true,"href":"https:\/\/www.europesays.com\/fr\/wp-json\/wp\/v2\/comments?post=255527"}],"version-history":[{"count":0,"href":"https:\/\/www.europesays.com\/fr\/wp-json\/wp\/v2\/posts\/255527\/revisions"}],"wp:featuredmedia":[{"embeddable":true,"href":"https:\/\/www.europesays.com\/fr\/wp-json\/wp\/v2\/media\/255528"}],"wp:attachment":[{"href":"https:\/\/www.europesays.com\/fr\/wp-json\/wp\/v2\/media?parent=255527"}],"wp:term":[{"taxonomy":"category","embeddable":true,"href":"https:\/\/www.europesays.com\/fr\/wp-json\/wp\/v2\/categories?post=255527"},{"taxonomy":"post_tag","embeddable":true,"href":"https:\/\/www.europesays.com\/fr\/wp-json\/wp\/v2\/tags?post=255527"}],"curies":[{"name":"wp","href":"https:\/\/api.w.org\/{rel}","templated":true}]}}