{"id":255537,"date":"2025-07-18T04:43:09","date_gmt":"2025-07-18T04:43:09","guid":{"rendered":"https:\/\/www.europesays.com\/fr\/255537\/"},"modified":"2025-07-18T04:43:09","modified_gmt":"2025-07-18T04:43:09","slug":"que-faire-a-rennes-ce-week-end-du-19-juillet-au-20-juillet-2025","status":"publish","type":"post","link":"https:\/\/www.europesays.com\/fr\/255537\/","title":{"rendered":"Que faire \u00e0 Rennes ce week-end du 19 juillet au 20 juillet 2025 ?"},"content":{"rendered":"<p>\n        L\u2019exposition d\u00e9voile une douzaine d\u2019ann\u00e9es de cr\u00e9ation, abordant des th\u00e9matiques li\u00e9es \u00e0 la m\u00e9moire, l\u2019identit\u00e9 et l\u2019oubli. Tabouret, connue pour son approche subtile et po\u00e9tique des visages, exprime \u00e0 travers ses portraits des \u00e2mes fragiles, des corps \u00e9nigmatiques, et une sensualit\u00e9 palpable. L\u2019exposition \u00ab Les yeux dans les yeux. Portraits de la Collection Pinault \u00bb est \u00e0 d\u00e9couvrir au Couvent des Jacobins\n        <\/p>\n<p><a href=\"https:\/\/www.letelegramme.fr\/api\/gotourl\/bevt\/2720235\/\" target=\"_blank\" rel=\"noopener\"><br \/>\n        Exporama\u00a0: \u00ab\u00a0Les yeux dans les yeux\u00a0\u00bb<br \/>\n        <\/a><\/p>\n<p>\n        \u200bCette exposition met en lumi\u00e8re pr\u00e8s de 90 \u0153uvres issues de la prestigieuse Collection Pinault. S\u2019\u00e9tendant sur six volets, elle explore les diff\u00e9rentes facettes du portrait, des visages iconiques aux inconnus, en passant par des repr\u00e9sentations saisissantes de l\u2019humanit\u00e9. Parmi les artistes pr\u00e9sent\u00e9s : Jean-Michel Basquiat, Nan Goldin, Damien Hirst, Cindy Sherman, Andy Warhol et Claire Tabouret. Autre exposition \u00e0 d\u00e9couvrir : \u00ab Claire Tabouret. Entre la m\u00e9moire et l\u2019oubli \u00bb au Mus\u00e9e des Beaux-Arts.\n        <\/p>\n<p><a href=\"https:\/\/www.letelegramme.fr\/api\/gotourl\/bevt\/2824480\/\" target=\"_blank\" rel=\"noopener\"><br \/>\n        Exposition\u00a0: \u00ab\u00a0Portraits\u00a0\u00bb de Philippe Cogn\u00e9e<br \/>\n        <\/a><\/p>\n<p>\n        \u00c0 l\u2019occasion d\u2019Exporama 2025, la galerie Oniris pr\u00e9sente une exposition consacr\u00e9e \u00e0 Philippe Cogn\u00e9e : Portraits. \u00c0 travers une technique singuli\u00e8re d\u2019encaustique fondue, l\u2019artiste explore la disparition de l\u2019image, entre figuration et abstraction, m\u00e9moire et effacement. Une peinture intense, sensible, charnelle et troublante.\n        <\/p>\n<p><a href=\"https:\/\/www.letelegramme.fr\/api\/gotourl\/bevt\/2831294\/\" target=\"_blank\" rel=\"noopener\"><br \/>\n        Concert de Jo\u00e3o Selva<br \/>\n        <\/a><\/p>\n<p>\n        Avec sa pop tropicale au groove funky et aux m\u00e9lodies \u00e9l\u00e9gantes, Jo\u00e3o Selva est une figure du n\u00e9o-tropicalisme reconnue. Depuis ses d\u00e9buts en solo en 2016, et \u00e0 travers ses diff\u00e9rents albums, l\u2019artiste natif de Rio affiche ses ambitions et id\u00e9aux : relier avec fluidit\u00e9 les composantes musicales d\u2019un Atlantique Noir qui s\u2019\u00e9tendrait de la samba carioca au semba angolais, du funan\u00e1 capverdien au zouk carib\u00e9en.\n        <\/p>\n<p>L&rsquo;agenda des loisirs<\/p>\n<p class=\"moveInBrittany__text\" style=\"color:#fff\">\n            Festivals, expositions, visites, conf\u00e9rences, &#8230;\n          <\/p>\n<p>Sortir \u00e0 Rennes le dimanche 20 juillet<a href=\"https:\/\/www.letelegramme.fr\/api\/gotourl\/bevt\/2836985\/\" target=\"_blank\" rel=\"noopener\"><br \/>\n        Braderie de Villejean\u00a0: inscription des exposants<br \/>\n        <\/a><\/p>\n<p>\n        La braderie aura lieu le dimanche 7 septembre. inscriptions uniquement \u00e0 la maison de quartier. Aucune r\u00e9servation sans inscription et r\u00e8glement correspondant.&#13;<\/p>\n<p><a href=\"https:\/\/www.letelegramme.fr\/api\/gotourl\/bevt\/2854709\/\" target=\"_blank\" rel=\"noopener\"><br \/>\n        Projections du Parlement<br \/>\n        <\/a><\/p>\n<p>\n        Organis\u00e9 par Rennes M\u00e9tropole, en partenariat avec Destination Rennes. Spectacle monumental projet\u00e9 sur la fa\u00e7ade du Parlement pour en sublimer l\u2019architecture. Le projet artistique intitul\u00e9 \u00ab Regards \u00bb explore diff\u00e9rentes figures de l\u2019art du portrait.\n        <\/p>\n<p><a href=\"https:\/\/www.letelegramme.fr\/api\/gotourl\/bevt\/2854700\/\" target=\"_blank\" rel=\"noopener\"><br \/>\n        Sieste musicale<br \/>\n        <\/a><\/p>\n<p>\n        Transat en ville et Canal B proposent un moment de d\u00e9tente et de musique pour faire une pause dans la journ\u00e9e.\n        <\/p>\n<p><a href=\"https:\/\/www.letelegramme.fr\/api\/gotourl\/bevt\/2854689\/\" target=\"_blank\" rel=\"noopener\"><br \/>\n        Summer Club\u00a0Jazz<br \/>\n        <\/a><\/p>\n<p>\n        Jam musicale en plein air, sc\u00e8ne ouverte aux musiciens amateurs pratiquant le jazz. Les participants peuvent apporter leurs victuailles \u00e0 partager, un barbecue est mis \u00e0 disposition. Organis\u00e9 par : Association 3 Regards &#8211; L\u00e9o Lagrange\n        <\/p>\n<p><a href=\"https:\/\/www.letelegramme.fr\/api\/gotourl\/bevt\/2884960\/\" target=\"_blank\" rel=\"noopener\"><br \/>\n        Berry Plage\u00a0: animations sportives<br \/>\n        <\/a><\/p>\n<p>\n        Animations sportives et culturelles pour des soir\u00e9es familiales : Beach volley, Beach Soccer, basket, Sandball, tir \u00e0 l\u2019arc, kart \u00e0 p\u00e9dale, parcours aventure.\n        <\/p>\n<p><\/p>\n","protected":false},"excerpt":{"rendered":"L\u2019exposition d\u00e9voile une douzaine d\u2019ann\u00e9es de cr\u00e9ation, abordant des th\u00e9matiques li\u00e9es \u00e0 la m\u00e9moire, l\u2019identit\u00e9 et l\u2019oubli. Tabouret,&hellip;\n","protected":false},"author":2,"featured_media":6963,"comment_status":"","ping_status":"","sticky":false,"template":"","format":"standard","meta":{"footnotes":""},"categories":[2821],"tags":[1111,11,829,1777,674,1011,27,12,3907,584,25],"class_list":{"0":"post-255537","1":"post","2":"type-post","3":"status-publish","4":"format-standard","5":"has-post-thumbnail","7":"category-rennes","8":"tag-actu","9":"tag-actualites","10":"tag-bretagne","11":"tag-eu","12":"tag-europe","13":"tag-fr","14":"tag-france","15":"tag-news","16":"tag-que-faire","17":"tag-rennes","18":"tag-republique-francaise"},"share_on_mastodon":{"url":"https:\/\/pubeurope.com\/@fr\/114872411885291453","error":""},"_links":{"self":[{"href":"https:\/\/www.europesays.com\/fr\/wp-json\/wp\/v2\/posts\/255537","targetHints":{"allow":["GET"]}}],"collection":[{"href":"https:\/\/www.europesays.com\/fr\/wp-json\/wp\/v2\/posts"}],"about":[{"href":"https:\/\/www.europesays.com\/fr\/wp-json\/wp\/v2\/types\/post"}],"author":[{"embeddable":true,"href":"https:\/\/www.europesays.com\/fr\/wp-json\/wp\/v2\/users\/2"}],"replies":[{"embeddable":true,"href":"https:\/\/www.europesays.com\/fr\/wp-json\/wp\/v2\/comments?post=255537"}],"version-history":[{"count":0,"href":"https:\/\/www.europesays.com\/fr\/wp-json\/wp\/v2\/posts\/255537\/revisions"}],"wp:featuredmedia":[{"embeddable":true,"href":"https:\/\/www.europesays.com\/fr\/wp-json\/wp\/v2\/media\/6963"}],"wp:attachment":[{"href":"https:\/\/www.europesays.com\/fr\/wp-json\/wp\/v2\/media?parent=255537"}],"wp:term":[{"taxonomy":"category","embeddable":true,"href":"https:\/\/www.europesays.com\/fr\/wp-json\/wp\/v2\/categories?post=255537"},{"taxonomy":"post_tag","embeddable":true,"href":"https:\/\/www.europesays.com\/fr\/wp-json\/wp\/v2\/tags?post=255537"}],"curies":[{"name":"wp","href":"https:\/\/api.w.org\/{rel}","templated":true}]}}