{"id":255538,"date":"2025-07-18T04:45:34","date_gmt":"2025-07-18T04:45:34","guid":{"rendered":"https:\/\/www.europesays.com\/fr\/255538\/"},"modified":"2025-07-18T04:45:34","modified_gmt":"2025-07-18T04:45:34","slug":"un-corps-en-etat-de-decomposition-retrouve-dans-un-fosse-une-enquete-en-cours","status":"publish","type":"post","link":"https:\/\/www.europesays.com\/fr\/255538\/","title":{"rendered":"Un corps en \u00e9tat de d\u00e9composition retrouv\u00e9 dans un foss\u00e9, une enqu\u00eate en cours"},"content":{"rendered":"<p>Un corps sans vie a \u00e9t\u00e9 d\u00e9couvert dans la matin\u00e9e de ce jeudi 17\u00a0juillet dans un foss\u00e9 situ\u00e9 le long de la route de Domloup, \u00e0 Cesson-S\u00e9vign\u00e9, une commune localis\u00e9e \u00e0 l\u2019est de <a href=\"https:\/\/www.20minutes.fr\/rennes\/\" class=\"color-ultramarine c-link\" target=\"_blank\" rel=\"noopener\">Rennes<\/a>, dans le d\u00e9partement d\u2019<a href=\"https:\/\/www.20minutes.fr\/dossier\/ille_et_vilaine\" class=\"color-ultramarine c-link\" target=\"_blank\" rel=\"noopener\">Ille-et-Vilaine<\/a>.<\/p>\n<p>Selon les informations de la police, le cadavre se trouvait dans un \u00e9tat de d\u00e9composition avanc\u00e9e, rendant pour l\u2019heure son identification impossible. \u00c0 la suite de cette d\u00e9couverte, la police nationale s\u2019est rendue sur les lieux afin d\u2019effectuer les premi\u00e8res constatations. La d\u00e9couverte a eu lieu tout pr\u00e8s du centre commercial Carrefour de Cesson-S\u00e9vign\u00e9.<\/p>\n<\/p>\n<p>Le corps a \u00e9t\u00e9 pris en charge par les services comp\u00e9tents et transport\u00e9 \u00e0 l\u2019institut m\u00e9dico-l\u00e9gal o\u00f9 une autopsie doit \u00eatre r\u00e9alis\u00e9e afin de d\u00e9terminer les causes du d\u00e9c\u00e8s et tenter d\u2019\u00e9tablir l\u2019identit\u00e9 de la personne retrouv\u00e9e. Une enqu\u00eate a \u00e9t\u00e9 ouverte pour \u00e9claircir notamment les circonstances dans lesquelles cette personne a trouv\u00e9 la mort.<\/p>\n","protected":false},"excerpt":{"rendered":"Un corps sans vie a \u00e9t\u00e9 d\u00e9couvert dans la matin\u00e9e de ce jeudi 17\u00a0juillet dans un foss\u00e9 situ\u00e9&hellip;\n","protected":false},"author":2,"featured_media":255539,"comment_status":"","ping_status":"","sticky":false,"template":"","format":"standard","meta":{"footnotes":""},"categories":[2821],"tags":[1111,47,11,829,1777,674,118,7641,1011,27,848,12,584,25],"class_list":{"0":"post-255538","1":"post","2":"type-post","3":"status-publish","4":"format-standard","5":"has-post-thumbnail","7":"category-rennes","8":"tag-actu","9":"tag-actualite","10":"tag-actualites","11":"tag-bretagne","12":"tag-eu","13":"tag-europe","14":"tag-faits-divers","15":"tag-faits-divers-rennes","16":"tag-fr","17":"tag-france","18":"tag-ille-et-vilaine","19":"tag-news","20":"tag-rennes","21":"tag-republique-francaise"},"share_on_mastodon":{"url":"https:\/\/pubeurope.com\/@fr\/114872419803408092","error":""},"_links":{"self":[{"href":"https:\/\/www.europesays.com\/fr\/wp-json\/wp\/v2\/posts\/255538","targetHints":{"allow":["GET"]}}],"collection":[{"href":"https:\/\/www.europesays.com\/fr\/wp-json\/wp\/v2\/posts"}],"about":[{"href":"https:\/\/www.europesays.com\/fr\/wp-json\/wp\/v2\/types\/post"}],"author":[{"embeddable":true,"href":"https:\/\/www.europesays.com\/fr\/wp-json\/wp\/v2\/users\/2"}],"replies":[{"embeddable":true,"href":"https:\/\/www.europesays.com\/fr\/wp-json\/wp\/v2\/comments?post=255538"}],"version-history":[{"count":0,"href":"https:\/\/www.europesays.com\/fr\/wp-json\/wp\/v2\/posts\/255538\/revisions"}],"wp:featuredmedia":[{"embeddable":true,"href":"https:\/\/www.europesays.com\/fr\/wp-json\/wp\/v2\/media\/255539"}],"wp:attachment":[{"href":"https:\/\/www.europesays.com\/fr\/wp-json\/wp\/v2\/media?parent=255538"}],"wp:term":[{"taxonomy":"category","embeddable":true,"href":"https:\/\/www.europesays.com\/fr\/wp-json\/wp\/v2\/categories?post=255538"},{"taxonomy":"post_tag","embeddable":true,"href":"https:\/\/www.europesays.com\/fr\/wp-json\/wp\/v2\/tags?post=255538"}],"curies":[{"name":"wp","href":"https:\/\/api.w.org\/{rel}","templated":true}]}}