{"id":255544,"date":"2025-07-18T04:48:10","date_gmt":"2025-07-18T04:48:10","guid":{"rendered":"https:\/\/www.europesays.com\/fr\/255544\/"},"modified":"2025-07-18T04:48:10","modified_gmt":"2025-07-18T04:48:10","slug":"lautomobiliste-qui-a-fauche-des-jeunes-au-port-de-saint-laurent-du-var-condamne-a-quatre-ans-de-prison","status":"publish","type":"post","link":"https:\/\/www.europesays.com\/fr\/255544\/","title":{"rendered":"L&rsquo;automobiliste qui a fauch\u00e9 des jeunes au port de Saint-Laurent-du-Var condamn\u00e9 \u00e0 quatre ans de prison"},"content":{"rendered":"<p>La sc\u00e8ne fut d\u2019une rare violence, la sanction est ferme.<\/p>\n<p>Jug\u00e9 en comparution imm\u00e9diate au tribunal de grande instance de Grasse ce jeudi, l\u2019homme qui a fonc\u00e9 sur un groupe de jeunes au port de Saint-Laurent-du-Var dimanche a \u00e9cop\u00e9 d\u2019une peine de quatre ans de prison ferme et a \u00e9t\u00e9 plac\u00e9 sous \u00e9crou dans la foul\u00e9e. Originaire des Hauts-de-France et \u00e2g\u00e9 de 27 ans, il s\u2019\u00e9tait install\u00e9 \u00e0 Nice depuis le printemps pour travailler comme paysagiste.<\/p>\n<p>Les faits s\u2019\u00e9taient d\u00e9roul\u00e9s vers 6 heures. Au volant d\u2019une Renault Twingo blanche ne lui appartenant pas, l\u2019homme a fonc\u00e9 sur un groupe de jeunes pi\u00e9tons au niveau des barri\u00e8res du parking, sur le quai de la P\u00e9rouse. Avant de s\u2019\u00e9chapper en trombe, de faire demi-tour et de repasser \u00e0 grande vitesse au milieu de l\u2019attroupement\u2026 pour ressortir du port \u00e0 contresens en percutant au passage la barri\u00e8re.<\/p>\n<p>\u00ab\u00a0Il a pass\u00e9 la soir\u00e9e dans une bo\u00eete de nuit du port de Saint-Laurent o\u00f9 il dit s\u2019\u00eatre senti menac\u00e9 par des jeunes. En sortant, une personne l\u2019aurait mal regard\u00e9. Celle-ci faisait partie du groupe qu\u2019il a percut\u00e9, il ne sait pas expliquer son geste si ce n\u2019est par la peur\u00a0\u00bb, d\u00e9taille Me Isabelle Gortina, son avocate commise d\u2019office. Le d\u00e9crivant comme \u00ab\u00a0accabl\u00e9 par son geste\u00a0\u00bb, celle-ci trouve \u00ab\u00a0la peine lourde au regard de ses explications\u00a0\u00bb.<\/p>\n<p>La vid\u00e9o surveillance a parl\u00e9<\/p>\n<p>Rapidement sur place dimanche, la police nationale a enclench\u00e9 une enqu\u00eate minutieuse pour retrouver le chauffard. \u00a0\u00bb Gr\u00e2ce \u00e0 l\u2019exploitation de la vid\u00e9osurveillance en partenariat avec la police municipale, nous avons relev\u00e9 une plaque d\u2019immatriculation qui nous a men\u00e9s \u00e0 l\u2019identit\u00e9 du conducteur\u00a0\u00bb, d\u00e9taille le commissaire Sebastien Laroze, chef du secteur Cagnes-Saint-Laurent de la police nationale. Domicili\u00e9 \u00e0 Nice, l\u2019homme, qui n\u2019\u00e9tait pas au volant, a \u00e9t\u00e9 convoqu\u00e9 au commissariat mardi. \u00ab\u00a0Le chauffeur s\u2019est pr\u00e9sent\u00e9 spontan\u00e9ment avec lui, reconnaissant les faits\u00a0\u00bb, pr\u00e9cise son avocate. Il a \u00e9t\u00e9 plac\u00e9 en garde \u00e0 vue jusqu\u2019\u00e0 sa comparution imm\u00e9diate.<\/p>\n<p>Jeudi, outre les quatre ans de prison ferme, il a \u00e9cop\u00e9 de la confiscation du v\u00e9hicule ainsi que de cinq ans d\u2019interdiction de s\u00e9jour en r\u00e9gion Paca.<\/p>\n<p>Heureusement, seul un des jeunes renvers\u00e9s lors de cet \u00e9v\u00e9nement, particuli\u00e8rement brutal selon des t\u00e9moins et de source polici\u00e8re, a \u00e9t\u00e9 bless\u00e9 sans gravit\u00e9.<\/p>\n","protected":false},"excerpt":{"rendered":"La sc\u00e8ne fut d\u2019une rare violence, la sanction est ferme. Jug\u00e9 en comparution imm\u00e9diate au tribunal de grande&hellip;\n","protected":false},"author":2,"featured_media":255545,"comment_status":"","ping_status":"","sticky":false,"template":"","format":"standard","meta":{"footnotes":""},"categories":[2819],"tags":[1111,11,1777,674,1011,27,303,12,2401,882,25],"class_list":{"0":"post-255544","1":"post","2":"type-post","3":"status-publish","4":"format-standard","5":"has-post-thumbnail","7":"category-nice","8":"tag-actu","9":"tag-actualites","10":"tag-eu","11":"tag-europe","12":"tag-fr","13":"tag-france","14":"tag-justice","15":"tag-news","16":"tag-nice","17":"tag-provence-alpes-cote-dazur","18":"tag-republique-francaise"},"share_on_mastodon":{"url":"https:\/\/pubeurope.com\/@fr\/114872431691678445","error":""},"_links":{"self":[{"href":"https:\/\/www.europesays.com\/fr\/wp-json\/wp\/v2\/posts\/255544","targetHints":{"allow":["GET"]}}],"collection":[{"href":"https:\/\/www.europesays.com\/fr\/wp-json\/wp\/v2\/posts"}],"about":[{"href":"https:\/\/www.europesays.com\/fr\/wp-json\/wp\/v2\/types\/post"}],"author":[{"embeddable":true,"href":"https:\/\/www.europesays.com\/fr\/wp-json\/wp\/v2\/users\/2"}],"replies":[{"embeddable":true,"href":"https:\/\/www.europesays.com\/fr\/wp-json\/wp\/v2\/comments?post=255544"}],"version-history":[{"count":0,"href":"https:\/\/www.europesays.com\/fr\/wp-json\/wp\/v2\/posts\/255544\/revisions"}],"wp:featuredmedia":[{"embeddable":true,"href":"https:\/\/www.europesays.com\/fr\/wp-json\/wp\/v2\/media\/255545"}],"wp:attachment":[{"href":"https:\/\/www.europesays.com\/fr\/wp-json\/wp\/v2\/media?parent=255544"}],"wp:term":[{"taxonomy":"category","embeddable":true,"href":"https:\/\/www.europesays.com\/fr\/wp-json\/wp\/v2\/categories?post=255544"},{"taxonomy":"post_tag","embeddable":true,"href":"https:\/\/www.europesays.com\/fr\/wp-json\/wp\/v2\/tags?post=255544"}],"curies":[{"name":"wp","href":"https:\/\/api.w.org\/{rel}","templated":true}]}}