{"id":255552,"date":"2025-07-18T04:53:21","date_gmt":"2025-07-18T04:53:21","guid":{"rendered":"https:\/\/www.europesays.com\/fr\/255552\/"},"modified":"2025-07-18T04:53:21","modified_gmt":"2025-07-18T04:53:21","slug":"bordeaux-cannes-comment-suivre-le-match-en-direct-ce-samedi","status":"publish","type":"post","link":"https:\/\/www.europesays.com\/fr\/255552\/","title":{"rendered":"Bordeaux-Cannes : comment suivre le match en direct ce samedi ?"},"content":{"rendered":"<p><img decoding=\"async\" src=\"https:\/\/www.europesays.com\/fr\/wp-content\/uploads\/2025\/04\/671_d6702845ec1f8be477ddfb9a593bebc9.jpg\" alt=\"Bordeaux-Cannes : comment suivre le match en direct ce samedi ?\" class=\"img-responsive mt-3\"\/><\/p>\n<p class=\"text-center mb-3\" style=\"font-size: 14px\">\u00a9 Iconsport<\/p>\n<p style=\"text-align: justify;\">Cette rencontre amicale et de pr\u00e9paration se joue \u00e0 18h au Stade de la Pr\u00e9sidente de B\u00e9ziers. Le match n&rsquo;est pas diffus\u00e9 en vid\u00e9o.<\/p>\n<p><strong>Live texte sur WebGirondins<\/strong><\/p>\n<p style=\"text-align: justify;\">Nous vous proposons sur WebGirondins un live texte de la rencontre d\u00e8s 17h45 avec les compositions d\u2019\u00e9quipes, les actions du match, les remplacements, l&rsquo;\u00e9volution du score, etc.<\/p>\n<p style=\"text-align: justify;\">De plus, nous vous proposons apr\u00e8s la rencontre un compte rendu du match \u00e0 lire sur notre site.<\/p>\n<p style=\"text-align: justify;\">\u00a0<\/p>\n<p>\u00c0 lire aussi &gt;&gt; <strong><a href=\"https:\/\/www.webgirondins.com\/actualite-girondins-national-2-les-adversaires-des-girondins-de-bordeaux-dans-le-groupe-a-129762\" target=\"_blank\" rel=\"noopener\">les adversaires des Girondins de Bordeaux dans le groupe A<\/a><\/strong><\/p>\n<p style=\"text-align: justify;\">Notre podcast court :<\/p>\n<p>\u00a0<\/p>\n","protected":false},"excerpt":{"rendered":"\u00a9 Iconsport Cette rencontre amicale et de pr\u00e9paration se joue \u00e0 18h au Stade de la Pr\u00e9sidente de&hellip;\n","protected":false},"author":2,"featured_media":30140,"comment_status":"","ping_status":"","sticky":false,"template":"","format":"standard","meta":{"footnotes":""},"categories":[2817],"tags":[1111,11,37552,1997,7306,20,814,35290,23567,1777,674,2823,1011,27,1987,2868,3289,955,12,2219,29390,19924,25,3982,2858,8007],"class_list":{"0":"post-255552","1":"post","2":"type-post","3":"status-publish","4":"format-standard","5":"has-post-thumbnail","7":"category-bordeaux","8":"tag-actu","9":"tag-actualites","10":"tag-beziers","11":"tag-bordeaux","12":"tag-cannes","13":"tag-comment","14":"tag-direct","15":"tag-entament","16":"tag-estivale","17":"tag-eu","18":"tag-europe","19":"tag-face","20":"tag-fr","21":"tag-france","22":"tag-girondins","23":"tag-juillet","24":"tag-leur","25":"tag-match","26":"tag-news","27":"tag-nouvelle-aquitaine","28":"tag-preparation","29":"tag-presidente","30":"tag-republique-francaise","31":"tag-samedi","32":"tag-stade","33":"tag-suivre"},"share_on_mastodon":{"url":"https:\/\/pubeurope.com\/@fr\/114872451286599209","error":""},"_links":{"self":[{"href":"https:\/\/www.europesays.com\/fr\/wp-json\/wp\/v2\/posts\/255552","targetHints":{"allow":["GET"]}}],"collection":[{"href":"https:\/\/www.europesays.com\/fr\/wp-json\/wp\/v2\/posts"}],"about":[{"href":"https:\/\/www.europesays.com\/fr\/wp-json\/wp\/v2\/types\/post"}],"author":[{"embeddable":true,"href":"https:\/\/www.europesays.com\/fr\/wp-json\/wp\/v2\/users\/2"}],"replies":[{"embeddable":true,"href":"https:\/\/www.europesays.com\/fr\/wp-json\/wp\/v2\/comments?post=255552"}],"version-history":[{"count":0,"href":"https:\/\/www.europesays.com\/fr\/wp-json\/wp\/v2\/posts\/255552\/revisions"}],"wp:featuredmedia":[{"embeddable":true,"href":"https:\/\/www.europesays.com\/fr\/wp-json\/wp\/v2\/media\/30140"}],"wp:attachment":[{"href":"https:\/\/www.europesays.com\/fr\/wp-json\/wp\/v2\/media?parent=255552"}],"wp:term":[{"taxonomy":"category","embeddable":true,"href":"https:\/\/www.europesays.com\/fr\/wp-json\/wp\/v2\/categories?post=255552"},{"taxonomy":"post_tag","embeddable":true,"href":"https:\/\/www.europesays.com\/fr\/wp-json\/wp\/v2\/tags?post=255552"}],"curies":[{"name":"wp","href":"https:\/\/api.w.org\/{rel}","templated":true}]}}