{"id":255559,"date":"2025-07-18T04:57:09","date_gmt":"2025-07-18T04:57:09","guid":{"rendered":"https:\/\/www.europesays.com\/fr\/255559\/"},"modified":"2025-07-18T04:57:09","modified_gmt":"2025-07-18T04:57:09","slug":"le-match-amical-du-losc-face-a-come-sera-diffuse-en-clair-ce-vendredi","status":"publish","type":"post","link":"https:\/\/www.europesays.com\/fr\/255559\/","title":{"rendered":"Le match amical du LOSC face \u00e0 C\u00f4me sera diffus\u00e9 en clair ce vendredi\u00a0!"},"content":{"rendered":"<p>            Par<br \/>\n        <strong><br \/>\n            <a href=\"https:\/\/actu.fr\/auteur\/nicolas-demollien\" title=\"Consulter tous les articles de Nicolas Demollien\" target=\"_blank\" rel=\"noopener\">Nicolas Demollien<\/a><br \/>\n        <\/strong><\/p>\n<p>        Publi\u00e9 le<\/p>\n<p>            18 juil. 2025 \u00e0 6h14        <\/p>\n<p>C\u2019est assez rare pour \u00eatre soulign\u00e9 ! Ce vendredi 18 juillet 2025, un match du <a href=\"https:\/\/actu.fr\/tag\/losc-football\" target=\"_blank\" rel=\"noopener\">LOSC<\/a> sera <b>diffus\u00e9 en clair<\/b> \u00e0 la <a href=\"https:\/\/actu.fr\/tag\/television\" target=\"_blank\" rel=\"noopener\">t\u00e9l\u00e9vision<\/a>. La <b>rencontre amicale<\/b> des Lillois sur la <b>pelouse de C\u00f4me<\/b>, en Italie, sera en effet <b>retransmise gratuitement et en direct<\/b>.<\/p>\n<p>Sur quelle cha\u00eener regarder C\u00f4me \u2013 Lille ce vendredi ?<\/p>\n<p class=\" wall-content\">C\u2019est en effet les <b>cha\u00eenes BFM Grand Lille et BFM Grand Littoral<\/b> qui diffuseront le match. La prise d\u2019antenne se fera \u00e0 19h, le coup d\u2019envoi est pr\u00e9vu \u00e0 19h30. Les commentaires du match seront assur\u00e9s par Vincent Vieillard et Th\u00e9o Dorangeon.\u00a0<\/p>\n<p class=\" wall-content\">Notons \u00e9galement que la rencontre sera propos\u00e9e sur les cha\u00eenes Twitch et Youtube de RMC Sport.<\/p>\n<p class=\" wall-content\">\n<p class=\" wall-content\">Il s\u2019agit de la troisi\u00e8me rencontre pour le LOSC apr\u00e8s ses victoires face aux U23 de La Gantoise (2-0) puis l\u2019Amiens SC (5-0). Deux matchs qui s\u2019\u00e9taient jou\u00e9 \u00e0 huis clos.<\/p>\n<p class=\" wall-content\">Autant dire que l\u2019attente des supporters est donc importante, avec l\u2019envie notamment de d\u00e9couvrir les nouvelles recrues : l\u2019ailier Marius Broholm ou le gardien. Cela sera en revanche sans Olivier Giroud qui a eu le droit \u00e0 des vacances. Tout juste arriv\u00e9, l\u2019ailier Felix Correia ne devrait pas non plus \u00eatre de partie. Exit \u00e9galement Edon Zhegrova que le club compte vendre. On gardera enfin un \u0153il sur la pr\u00e9sence ou non du capitaine Benjamin Andr\u00e9 que l\u2019on annonce sur le d\u00e9part pour le Paris FC.<\/p>\n<p>Vid\u00e9os : en ce moment sur Actu<\/p>\n<p class=\" wall-content\">Apr\u00e8s ce match en Italie, les Dogues joueront d\u2019autres rencontres face \u00e0 West Ham et Dortmund. Esp\u00e9rons qu\u2019elles soient \u00e9galement propos\u00e9es en clair.<\/p>\n<p class=\" wall-content\">Plus d\u2019infos sur le site <a href=\"https:\/\/www.bfmtv.com\/grand-lille\/le-match-amical-como-1907-losc-diffuse-sur-bfm-grand-lille-et-bfm-grand-littoral_AN-202507170454.html\" target=\"_blank\" rel=\"noopener\">bfmtv.com<\/a>. Bon match !<\/p>\n<p class=\" wall-content\">Suivez toute l\u2019actualit\u00e9 de vos villes et m\u00e9dias favoris en vous inscrivant \u00e0 <a href=\"https:\/\/moncompte.actu.fr\" title=\"D\u00e9couvez Mon Actu\" rel=\"nofollow noopener\" data-trk=\"{&quot;cta&quot;:{&quot;action&quot;:&quot;https:\\\/\\\/moncompte.actu.fr&quot;,&quot;category&quot;:&quot;mon compte&quot;,&quot;from&quot;:&quot;article footer&quot;,&quot;name&quot;:&quot;Mon actu&quot;,&quot;type&quot;:&quot;cta&quot;}}\" target=\"_blank\">Mon Actu<\/a>.<\/p>\n<ul class=\"ac-article-tag wall-content\">\n<li><a href=\"https:\/\/actu.fr\/tag\/losc-football\" data-trk=\"{&quot;cta&quot;:{&quot;action&quot;:&quot;Losc football&quot;,&quot;category&quot;:&quot;tag&quot;,&quot;from&quot;:&quot;article footer&quot;,&quot;name&quot;:&quot;Losc football&quot;,&quot;type&quot;:&quot;cta&quot;}}\" target=\"_blank\" rel=\"noopener\">#Losc football<\/a><\/li>\n<li><a href=\"https:\/\/actu.fr\/tag\/television\" data-trk=\"{&quot;cta&quot;:{&quot;action&quot;:&quot;T\\u00e9l\\u00e9vision&quot;,&quot;category&quot;:&quot;tag&quot;,&quot;from&quot;:&quot;article footer&quot;,&quot;name&quot;:&quot;T\\u00e9l\\u00e9vision&quot;,&quot;type&quot;:&quot;cta&quot;}}\" target=\"_blank\" rel=\"noopener\">#T\u00e9l\u00e9vision<\/a><\/li>\n<\/ul>\n","protected":false},"excerpt":{"rendered":"Par Nicolas Demollien Publi\u00e9 le 18 juil. 2025 \u00e0 6h14 C\u2019est assez rare pour \u00eatre soulign\u00e9 ! Ce&hellip;\n","protected":false},"author":2,"featured_media":255560,"comment_status":"","ping_status":"","sticky":false,"template":"","format":"standard","meta":{"footnotes":""},"categories":[2815],"tags":[1111,11,1777,674,1011,27,811,1307,4158,12,25,104,252],"class_list":{"0":"post-255559","1":"post","2":"type-post","3":"status-publish","4":"format-standard","5":"has-post-thumbnail","7":"category-lille","8":"tag-actu","9":"tag-actualites","10":"tag-eu","11":"tag-europe","12":"tag-fr","13":"tag-france","14":"tag-hauts-de-france","15":"tag-lille","16":"tag-losc-football","17":"tag-news","18":"tag-republique-francaise","19":"tag-societe","20":"tag-television"},"share_on_mastodon":{"url":"https:\/\/pubeurope.com\/@fr\/114872467071853203","error":""},"_links":{"self":[{"href":"https:\/\/www.europesays.com\/fr\/wp-json\/wp\/v2\/posts\/255559","targetHints":{"allow":["GET"]}}],"collection":[{"href":"https:\/\/www.europesays.com\/fr\/wp-json\/wp\/v2\/posts"}],"about":[{"href":"https:\/\/www.europesays.com\/fr\/wp-json\/wp\/v2\/types\/post"}],"author":[{"embeddable":true,"href":"https:\/\/www.europesays.com\/fr\/wp-json\/wp\/v2\/users\/2"}],"replies":[{"embeddable":true,"href":"https:\/\/www.europesays.com\/fr\/wp-json\/wp\/v2\/comments?post=255559"}],"version-history":[{"count":0,"href":"https:\/\/www.europesays.com\/fr\/wp-json\/wp\/v2\/posts\/255559\/revisions"}],"wp:featuredmedia":[{"embeddable":true,"href":"https:\/\/www.europesays.com\/fr\/wp-json\/wp\/v2\/media\/255560"}],"wp:attachment":[{"href":"https:\/\/www.europesays.com\/fr\/wp-json\/wp\/v2\/media?parent=255559"}],"wp:term":[{"taxonomy":"category","embeddable":true,"href":"https:\/\/www.europesays.com\/fr\/wp-json\/wp\/v2\/categories?post=255559"},{"taxonomy":"post_tag","embeddable":true,"href":"https:\/\/www.europesays.com\/fr\/wp-json\/wp\/v2\/tags?post=255559"}],"curies":[{"name":"wp","href":"https:\/\/api.w.org\/{rel}","templated":true}]}}