{"id":255561,"date":"2025-07-18T04:58:08","date_gmt":"2025-07-18T04:58:08","guid":{"rendered":"https:\/\/www.europesays.com\/fr\/255561\/"},"modified":"2025-07-18T04:58:08","modified_gmt":"2025-07-18T04:58:08","slug":"la-prefecture-de-police-durcit-le-ton","status":"publish","type":"post","link":"https:\/\/www.europesays.com\/fr\/255561\/","title":{"rendered":"la pr\u00e9fecture de police durcit le ton"},"content":{"rendered":"<p>            Par<br \/>\n        <strong><br \/>\n            <a href=\"https:\/\/actu.fr\/auteur\/thomas-blanc\" title=\"Consulter tous les articles de Thomas Blanc\" rel=\"nofollow noopener\" target=\"_blank\">Thomas Blanc<\/a><br \/>\n        <\/strong><\/p>\n<p>        Publi\u00e9 le<\/p>\n<p>            18 juil. 2025 \u00e0 6h08        <\/p>\n<p>Elle a d\u00e9cid\u00e9 de sortir les muscles, contre<strong> la d\u00e9linquance et les trafics<\/strong> dans le centre-ville de <a href=\"https:\/\/actu.fr\/?s=Marseille\" rel=\"nofollow noopener\" target=\"_blank\">Marseille.<\/a><\/p>\n<p class=\" wall-content\">La <a href=\"https:\/\/actu.fr\/?s=pr%C3%A9fecture\" rel=\"nofollow noopener\" target=\"_blank\">pr\u00e9fecture<\/a> des <a href=\"https:\/\/actu.fr\/provence-alpes-cote-d-azur\/bouches-du-rhone_13\" rel=\"nofollow noopener\" target=\"_blank\">Bouches-du-Rh\u00f4ne<\/a> gonfle ses effectifs afin \u00ab\u2009d\u2019\u00eatre encore plus visible et dissuasive\u2009\u00bb fait-elle savoir par voie de communiqu\u00e9.<\/p>\n<p>Les points de deal du centre-ville \u00ab\u2009pilonn\u00e9s\u2009\u00bb<\/p>\n<p class=\" wall-content\">La pr\u00e9fecture annonce l\u2019arriv\u00e9e \u00ab\u2009d\u2019<strong>un renfort de 25 effectifs<\/strong> de la police nationale, affect\u00e9s notamment aux brigades de s\u00e9curisation de terrain du centre-ville\u2009\u00bb ainsi que la mise en poste \u00ab\u2009d\u2019une compagnie r\u00e9publicaine de s\u00e9curit\u00e9 dans le centre-ville\u2009\u00bb.<\/p>\n<p class=\" wall-content\">L\u2019objectif est clair, \u00ab\u2009<strong>pilonner les points de deals<\/strong> [\u2026], ass\u00e9cher le trafic, siphonner l\u2019argent des r\u00e9seaux et interpeller leur main-d\u2019\u0153uvre.\u2009\u00bb<\/p>\n<p class=\" wall-content\">Le nombre grandissant de forces de l\u2019ordre dans le centre-ville vise \u00e0 <strong>saturer l\u2019espace<\/strong>, \u00e0 des fins dissuasives notamment.<\/p>\n<p>Vid\u00e9os : en ce moment sur Actu<\/p>\n<p class=\" wall-content\">Dans les quartiers Belsunce (1er) et Porte d\u2019Aix (1er, 2e et 3e) <strong>40 nouvelles cam\u00e9ras<\/strong> ont \u00e9t\u00e9 d\u00e9ploy\u00e9es afin de r\u00e9pondre aux exigences du plan Marseille en Grand. \u00ab\u2009Ce r\u00e9seau de vid\u00e9os protection, essentiel pour interpeller et r\u00e9soudre les crimes et d\u00e9lits, continuera de se d\u00e9ployer, en lien \u00e9troit avec les services de la ville de Marseille, avec 310 cam\u00e9ras pr\u00e9vues.\u2009\u00bb<\/p>\n<p>400 interpellations en 2025<\/p>\n<p class=\" wall-content\">Depuis le d\u00e9but de l\u2019ann\u00e9e, la police a proc\u00e9d\u00e9 \u00e0 <strong>400 interpellations relatives au trafic<\/strong> dans le centre-ville de Marseille, une hausse de 14\u2009% par rapport \u00e0 m\u00eame p\u00e9riode en 2024 d\u2019apr\u00e8s les chiffres de la police.<\/p>\n<p class=\" wall-content\">Parmi eux, \u00ab\u2009une part importante est en situation irr\u00e9guli\u00e8re\u2009\u00bb toujours d\u2019apr\u00e8s la pr\u00e9fecture de police. Face \u00e0 cela \u00ab\u2009une strat\u00e9gie visant \u00e0 syst\u00e9matiser la r\u00e9ponse administrative face \u00e0 ces situations en compl\u00e9ment de la r\u00e9ponse judiciaire est d\u00e9ploy\u00e9e.\u2009\u00bb<\/p>\n<p>Des habitants concern\u00e9s<\/p>\n<p class=\" wall-content\">\u00ab\u2009Sur ce secteur, il convient de saluer le travail remarquable des collectifs d\u2019habitants et des associations, en lien avec les \u00e9lus\u2009\u00bb, se f\u00e9licite la direction de la police du d\u00e9partement.<\/p>\n<p class=\" wall-content\">La communication avec les forces de l\u2019ordre, notamment lors de rencontre les r\u00e9unissant avec les policiers locaux \u00ab\u2009permet de travailler au plus porche de la r\u00e9alit\u00e9 et traiter sans attendre les remont\u00e9es des riverains.\u2009\u00bb<\/p>\n<p class=\" wall-content\">Suivez toute l\u2019actualit\u00e9 de vos villes et m\u00e9dias favoris en vous inscrivant \u00e0 <a href=\"https:\/\/moncompte.actu.fr\" title=\"D\u00e9couvez Mon Actu\" rel=\"nofollow noopener\" data-trk=\"{&quot;cta&quot;:{&quot;action&quot;:&quot;https:\\\/\\\/moncompte.actu.fr&quot;,&quot;category&quot;:&quot;mon compte&quot;,&quot;from&quot;:&quot;article footer&quot;,&quot;name&quot;:&quot;Mon actu&quot;,&quot;type&quot;:&quot;cta&quot;}}\" target=\"_blank\">Mon Actu<\/a>.<\/p>\n","protected":false},"excerpt":{"rendered":"Par Thomas Blanc Publi\u00e9 le 18 juil. 2025 \u00e0 6h08 Elle a d\u00e9cid\u00e9 de sortir les muscles, contre&hellip;\n","protected":false},"author":2,"featured_media":255562,"comment_status":"","ping_status":"","sticky":false,"template":"","format":"standard","meta":{"footnotes":""},"categories":[2814],"tags":[1111,11,1777,674,1011,27,884,813,12,1072,882,25,104],"class_list":{"0":"post-255561","1":"post","2":"type-post","3":"status-publish","4":"format-standard","5":"has-post-thumbnail","7":"category-marseille","8":"tag-actu","9":"tag-actualites","10":"tag-eu","11":"tag-europe","12":"tag-fr","13":"tag-france","14":"tag-marseille","15":"tag-narcotrafiquants","16":"tag-news","17":"tag-police","18":"tag-provence-alpes-cote-dazur","19":"tag-republique-francaise","20":"tag-societe"},"share_on_mastodon":{"url":"https:\/\/pubeurope.com\/@fr\/114872470963905629","error":""},"_links":{"self":[{"href":"https:\/\/www.europesays.com\/fr\/wp-json\/wp\/v2\/posts\/255561","targetHints":{"allow":["GET"]}}],"collection":[{"href":"https:\/\/www.europesays.com\/fr\/wp-json\/wp\/v2\/posts"}],"about":[{"href":"https:\/\/www.europesays.com\/fr\/wp-json\/wp\/v2\/types\/post"}],"author":[{"embeddable":true,"href":"https:\/\/www.europesays.com\/fr\/wp-json\/wp\/v2\/users\/2"}],"replies":[{"embeddable":true,"href":"https:\/\/www.europesays.com\/fr\/wp-json\/wp\/v2\/comments?post=255561"}],"version-history":[{"count":0,"href":"https:\/\/www.europesays.com\/fr\/wp-json\/wp\/v2\/posts\/255561\/revisions"}],"wp:featuredmedia":[{"embeddable":true,"href":"https:\/\/www.europesays.com\/fr\/wp-json\/wp\/v2\/media\/255562"}],"wp:attachment":[{"href":"https:\/\/www.europesays.com\/fr\/wp-json\/wp\/v2\/media?parent=255561"}],"wp:term":[{"taxonomy":"category","embeddable":true,"href":"https:\/\/www.europesays.com\/fr\/wp-json\/wp\/v2\/categories?post=255561"},{"taxonomy":"post_tag","embeddable":true,"href":"https:\/\/www.europesays.com\/fr\/wp-json\/wp\/v2\/tags?post=255561"}],"curies":[{"name":"wp","href":"https:\/\/api.w.org\/{rel}","templated":true}]}}