{"id":255565,"date":"2025-07-18T05:00:12","date_gmt":"2025-07-18T05:00:12","guid":{"rendered":"https:\/\/www.europesays.com\/fr\/255565\/"},"modified":"2025-07-18T05:00:12","modified_gmt":"2025-07-18T05:00:12","slug":"derriere-les-difficultes-du-woodstower-les-festivals-prives-en-embuscade-a-lyon","status":"publish","type":"post","link":"https:\/\/www.europesays.com\/fr\/255565\/","title":{"rendered":"Derri\u00e8re les difficult\u00e9s du Woodstower, les festivals priv\u00e9s en embuscade \u00e0 Lyon"},"content":{"rendered":"<p class=\"wp-block-post-excerpt__excerpt\">Jusqu\u2019au 20 juillet, un Woodstower de la derni\u00e8re chance se tient \u00e0 Gerland. Une 26\u1d49 \u00e9dition cruciale pour cet \u00e9v\u00e8nement, associatif et ind\u00e9pendant, dont l\u2019avenir est menac\u00e9 \u00e0 Lyon. En cause, notamment, l\u2019arriv\u00e9e de grands groupes priv\u00e9s sur le march\u00e9 des festivals.\u00a0 <\/p>\n<p>Pierre Lemerle<\/p>\n<p>Publi\u00e9 le 18 juillet 2025\u00a0\u00a0\u00b7\u00a0\u00a0<\/p>\n<p>Imprim\u00e9 le 18 juillet 2025 \u00e0 07h00\u00a0\u00a0\u00b7\u00a0\u00a0<\/p>\n<p>\t\t\t\t\t5\u00a0minutes\n<\/p>\n<p>C\u2019est s\u00fbrement (vraiment) l\u2019\u00e9dition de la derni\u00e8re chance pour le Woodstower. Apr\u00e8s plusieurs ann\u00e9es de vache maigre et un d\u00e9ficit de <a href=\"https:\/\/www.rue89lyon.fr\/2025\/01\/14\/woodstower-tente-edition-derniere-chance-gerland\/\" target=\"_blank\" rel=\"noreferrer noopener\">600 000 euros en 2025<\/a>, le festival historique de la r\u00e9gion lyonnaise se retrouve en proc\u00e9dure de sauvegarde \u2014 l\u2019\u00e9quivalent d\u2019un redressement judiciaire pour les associations. Il joue ce week-end son va-tout et change (presque) tout pour relever le d\u00e9fi.\u00a0<\/p>\n<p>N\u00e9 \u00e0 la Tour-de-Salagny avant de se d\u00e9velopper au parc de Miribel Jonage durant des dizaines d\u2019ann\u00e9es, il prend ses quartiers \u00e0 Gerland en 2025 pour faire des \u00e9conomies. Programm\u00e9 habituellement fin ao\u00fbt, l\u2019\u00e9v\u00e9nement \u2013 qui accueille Bon entendeur, la Petite fum\u00e9e, Acid Arab, etc. \u2013 tente \u00e9galement de nouvelles dates : <a href=\"https:\/\/www.woodstower.com\/line-up\" target=\"_blank\" rel=\"noreferrer noopener\">le week-end de mi-juillet<\/a>.\u00a0<\/p>\n<p>\u201cUn pari\u201d pour reprendre son directeur g\u00e9n\u00e9ral, Maxime Noly, li\u00e9 aux difficult\u00e9s \u00e9conomiques et \u00e0 l\u2019arriv\u00e9e d\u2019\u00e9v\u00e9nements concurrents \u00e9manant de groupes priv\u00e9s. \u201cLe grand parc de Miribel Jonage a fait le choix de s\u2019ouvrir \u00e0 deux \u00e9v\u00e9nements port\u00e9s par des grands groupes priv\u00e9s, constate-t-il. Nous avons d\u00fb nous adapter\u201d.<\/p>\n<p>Lisez la suite pour 1\u20ac<\/p>\n<p>En profitant de notre offre d\u2019essai, r\u00e9siliable en ligne \u00e0 tout moment.<\/p>\n<p><strong>Pour acc\u00e9der \u00e0 cet article, il faut \u00eatre abonn\u00e9. Pourquoi\u00a0?<\/strong><\/p>\n<p>Les informations exclusives, les enqu\u00eates et certains reportages constituent l\u2019\u00e9dition abonn\u00e9s de Rue89Lyon. En tant que m\u00e9dia ind\u00e9pendant, nos ressources proviennent de nos lectrices et lecteurs abonn\u00e9s, aucun milliardaire ni groupe bancaire ne nous finance.<\/p>\n<p>Nous demandons \u00e0 nos lecteurs une faible contribution pour disposer \u00e0 Lyon d\u2019un m\u00e9dia vigie des pouvoirs locaux, capable d\u2019enqu\u00eater et de traiter les enjeux locaux en profondeur et dans la dur\u00e9e.<\/p>\n<p>Chaque abonnement compte. Toutes nos recettes sont investies dans un journalisme local ind\u00e9pendant, dont la force et la r\u00e9activit\u00e9 d\u00e9pend directement du nombre d\u2019abonn\u00e9s actifs.<\/p>\n<p class=\"has-text-align-right\"><strong><a href=\"https:\/\/www.rue89lyon.fr\/abonnement\/\" data-type=\"page\" data-id=\"0\" target=\"_blank\" rel=\"noopener\">Je m\u2019abonne\u00a0 <\/a><\/strong><\/p>\n<p>\t\t\t<a href=\"https:\/\/www.rue89lyon.fr\/\" class=\"custom-logo-link\" rel=\"home noopener\" target=\"_blank\"><img loading=\"lazy\" decoding=\"async\" width=\"290\" height=\"89\" src=\"https:\/\/www.europesays.com\/fr\/wp-content\/uploads\/2025\/04\/1745556146_356_logo.png\" class=\"custom-logo\" alt=\"Rue89Lyon Infos, enqu\u00eates \u00e0 Lyon et dans la r\u00e9gion\"  \/><\/a><\/p>\n<p>\n\t\t\t\tAbonnez-vous maintenant pour suivre l\u2019actualit\u00e9 locale.\t\t\t<\/p>\n<p class=\"font-bold font-serif-heading mb-2 text-4xl\">\n\t\t\t\t\t\tL\u2019investigation locale \u00e0 port\u00e9e de main.\n\t\t\t\t\t<\/p>\n<p>\n\t\t\t\t\t\tAbonnez-vous et profitez d\u2019un acc\u00e8s illimit\u00e9 \u00e0 Rue89 Lyon. Annulez quand vous voulez.\n\t\t\t\t\t<\/p>\n<p class=\"xl:text-sm\">\n\t\t\t\t\tD\u00e9j\u00e0 abonn\u00e9\u00a0?<br \/>\n\t\t\t\t\t<a class=\"border border-transparent text-center transition-colors duration-instant focus:border-info focus:rounded focus:shadow-focus cursor-pointer text-black hover:text-gray-700 active:bg-black-700 font-semibold inline-block\" href=\"https:\/\/www.rue89lyon.fr\/user\/login\/?redirect=\/2025\/07\/18\/difficultes-woodstower-groupes-prives-embuscade-festivals\/\" target=\"_blank\" rel=\"noopener\">Connectez-vous<\/a>\t\t\t\t<\/p>\n<p>\n\t\t\t\tChoisissez votre formule\u00a0:\n\t\t\t<\/p>\n<p>\t\t\t\tFermer<\/p>\n","protected":false},"excerpt":{"rendered":"Jusqu\u2019au 20 juillet, un Woodstower de la derni\u00e8re chance se tient \u00e0 Gerland. Une 26\u1d49 \u00e9dition cruciale pour&hellip;\n","protected":false},"author":2,"featured_media":255566,"comment_status":"","ping_status":"","sticky":false,"template":"","format":"standard","meta":{"footnotes":""},"categories":[1889],"tags":[1111,11,2430,39574,251,1777,674,1011,27,2428,12,25,37263],"class_list":{"0":"post-255565","1":"post","2":"type-post","3":"status-publish","4":"format-standard","5":"has-post-thumbnail","7":"category-lyon","8":"tag-actu","9":"tag-actualites","10":"tag-auvergne-rhone-alpes","11":"tag-cedric-van-styvendael","12":"tag-culture","13":"tag-eu","14":"tag-europe","15":"tag-fr","16":"tag-france","17":"tag-lyon","18":"tag-news","19":"tag-republique-francaise","20":"tag-woodstower"},"share_on_mastodon":{"url":"https:\/\/pubeurope.com\/@fr\/114872478858865499","error":""},"_links":{"self":[{"href":"https:\/\/www.europesays.com\/fr\/wp-json\/wp\/v2\/posts\/255565","targetHints":{"allow":["GET"]}}],"collection":[{"href":"https:\/\/www.europesays.com\/fr\/wp-json\/wp\/v2\/posts"}],"about":[{"href":"https:\/\/www.europesays.com\/fr\/wp-json\/wp\/v2\/types\/post"}],"author":[{"embeddable":true,"href":"https:\/\/www.europesays.com\/fr\/wp-json\/wp\/v2\/users\/2"}],"replies":[{"embeddable":true,"href":"https:\/\/www.europesays.com\/fr\/wp-json\/wp\/v2\/comments?post=255565"}],"version-history":[{"count":0,"href":"https:\/\/www.europesays.com\/fr\/wp-json\/wp\/v2\/posts\/255565\/revisions"}],"wp:featuredmedia":[{"embeddable":true,"href":"https:\/\/www.europesays.com\/fr\/wp-json\/wp\/v2\/media\/255566"}],"wp:attachment":[{"href":"https:\/\/www.europesays.com\/fr\/wp-json\/wp\/v2\/media?parent=255565"}],"wp:term":[{"taxonomy":"category","embeddable":true,"href":"https:\/\/www.europesays.com\/fr\/wp-json\/wp\/v2\/categories?post=255565"},{"taxonomy":"post_tag","embeddable":true,"href":"https:\/\/www.europesays.com\/fr\/wp-json\/wp\/v2\/tags?post=255565"}],"curies":[{"name":"wp","href":"https:\/\/api.w.org\/{rel}","templated":true}]}}