{"id":255567,"date":"2025-07-18T05:01:12","date_gmt":"2025-07-18T05:01:12","guid":{"rendered":"https:\/\/www.europesays.com\/fr\/255567\/"},"modified":"2025-07-18T05:01:12","modified_gmt":"2025-07-18T05:01:12","slug":"metropole-de-lyon-pourquoi-le-mobilier-urbain-transitoire-simpose-dans-lespace-public","status":"publish","type":"post","link":"https:\/\/www.europesays.com\/fr\/255567\/","title":{"rendered":"M\u00e9tropole de Lyon. Pourquoi le mobilier urbain transitoire s\u2019impose dans l\u2019espace public"},"content":{"rendered":"<p>Depuis 2018, la M\u00e9tropole de Lyon multiplie des exp\u00e9rimentations de mobilier urbain transitoire avant des projets d\u2019am\u00e9nagement d\u00e9finitifs. \u00ab\u00a0L\u2019id\u00e9e est d\u2019utiliser le temps d\u2019attente d\u2019un chantier pour tester des usages, ouvrir des espaces jusque-l\u00e0 ferm\u00e9s et r\u00e9pondre \u00e0 des besoins imm\u00e9diats\u00a0\u00bb, explique la directrice de projet urbanisme transitoire \u00e0 la M\u00e9tropole de Lyon.<\/p>\n<p>\u00c0 Villeurbanne, sur le site des Gratte-Ciel Nord, <a href=\"https:\/\/www.leprogres.fr\/politique\/2024\/10\/21\/avec-l-urbanisme-transitoire-des-friches-lyonnaises-regagnent-des-annees-de-vie\" target=\"_blank\" rel=\"noopener\">une friche a \u00e9t\u00e9 transform\u00e9e en guinguette et en espace de rencontre avant le lancement des travaux<\/a>. Un retard sur un des lots a m\u00eame permis d\u2019y installer temporairement une aire canine et un terrain de p\u00e9tanque, afin d\u2019\u00e9valuer l\u2019int\u00e9r\u00eat de ce type d\u2019am\u00e9nagement dans le quartier. \u00c0 la Croix-Rousse, des tunnels en b\u00e9ton pour enfants et des brumisateurs ont \u00e9t\u00e9 test\u00e9s pour mesurer leur appropriation par les habitants, tandis qu\u2019\u00e0 Fontaines-sur-Sa\u00f4ne, un cheminement pi\u00e9ton a \u00e9t\u00e9 exp\u00e9riment\u00e9 avant d\u2019\u00eatre p\u00e9rennis\u00e9.<\/p>\n<p>Du mobilier plus&#8230;                        <\/p>\n","protected":false},"excerpt":{"rendered":"Depuis 2018, la M\u00e9tropole de Lyon multiplie des exp\u00e9rimentations de mobilier urbain transitoire avant des projets d\u2019am\u00e9nagement d\u00e9finitifs.&hellip;\n","protected":false},"author":2,"featured_media":255568,"comment_status":"","ping_status":"","sticky":false,"template":"","format":"standard","meta":{"footnotes":""},"categories":[1889],"tags":[1111,11,2430,4749,33,3152,2757,3153,1777,674,7217,1011,27,3539,2428,12,316,25,2429,104,5070,6345],"class_list":{"0":"post-255567","1":"post","2":"type-post","3":"status-publish","4":"format-standard","5":"has-post-thumbnail","7":"category-lyon","8":"tag-actu","9":"tag-actualites","10":"tag-auvergne-rhone-alpes","11":"tag-btp-et-chantiers","12":"tag-economie","13":"tag-edition-est-lyonnais","14":"tag-edition-lyon-villeurbanne","15":"tag-edition-ouest-lyonnais","16":"tag-eu","17":"tag-europe","18":"tag-fontaines-sur-saone","19":"tag-fr","20":"tag-france","21":"tag-les-ecologistes","22":"tag-lyon","23":"tag-news","24":"tag-politique","25":"tag-republique-francaise","26":"tag-rhone","27":"tag-societe","28":"tag-vaulx-en-velin","29":"tag-villeurbanne"},"share_on_mastodon":{"url":"https:\/\/pubeurope.com\/@fr\/114872482677413001","error":""},"_links":{"self":[{"href":"https:\/\/www.europesays.com\/fr\/wp-json\/wp\/v2\/posts\/255567","targetHints":{"allow":["GET"]}}],"collection":[{"href":"https:\/\/www.europesays.com\/fr\/wp-json\/wp\/v2\/posts"}],"about":[{"href":"https:\/\/www.europesays.com\/fr\/wp-json\/wp\/v2\/types\/post"}],"author":[{"embeddable":true,"href":"https:\/\/www.europesays.com\/fr\/wp-json\/wp\/v2\/users\/2"}],"replies":[{"embeddable":true,"href":"https:\/\/www.europesays.com\/fr\/wp-json\/wp\/v2\/comments?post=255567"}],"version-history":[{"count":0,"href":"https:\/\/www.europesays.com\/fr\/wp-json\/wp\/v2\/posts\/255567\/revisions"}],"wp:featuredmedia":[{"embeddable":true,"href":"https:\/\/www.europesays.com\/fr\/wp-json\/wp\/v2\/media\/255568"}],"wp:attachment":[{"href":"https:\/\/www.europesays.com\/fr\/wp-json\/wp\/v2\/media?parent=255567"}],"wp:term":[{"taxonomy":"category","embeddable":true,"href":"https:\/\/www.europesays.com\/fr\/wp-json\/wp\/v2\/categories?post=255567"},{"taxonomy":"post_tag","embeddable":true,"href":"https:\/\/www.europesays.com\/fr\/wp-json\/wp\/v2\/tags?post=255567"}],"curies":[{"name":"wp","href":"https:\/\/api.w.org\/{rel}","templated":true}]}}