{"id":255575,"date":"2025-07-18T05:06:10","date_gmt":"2025-07-18T05:06:10","guid":{"rendered":"https:\/\/www.europesays.com\/fr\/255575\/"},"modified":"2025-07-18T05:06:10","modified_gmt":"2025-07-18T05:06:10","slug":"un-modele-a-generaliser-dans-toute-la-region-plebiscite-pour-la-nouvelle-piste-cyclable-entre-charenton-et-paris","status":"publish","type":"post","link":"https:\/\/www.europesays.com\/fr\/255575\/","title":{"rendered":"\u00ab\u00a0Un mod\u00e8le \u00e0 g\u00e9n\u00e9raliser dans toute la r\u00e9gion\u00a0\u00bb\u00a0: pl\u00e9biscite pour la nouvelle piste cyclable entre Charenton et Paris"},"content":{"rendered":"<p class=\"paragraph text_align_left lp-f-body-02\">Ce mardi 15 juillet, au lendemain de la <a href=\"https:\/\/www.leparisien.fr\/paris-75\/un-millier-de-drones-marianne-et-france-gall-dans-le-ciel-le-feu-dartifice-du-14-juillet-a-paris-en-images-15-07-2025-IERLQCSXPNDTFIDFCE6GOVPR64.php\" target=\"_self\" rel=\"noopener\">F\u00eate nationale<\/a>, les v\u00e9los d\u00e9filent d\u00e9j\u00e0 en nombre sur la piste cyclable flambant neuve, rue de Paris \u00e0 <a href=\"https:\/\/www.leparisien.fr\/val-de-marne-94\/charenton-le-pont-94220\/\" target=\"_self\" rel=\"noopener\">Charenton-le-Pont<\/a>. \u00ab Pour moi qui vais \u00e0 Paris \u00e0 deux roues chaque matin, ce nouveau trajet change mon quotidien \u00bb, se r\u00e9jouit Martin, casque viss\u00e9 sur la t\u00eate et lunettes de soleil en place.<\/p>\n<p class=\"paragraph text_align_left lp-f-body-02\">Ce nouvel am\u00e9nagement semble faire l\u2019unanimit\u00e9. Riverains, cyclistes occasionnels et associations d\u2019usagers saluent un projet \u00e0 la fois pratique et esth\u00e9tique. Mais derri\u00e8re les sourires, une question demeure : la s\u00e9curit\u00e9 et la qualit\u00e9 sont-elles vraiment au rendez-vous, sur toute la ligne ?<\/p>\n","protected":false},"excerpt":{"rendered":"Ce mardi 15 juillet, au lendemain de la F\u00eate nationale, les v\u00e9los d\u00e9filent d\u00e9j\u00e0 en nombre sur la&hellip;\n","protected":false},"author":2,"featured_media":255576,"comment_status":"","ping_status":"","sticky":false,"template":"","format":"standard","meta":{"footnotes":""},"categories":[1888],"tags":[11,1777,674,1011,27,1944,12,626,25,1125],"class_list":{"0":"post-255575","1":"post","2":"type-post","3":"status-publish","4":"format-standard","5":"has-post-thumbnail","7":"category-paris","8":"tag-actualites","9":"tag-eu","10":"tag-europe","11":"tag-fr","12":"tag-france","13":"tag-ma-ville","14":"tag-news","15":"tag-paris","16":"tag-republique-francaise","17":"tag-val-de-marne"},"share_on_mastodon":{"url":"https:\/\/pubeurope.com\/@fr\/114872502387479380","error":""},"_links":{"self":[{"href":"https:\/\/www.europesays.com\/fr\/wp-json\/wp\/v2\/posts\/255575","targetHints":{"allow":["GET"]}}],"collection":[{"href":"https:\/\/www.europesays.com\/fr\/wp-json\/wp\/v2\/posts"}],"about":[{"href":"https:\/\/www.europesays.com\/fr\/wp-json\/wp\/v2\/types\/post"}],"author":[{"embeddable":true,"href":"https:\/\/www.europesays.com\/fr\/wp-json\/wp\/v2\/users\/2"}],"replies":[{"embeddable":true,"href":"https:\/\/www.europesays.com\/fr\/wp-json\/wp\/v2\/comments?post=255575"}],"version-history":[{"count":0,"href":"https:\/\/www.europesays.com\/fr\/wp-json\/wp\/v2\/posts\/255575\/revisions"}],"wp:featuredmedia":[{"embeddable":true,"href":"https:\/\/www.europesays.com\/fr\/wp-json\/wp\/v2\/media\/255576"}],"wp:attachment":[{"href":"https:\/\/www.europesays.com\/fr\/wp-json\/wp\/v2\/media?parent=255575"}],"wp:term":[{"taxonomy":"category","embeddable":true,"href":"https:\/\/www.europesays.com\/fr\/wp-json\/wp\/v2\/categories?post=255575"},{"taxonomy":"post_tag","embeddable":true,"href":"https:\/\/www.europesays.com\/fr\/wp-json\/wp\/v2\/tags?post=255575"}],"curies":[{"name":"wp","href":"https:\/\/api.w.org\/{rel}","templated":true}]}}