{"id":255585,"date":"2025-07-18T05:12:11","date_gmt":"2025-07-18T05:12:11","guid":{"rendered":"https:\/\/www.europesays.com\/fr\/255585\/"},"modified":"2025-07-18T05:12:11","modified_gmt":"2025-07-18T05:12:11","slug":"les-francais-travaillent-ils-vraiment-100-heures-de-moins-par-an-que-les-allemands","status":"publish","type":"post","link":"https:\/\/www.europesays.com\/fr\/255585\/","title":{"rendered":"Les Fran\u00e7ais travaillent-ils vraiment 100 heures de moins par an que les Allemands ?"},"content":{"rendered":"<p><strong>D\u00c9CRYPTAGE &#8211;<\/strong> Les comparaisons entre le volume de travail en France et en Allemagne refont surface dans le d\u00e9bat public, alors que Fran\u00e7ois Bayrou veut faire davantage travailler les Fran\u00e7ais.<\/p>\n<p class=\"fig-paragraph\">Pas facile de faire accepter une mesure aussi impopulaire que la suppression de deux jours f\u00e9ri\u00e9s&#8230; Annonc\u00e9e par Fran\u00e7ois Bayrou dans le cadre du plan budg\u00e9taire 2026, cette proposition a rapidement suscit\u00e9 une importante contestation. Pour tenter de la d\u00e9samorcer, le gouvernement multiplie les arguments \u00e9conomiques, martelant notamment que les Fran\u00e7ais, travaillent, en moyenne, 100 heures de moins par an que nos voisins allemands. Cette affirmation a d\u2019abord \u00e9t\u00e9 avanc\u00e9e par Am\u00e9lie de Montchalin, ministre charg\u00e9e des Comptes publics, avant d\u2019\u00eatre reprise par le ministre de l\u2019\u00c9conomie et des Finances, \u00c9ric Lombard\u00a0: \u00abLa production fran\u00e7aise est insuffisante face \u00e0 nos concurrents.\u00bb \u00abSachez qu\u2019en moyenne, un Fran\u00e7ais travaille 100 heures de moins qu\u2019un Allemand\u00bb, a-t-il martel\u00e9 sur France 2 mardi soir. D\u2019apr\u00e8s lui, \u00abce n\u2019est pas que nos concitoyens sont moins efficaces ou moins engag\u00e9s. Il faut donc augmenter notre production\u00bb.<\/p>\n<p class=\"fig-paragraph\">Mais cette affirmation, largement reprise par les membres\u2026<\/p>\n<p class=\"fig-premium-paywall__infos\">\n        Cet article est r\u00e9serv\u00e9 aux abonn\u00e9s.        Il vous reste 83% \u00e0 d\u00e9couvrir.\n    <\/p>\n<p>                <img  data- alt=\"Le Figaro\" class=\"fig-img--complete fig-img\"\/><\/p>\n<p class=\"fig-premium-paywall__title\">Vous avez envie de lire la suite ?<\/p>\n<p class=\"fig-premium-paywall__subtitle\">D\u00e9bloquez tous les articles imm\u00e9diatement.<\/p>\n<p class=\"fig-premium-paywall__connect\">\n                D\u00e9j\u00e0 abonn\u00e9\u00a0?                <a class=\"fig-premium-paywall__connect-link\" href=\"https:\/\/connect.lefigaro.fr\/login?client=horizon_web&amp;type=main&amp;redirect_uri=https%3A%2F%2Fwww.lefigaro.fr%2Fconjoncture%2Fles-francais-travaillent-ils-vraiment-100-heures-de-moins-par-an-que-les-allemands-20250718\" data-js-gtm=\"{&quot;customCategorie&quot;: &quot;conversion&quot;, &quot;customAction&quot;: &quot;before_Landing_Connexion_paywall_auto&quot;, &quot;customLabel&quot;: &quot;bGVmaWdhcm8uZnJfXzFmMDYyZmQ2LWNiZmYtNjE0NC04YWYwLTA1YmFhMmU0YzdmYl9fQXJ0aWNsZQ==_Les Fran\u00e7ais travaillent-ils vraiment 100 heures de moins par an que les Allemands\u00a0?_55&quot;, &quot;customIDSPE&quot;: &quot;bGVmaWdhcm8uZnJfXzFmMDYyZmQ2LWNiZmYtNjE0NC04YWYwLTA1YmFhMmU0YzdmYl9fQXJ0aWNsZQ==&quot;, &quot;event&quot;: &quot;customEventSPE&quot;}\" target=\"_blank\" rel=\"noopener\"><br \/>\n                    Connectez-vous<br \/>\n                <\/a>\n            <\/p>\n","protected":false},"excerpt":{"rendered":"D\u00c9CRYPTAGE &#8211; Les comparaisons entre le volume de travail en France et en Allemagne refont surface dans le&hellip;\n","protected":false},"author":2,"featured_media":255586,"comment_status":"","ping_status":"","sticky":false,"template":"","format":"standard","meta":{"footnotes":""},"categories":[1587],"tags":[11,672,1804,1805,1803,1777,674,27,1801,12,1802,3847],"class_list":{"0":"post-255585","1":"post","2":"type-post","3":"status-publish","4":"format-standard","5":"has-post-thumbnail","7":"category-allemagne","8":"tag-actualites","9":"tag-allemagne","10":"tag-bundesrepublik-deutschland","11":"tag-de","12":"tag-deutschland","13":"tag-eu","14":"tag-europe","15":"tag-france","16":"tag-germany","17":"tag-news","18":"tag-republique-federale-dallemagne","19":"tag-travail"},"share_on_mastodon":{"url":"https:\/\/pubeurope.com\/@fr\/114872525992816565","error":""},"_links":{"self":[{"href":"https:\/\/www.europesays.com\/fr\/wp-json\/wp\/v2\/posts\/255585","targetHints":{"allow":["GET"]}}],"collection":[{"href":"https:\/\/www.europesays.com\/fr\/wp-json\/wp\/v2\/posts"}],"about":[{"href":"https:\/\/www.europesays.com\/fr\/wp-json\/wp\/v2\/types\/post"}],"author":[{"embeddable":true,"href":"https:\/\/www.europesays.com\/fr\/wp-json\/wp\/v2\/users\/2"}],"replies":[{"embeddable":true,"href":"https:\/\/www.europesays.com\/fr\/wp-json\/wp\/v2\/comments?post=255585"}],"version-history":[{"count":0,"href":"https:\/\/www.europesays.com\/fr\/wp-json\/wp\/v2\/posts\/255585\/revisions"}],"wp:featuredmedia":[{"embeddable":true,"href":"https:\/\/www.europesays.com\/fr\/wp-json\/wp\/v2\/media\/255586"}],"wp:attachment":[{"href":"https:\/\/www.europesays.com\/fr\/wp-json\/wp\/v2\/media?parent=255585"}],"wp:term":[{"taxonomy":"category","embeddable":true,"href":"https:\/\/www.europesays.com\/fr\/wp-json\/wp\/v2\/categories?post=255585"},{"taxonomy":"post_tag","embeddable":true,"href":"https:\/\/www.europesays.com\/fr\/wp-json\/wp\/v2\/tags?post=255585"}],"curies":[{"name":"wp","href":"https:\/\/api.w.org\/{rel}","templated":true}]}}