{"id":25559,"date":"2025-04-15T00:54:16","date_gmt":"2025-04-15T00:54:16","guid":{"rendered":"https:\/\/www.europesays.com\/fr\/25559\/"},"modified":"2025-04-15T00:54:16","modified_gmt":"2025-04-15T00:54:16","slug":"motogp-toujours-intouchable-marquez-remporte-la-course-sprint-aux-etats-unis-quartararo-6e","status":"publish","type":"post","link":"https:\/\/www.europesays.com\/fr\/25559\/","title":{"rendered":"MotoGP. Toujours intouchable, Marquez remporte la course sprint aux Etats-Unis, Quartararo 6e"},"content":{"rendered":"<p>Il est vraiment intouchable cette saison. Le leader au championnat du monde de MotoGP <a href=\"https:\/\/www.dna.fr\/p\/marc-marquez\" target=\"_blank\" rel=\"nofollow noopener\">Marc Marquez<\/a> a remport\u00e9 la course sprint du Grand Prix des Am\u00e9riques, devant son fr\u00e8re cadet Alex (Ducati-Gresini) et son co\u00e9quipier chez Ducati Francesco Bagnaia, samedi aux Etats-Unis. \u00ab C&rsquo;\u00e9tait une belle bagarre contre Pecco [Bagnaia] et Alex \u00bb, a r\u00e9agi l&rsquo;Espagnol pour sa troisi\u00e8me victoire dans un sprint en autant de rendez-vous cette saison.\u00a0<\/p>\n<p>Parti en pole, Marquez s&rsquo;est fait surprendre \u00e0 l&rsquo;extinction des feux par Francesco Bagnaia, <a href=\"https:\/\/www.dna.fr\/sport\/2025\/03\/29\/nouvelle-pole-position-pour-marc-marquez-aux-etats-unis-zarco-et-quartararo-partiront-de-loin%20\" target=\"_blank\" rel=\"nofollow noopener\">qui partait d&rsquo;une lointaine 6e place<\/a>. Le double champion du monde italien, pass\u00e9 en t\u00eate dans les premiers hectom\u00e8tres de la course, n&rsquo;aura pas tenu un tour avant que Marc Marquez &#8211; qui s&rsquo;est fait une sacr\u00e9e frayeur au passage &#8211; ne reprenne d\u00e9finitivement sa position, \u00e0 l&rsquo;issue d&rsquo;une courte bataille \u00e0 trois avec l&rsquo;autre Marquez de la grille, Alex.\u00a0<\/p>\n<p>Ce contenu est bloqu\u00e9 car vous n&rsquo;avez pas accept\u00e9 les cookies et autres traceurs.<\/p>\n<p>En cliquant sur \u00ab J\u2019accepte \u00bb, les cookies et autres traceurs seront d\u00e9pos\u00e9s et vous pourrez visualiser les contenus  (<a href=\"\" class=\"consentModule_policy\" target=\"_blank\" title=\"Consulter la politique de protection des donn\u00e9es du fournisseur\">plus d&rsquo;informations<\/a>).<\/p>\n<p>En cliquant sur \u00ab J\u2019accepte tous les cookies \u00bb, vous autorisez des d\u00e9p\u00f4ts de cookies et autres traceurs pour le stockage de vos donn\u00e9es sur nos sites et applications \u00e0 des fins de personnalisation et de ciblage publicitaire.<\/p>\n<p class=\"consentModule_secondaryText\">Vous gardez la possibilit\u00e9 de retirer votre consentement \u00e0 tout moment en consultant notre <a href=\"https:\/\/www.dna.fr\/protection-des-donnees\" target=\"_blank\" title=\"Consulter notre politique de protection des donn\u00e9es\" rel=\"nofollow noopener\">politique de protection des donn\u00e9es<\/a>. <br \/>&#13;<br \/>\n            <a href=\"https:\/\/www.dna.fr\/sport\/2025\/03\/29\/javascript:Didomi.notice.show()\" class=\"consentModule_cmp\" rel=\"nofollow noopener\" target=\"_blank\">G\u00e9rer mes choix<\/a>&#13;\n        <\/p>\n<p>&#13;<br \/>\n                        J&rsquo;accepte&#13;<br \/>\n            J&rsquo;accepte tous les cookies&#13;\n        <\/p>\n<p>\u00ab Les premiers tours \u00e9taient plut\u00f4t sympas \u00bb a savour\u00e9 Bagnaia, tout sourire \u00e0 l&rsquo;arriv\u00e9e. \u00ab J&rsquo;ai beaucoup appr\u00e9ci\u00e9 la bataille, nous essaierons de faire le m\u00eame d\u00e9part demain (dimanche pour le GP, NDLR) \u00bb.<\/p>\n<p>Belle remont\u00e9e de Quartararo<\/p>\n<p>A l&rsquo;arriv\u00e9e de cette course de dix tours seulement (contre 20 pour le GP dominical) &#8211; qui permet d&rsquo;engranger des points suppl\u00e9mentaires au championnat &#8211; la star catalane a devanc\u00e9 son fr\u00e8re Alex et Bagnaia, rel\u00e9gu\u00e9 \u00e0 pr\u00e8s de deux secondes du vainqueur. Au g\u00e9n\u00e9ral, Marquez compte d\u00e9sormais 86 points &#8211; soit le maximum possible gr\u00e2ce \u00e0 ses victoires sur les sprints et les GP des deux premi\u00e8res manches de l&rsquo;ann\u00e9e.\u00a0<\/p>\n<p>Chez les Fran\u00e7ais, <a href=\"https:\/\/www.dna.fr\/p\/fabio-quartararo\" target=\"_blank\" rel=\"nofollow noopener\">Fabio Quartararo<\/a> a lui r\u00e9alis\u00e9 une tr\u00e8s belle performance sur la piste am\u00e9ricaine. Parti de la 11e place, le Fran\u00e7ais a r\u00e9alis\u00e9 un excellent d\u00e9part, se retrouvant rapidement 4e, et a termin\u00e9 cette course de 10 tours \u00e0 la 6e place. Johann Zarco s&rsquo;est class\u00e9 16e. Ce r\u00e9sultat est un coup dur pour le Ni\u00e7ois qui, jusqu&rsquo;\u00e0 pr\u00e9sent, signait un solide d\u00e9but de saison au guidon d&rsquo;une Honda-LCR que l&rsquo;on n&rsquo;attendait pas aussi performante.<\/p>\n","protected":false},"excerpt":{"rendered":"Il est vraiment intouchable cette saison. Le leader au championnat du monde de MotoGP Marc Marquez a remport\u00e9&hellip;\n","protected":false},"author":2,"featured_media":25560,"comment_status":"","ping_status":"","sticky":false,"template":"","format":"standard","meta":{"footnotes":""},"categories":[1413],"tags":[1976,107,1011,27,1457,1456,517,1947,60],"class_list":{"0":"post-25559","1":"post","2":"type-post","3":"status-publish","4":"format-standard","5":"has-post-thumbnail","7":"category-moto","8":"tag-auto-moto","9":"tag-fil-info","10":"tag-fr","11":"tag-france","12":"tag-moto","13":"tag-motocycle","14":"tag-sport","15":"tag-sport-national","16":"tag-sports"},"share_on_mastodon":{"url":"https:\/\/pubeurope.com\/@fr\/114339254355770262","error":""},"_links":{"self":[{"href":"https:\/\/www.europesays.com\/fr\/wp-json\/wp\/v2\/posts\/25559","targetHints":{"allow":["GET"]}}],"collection":[{"href":"https:\/\/www.europesays.com\/fr\/wp-json\/wp\/v2\/posts"}],"about":[{"href":"https:\/\/www.europesays.com\/fr\/wp-json\/wp\/v2\/types\/post"}],"author":[{"embeddable":true,"href":"https:\/\/www.europesays.com\/fr\/wp-json\/wp\/v2\/users\/2"}],"replies":[{"embeddable":true,"href":"https:\/\/www.europesays.com\/fr\/wp-json\/wp\/v2\/comments?post=25559"}],"version-history":[{"count":0,"href":"https:\/\/www.europesays.com\/fr\/wp-json\/wp\/v2\/posts\/25559\/revisions"}],"wp:featuredmedia":[{"embeddable":true,"href":"https:\/\/www.europesays.com\/fr\/wp-json\/wp\/v2\/media\/25560"}],"wp:attachment":[{"href":"https:\/\/www.europesays.com\/fr\/wp-json\/wp\/v2\/media?parent=25559"}],"wp:term":[{"taxonomy":"category","embeddable":true,"href":"https:\/\/www.europesays.com\/fr\/wp-json\/wp\/v2\/categories?post=25559"},{"taxonomy":"post_tag","embeddable":true,"href":"https:\/\/www.europesays.com\/fr\/wp-json\/wp\/v2\/tags?post=25559"}],"curies":[{"name":"wp","href":"https:\/\/api.w.org\/{rel}","templated":true}]}}