{"id":255594,"date":"2025-07-18T05:18:14","date_gmt":"2025-07-18T05:18:14","guid":{"rendered":"https:\/\/www.europesays.com\/fr\/255594\/"},"modified":"2025-07-18T05:18:14","modified_gmt":"2025-07-18T05:18:14","slug":"quand-la-balle-prend-du-vent-ici-cest-sayonara-les-petites-phrases-chocs-du-jour-a-portrush","status":"publish","type":"post","link":"https:\/\/www.europesays.com\/fr\/255594\/","title":{"rendered":"\u00ab\u00a0Quand la balle prend du vent ici, c&rsquo;est say\u00f4nara\u00a0\u00bb Les petites phrases chocs du jour \u00e0 Portrush"},"content":{"rendered":"<p>\t\t\t\t\t\t<img width=\"770\" height=\"559\" src=\"https:\/\/www.europesays.com\/fr\/wp-content\/uploads\/2025\/07\/the-153rd-open-previews_largeimage_m363914-770x559.jpg\" class=\"img-responsive wp-post-image\" alt=\"\" decoding=\"async\" fetchpriority=\"high\"  \/>\t\t\t\t\t<\/p>\n<p>\t\t\t\t\t\t Partager cet article <\/p>\n<p class=\"screen-reader-text juiz_sps_maybe_hidden_text\">Partager la publication \u00ab\u00a0\u00ab\u00a0Quand la balle prend du vent ici, c\u2019est say\u00f4nara\u00a0\u00bb Les petites phrases chocs du jour \u00e0 Portrush\u00a0\u00bb<\/p>\n<p><strong>Les conf\u00e9rences de presse se sont encha\u00een\u00e9es ce mardi \u00e0 Portrush. On vous a s\u00e9lectionn\u00e9 quelques-unes des phrases les plus amusantes ou surprenantes du jour.<\/strong><\/p>\n<p>De notre envoy\u00e9 sp\u00e9cial \u00e0 Portrush, Stefan Colin<\/p>\n<blockquote>\n<p>Vous prenez la mesure du vent, s\u2019il est de gauche \u00e0 droite, s\u2019il pousse fort, puis vous choisissez votre trajectoire\u2026 Mais vous devez aussi anticiper une zone de jeu o\u00f9 la balle ne risque pas de finir dans un endroit d\u00e9lirant. Parce qu\u2019une fois la balle en l\u2019air et que le vent a chang\u00e9, c\u2019est say\u00f4nara. Vous ne pouvez plus rien faire.<\/p>\n<p><strong>Bryson DeChambeau<\/strong> qui tente de d\u00e9crire \u00e0 quel point les caprices du vent sur les parcours links peuvent le rendre fou\u00a0<\/p>\n<p>Ma femme Maya, elle les a mis sur une \u00e9tag\u00e8re tellement haute que je dois prendre une \u00e9chelle pour les atteindre et \u00e7a m\u2019\u00e9nerve.\u00a0<\/p>\n<p>La r\u00e9ponse du tenant du titre <strong>Xander Schauffele<\/strong> \u00e0 qui l\u2019on demandait o\u00f9 \u00e9taient expos\u00e9s ses troph\u00e9es dans sa maison et notamment la Claret Jug<\/p>\n<p>\u00a0<\/p>\n<p>La fa\u00e7on dont Seve (Ballesteros) jouait sur les links n\u2019\u00e9tait pas \u00ab\u00a0normale\u00a0\u00bb. Il tapait le driver aussi fort possible, un peu n\u2019importe o\u00f9, mais il trouvait toujours un moyen de s\u2019en sortir, avec son putting, avec son chipping. Ce n\u2019\u00e9tait pas du tout habituel, et \u00e7a montre \u00e0 quel point c\u2019\u00e9tait un immense champion.<\/p>\n<p>Sign\u00e9 <strong>Jon Rahm<\/strong> \u00e0 propos du dernier Espagnol \u00e0 s\u2019\u00eatre impos\u00e9 dans l\u2019Open britannique, en 1988, il y a 37 ans.<\/p>\n<p>\u00a0<\/p>\n<p>Gagner un tournoi de golf, c\u2019est satisfaisant du point de vue de l\u2019accomplissement, mais \u00e7a ne l\u2019est pas dans ce que vous ressentez au plus profond de votre c\u0153ur. Je suis un peu \u00ab\u00a0schizo\u00a0\u00bb. J\u2019aime vivre mes r\u00eaves, j\u2019aime travailler, j\u2019aime m\u2019entra\u00eener pour y parvenir mais en fin de compte, il arrive que je ne comprenne pas l\u2019int\u00e9r\u00eat de la chose.<\/p>\n<p><strong>Scottie Scheffler<\/strong> avait l\u2019\u00e2me philosophe face \u00e0 la presse, mais on est s\u00fbr que quand le tournoi d\u00e9butera, il ne se plongera pas dans cet ab\u00eeme de r\u00e9flexions.<\/p>\n<p>\u00a0<\/p>\n<p>D\u00e8s que j\u2019ai repos\u00e9 le pied sur le parcours, j\u2019\u00e9tais intarissable. J\u2019aurais pu raconter ma victoire pendant des heures.<\/p>\n<p><strong>Shane Lowry<\/strong> raconte comment il a v\u00e9cu son retour \u00e0 Portrush et l\u2019interview qu\u2019il a r\u00e9alis\u00e9e sur le parcours pour revenir sur son triomphe lors de l\u2019Open britannique 2019 ici \u00e0 Portrush.<\/p>\n<\/blockquote>\n<p>Oisin Keniry\/R&amp;A\/R&amp;A via Getty Images<\/p>\n","protected":false},"excerpt":{"rendered":"Partager cet article Partager la publication \u00ab\u00a0\u00ab\u00a0Quand la balle prend du vent ici, c\u2019est say\u00f4nara\u00a0\u00bb Les petites phrases&hellip;\n","protected":false},"author":2,"featured_media":255595,"comment_status":"","ping_status":"","sticky":false,"template":"","format":"standard","meta":{"footnotes":""},"categories":[1418],"tags":[1011,27,1472,60],"class_list":{"0":"post-255594","1":"post","2":"type-post","3":"status-publish","4":"format-standard","5":"has-post-thumbnail","7":"category-golf","8":"tag-fr","9":"tag-france","10":"tag-golf","11":"tag-sports"},"share_on_mastodon":{"url":"https:\/\/pubeurope.com\/@fr\/114872549611859115","error":""},"_links":{"self":[{"href":"https:\/\/www.europesays.com\/fr\/wp-json\/wp\/v2\/posts\/255594","targetHints":{"allow":["GET"]}}],"collection":[{"href":"https:\/\/www.europesays.com\/fr\/wp-json\/wp\/v2\/posts"}],"about":[{"href":"https:\/\/www.europesays.com\/fr\/wp-json\/wp\/v2\/types\/post"}],"author":[{"embeddable":true,"href":"https:\/\/www.europesays.com\/fr\/wp-json\/wp\/v2\/users\/2"}],"replies":[{"embeddable":true,"href":"https:\/\/www.europesays.com\/fr\/wp-json\/wp\/v2\/comments?post=255594"}],"version-history":[{"count":0,"href":"https:\/\/www.europesays.com\/fr\/wp-json\/wp\/v2\/posts\/255594\/revisions"}],"wp:featuredmedia":[{"embeddable":true,"href":"https:\/\/www.europesays.com\/fr\/wp-json\/wp\/v2\/media\/255595"}],"wp:attachment":[{"href":"https:\/\/www.europesays.com\/fr\/wp-json\/wp\/v2\/media?parent=255594"}],"wp:term":[{"taxonomy":"category","embeddable":true,"href":"https:\/\/www.europesays.com\/fr\/wp-json\/wp\/v2\/categories?post=255594"},{"taxonomy":"post_tag","embeddable":true,"href":"https:\/\/www.europesays.com\/fr\/wp-json\/wp\/v2\/tags?post=255594"}],"curies":[{"name":"wp","href":"https:\/\/api.w.org\/{rel}","templated":true}]}}