{"id":255598,"date":"2025-07-18T05:21:10","date_gmt":"2025-07-18T05:21:10","guid":{"rendered":"https:\/\/www.europesays.com\/fr\/255598\/"},"modified":"2025-07-18T05:21:10","modified_gmt":"2025-07-18T05:21:10","slug":"la-belle-performance-darthur-cazaux-a-gstaad","status":"publish","type":"post","link":"https:\/\/www.europesays.com\/fr\/255598\/","title":{"rendered":"la belle performance d\u2019Arthur Cazaux \u00e0 Gstaad"},"content":{"rendered":"<p class=\"fig-paragraph\">Le Fran\u00e7ais Arthur Cazaux poursuit son joli parcours \u00e0 Gstaad. Au 2e tour, il a domin\u00e9 en trois manches (6-3, 4-6, 6-4) la t\u00eate de s\u00e9rie num\u00e9ro 4, l\u2019Argentin Tomas Etcheverry. En quart de finale, Cazaux aura un tr\u00e8s bon coup \u00e0 jouer face \u00e0 la wild-card suisse J\u00e9r\u00f4me Kym, modeste 154e mondial.<\/p>\n<p>R\u00e9sultats du 2e tour \u00e0 Gstaad\u00a0:<\/p>\n<p class=\"fig-paragraph\">Juan Manuel Cerundolo (ARG) bat David Goffin (BEL\/N.6) 5-7, 6-4, 6-1<br \/>J\u00e9r\u00f4me Kym (SUI) bat Francesco Passaro (ITA) 7-6 (7\/3), 7-6 (7\/3)<br \/>Arthur Cazaux (FRA) bat Tom\u00e1s Etcheverry (ARG\/N.4) 6-3, 4-6, 6-4<br \/>Francisco Comesa\u00f1a (ARG\/N.7) bat Roberto Carball\u00e9s (ESP) 6-1, 6-4<br \/>Alexander Bublik (KAZ\/N.2) bat Alexander Shevchenko (KAZ) 6-2, 6-3<\/p>\n","protected":false},"excerpt":{"rendered":"Le Fran\u00e7ais Arthur Cazaux poursuit son joli parcours \u00e0 Gstaad. Au 2e tour, il a domin\u00e9 en trois&hellip;\n","protected":false},"author":2,"featured_media":255599,"comment_status":"","ping_status":"","sticky":false,"template":"","format":"standard","meta":{"footnotes":""},"categories":[1415],"tags":[47,4169,525,1981,4178,4179,1011,27,1114,3996,4177,4176,4174,4175,1980,4171,60,1467,4172,4173,4170],"class_list":{"0":"post-255598","1":"post","2":"type-post","3":"status-publish","4":"format-standard","5":"has-post-thumbnail","7":"category-tennis","8":"tag-actualite","9":"tag-atp","10":"tag-calendrier","11":"tag-classement","12":"tag-coupe-davis","13":"tag-fed-cup","14":"tag-fr","15":"tag-france","16":"tag-infos","17":"tag-jeux-olympiques","18":"tag-masters-1000","19":"tag-masters-500","20":"tag-masters-series","21":"tag-open-daustralie","22":"tag-resultats","23":"tag-roland-garros","24":"tag-sports","25":"tag-tennis","26":"tag-us-open","27":"tag-wimbledon","28":"tag-wta"},"share_on_mastodon":{"url":"https:\/\/pubeurope.com\/@fr\/114872561340949404","error":""},"_links":{"self":[{"href":"https:\/\/www.europesays.com\/fr\/wp-json\/wp\/v2\/posts\/255598","targetHints":{"allow":["GET"]}}],"collection":[{"href":"https:\/\/www.europesays.com\/fr\/wp-json\/wp\/v2\/posts"}],"about":[{"href":"https:\/\/www.europesays.com\/fr\/wp-json\/wp\/v2\/types\/post"}],"author":[{"embeddable":true,"href":"https:\/\/www.europesays.com\/fr\/wp-json\/wp\/v2\/users\/2"}],"replies":[{"embeddable":true,"href":"https:\/\/www.europesays.com\/fr\/wp-json\/wp\/v2\/comments?post=255598"}],"version-history":[{"count":0,"href":"https:\/\/www.europesays.com\/fr\/wp-json\/wp\/v2\/posts\/255598\/revisions"}],"wp:featuredmedia":[{"embeddable":true,"href":"https:\/\/www.europesays.com\/fr\/wp-json\/wp\/v2\/media\/255599"}],"wp:attachment":[{"href":"https:\/\/www.europesays.com\/fr\/wp-json\/wp\/v2\/media?parent=255598"}],"wp:term":[{"taxonomy":"category","embeddable":true,"href":"https:\/\/www.europesays.com\/fr\/wp-json\/wp\/v2\/categories?post=255598"},{"taxonomy":"post_tag","embeddable":true,"href":"https:\/\/www.europesays.com\/fr\/wp-json\/wp\/v2\/tags?post=255598"}],"curies":[{"name":"wp","href":"https:\/\/api.w.org\/{rel}","templated":true}]}}