{"id":255608,"date":"2025-07-18T05:28:11","date_gmt":"2025-07-18T05:28:11","guid":{"rendered":"https:\/\/www.europesays.com\/fr\/255608\/"},"modified":"2025-07-18T05:28:11","modified_gmt":"2025-07-18T05:28:11","slug":"bourges-decape-jacques-coeur-la-tribune-de-lart","status":"publish","type":"post","link":"https:\/\/www.europesays.com\/fr\/255608\/","title":{"rendered":"Bourges d\u00e9cape Jacques C\u0153ur &#8211; La Tribune de l&rsquo;Art"},"content":{"rendered":"<p>On a appris par le maire de la ville de Bourges, Yann Galut lui-m\u00eame, tr\u00e8s fier, sur son compte Facebook (ill. 1), que \u00ab\u00a0La statue de Jacques C\u0153ur retrouve son lustre\u00a0\u00bb, que cette \u00ab\u00a0tr\u00e8s belle statue n\u00e9cessitait un nettoyage d\u00e9licat\u00a0\u00bb, et que c\u2019\u00e9tait d\u00e9sormais \u00ab\u00a0chose faite\u00a0\u00bb gr\u00e2ce \u00e0 ses agents. Il ajoutait que les \u00ab\u00a0proc\u00e9dures [d\u2019entretien du patrimoine] peuvent \u00eatre longues en raison du classement [\u2026] du  Centre-ville\u00a0\u00bb.<\/p>\n<dl class=\"spip_document_75515 spip_documents spip_documents_center\" itemprop=\"image\" itemscope=\"\" itemtype=\"http:\/\/schema.org\/ImageObject\">\n<dt>\n\t\t<a href=\"https:\/\/www.latribunedelart.com\/IMG\/jpg\/galut.jpg?75515\/7d092cf41057376580ba177d657e6cf840a9e1eb64bffa227671c946753c25ce\" title=\"\" type=\"image\/jpeg\" rel=\"nofollow noopener\" target=\"_blank\"><br \/>\n\t\t\t<img loading=\"lazy\" decoding=\"async\" src=\"https:\/\/www.europesays.com\/fr\/wp-content\/uploads\/2025\/07\/galut-f6de5.jpg\" width=\"486\" height=\"500\" alt=\"\" itemprop=\"contentUrl\"\/><br \/>\n\t\t<\/a>\n\t<\/dt>\n<dd class=\"crayon document-descriptif-75515 spip_doc_descriptif\" style=\"width:350px;\" itemprop=\"description\">1. Le maire de Bourges est tr\u00e8s fier de nettoyer une sculpture<br class=\"autobr\"\/><br \/>\nprot\u00e9g\u00e9e monument historique, et il le dit sur Facebook&#8230;\n<\/dd>\n<dd class=\"spip_doc_lien-galerie\">\n\t\t<a href=\"https:\/\/www.latribunedelart.com\/spip.php?page=docbig&amp;id_document=75515&amp;id_article=12754\" rel=\"nofollow noopener\" target=\"_blank\">Voir l\u00b4image dans sa page<\/a>\n\t<\/dd>\n<\/dl>\n<p>Nous aimerions savoir de quelles proc\u00e9dures parle le maire. Passons sur le qualificatif \u00ab\u00a0classement du Centre-ville\u00a0\u00bb qui ne correspond \u00e0 rien dans le code du patrimoine. Le centre-ville de Bourges b\u00e9n\u00e9ficie d\u2019un site patrimonial remarquable, il n\u2019est pas \u00ab\u00a0class\u00e9\u00a0\u00bb car on ne classe pas une ville, on classe des monuments ou des \u0153uvres d\u2019art. Et \u00e0 ce titre, la statue de Jacques C\u0153ur, due \u00e0 l\u2019un des plus grands sculpteurs romantiques fran\u00e7ais, Auguste Pr\u00e9ault, si elle n\u2019est pas class\u00e9e (on se demande pourquoi, nouvelle preuve de la sous-protection du patrimoine fran\u00e7ais), est au moins inscrite.<\/p>\n<dl class=\"spip_document_75518 spip_documents spip_documents_center\" itemprop=\"image\" itemscope=\"\" itemtype=\"http:\/\/schema.org\/ImageObject\">\n<dt>\n\t\t<a href=\"https:\/\/www.latribunedelart.com\/IMG\/jpg\/jacques_coeur-2.jpg?75518\/d7441d3f353e6a52402a98d1dd6a7881e9898fbbc924ada6426b94f395da3057\" title=\"\" type=\"image\/jpeg\" rel=\"nofollow noopener\" target=\"_blank\"><br \/>\n\t\t\t<img loading=\"lazy\" decoding=\"async\" src=\"https:\/\/www.europesays.com\/fr\/wp-content\/uploads\/2025\/07\/jacques_coeur-2-4eb90.jpg\" width=\"376\" height=\"500\" alt=\"\" itemprop=\"contentUrl\"\/><br \/>\n\t\t<\/a>\n\t<\/dt>\n<dd class=\"crayon document-descriptif-75518 spip_doc_descriptif\" style=\"width:350px;\" itemprop=\"description\">2. Nettoyage \u00ab\u00a0d\u00e9licat\u00a0\u00bb de la sculpture d\u2019Auguste Pr\u00e9ault,<br class=\"autobr\"\/><br \/>\n\u00e0 Bourges, \u00e0 coup d\u2019eau sous pression<br class=\"autobr\"\/><br \/>\nPhoto\u00a0: La Tribune de l\u2019Art\n<\/dd>\n<dd class=\"spip_doc_lien-galerie\">\n\t\t<a href=\"https:\/\/www.latribunedelart.com\/spip.php?page=docbig&amp;id_document=75518&amp;id_article=12754\" rel=\"nofollow noopener\" target=\"_blank\">Voir l\u00b4image dans sa page<\/a>\n\t<\/dd>\n<\/dl>\n<p>Et un maire d\u2019une ville d\u2019art et d\u2019histoire, bient\u00f4t capitale europ\u00e9enne de la Culture (nous y reviendrons), devrait savoir qu\u2019on ne fait pas de travaux sur un monument historique inscrit sans une \u00ab\u00a0autorisation pr\u00e9alable de l\u2019autorit\u00e9 administrative comp\u00e9tente de l\u2019\u00c9tat\u00a0\u00bb, et sans que ces travaux soient \u00ab\u00a0ex\u00e9cut\u00e9s sous le contr\u00f4le scientifique et technique des services de l\u2019\u00c9tat charg\u00e9s des monuments historiques\u00a0\u00bb.<br class=\"autobr\"\/><br \/>\nCompte tenu des photos qui ont circul\u00e9 sur les r\u00e9seaux sociaux et de celle que nous avons pu nous procurer (ill. 2), il \u00e9tait possible de s\u2019interroger sur le \u00ab\u00a0nettoyage d\u00e9licat\u00a0\u00bb dont a b\u00e9n\u00e9fici\u00e9, ou plut\u00f4t qu\u2019a subi, la sculpture. On y voit en effet qu\u2019elle a \u00e9t\u00e9 nettoy\u00e9e \u00e0 haute pression par des agents municipaux, sans connaissance des techniques de restauration.<\/p>\n<p>Interrog\u00e9 \u00e0 plusieurs reprises, par des mails et sur son site Facebook, le maire n\u2019a pas daign\u00e9 r\u00e9pondre \u00e0 nos questions. La Direction r\u00e9gionale des affaires culturelles, en revanche, l\u2019a fait. Elle a manifestement d\u00e9couvert ces travaux gr\u00e2ce \u00e0 nous, et nous a confirm\u00e9 qu\u2019aucune autorisation n\u2019avait \u00e9t\u00e9 demand\u00e9e et qu\u2019elle \u00ab\u00a0adressera prochainement un courrier \u00e0 la Ville de Bourges afin de lui rappeler la r\u00e9glementation en vigueur dans ce domaine et de souligner l\u2019importance de nous consulter imp\u00e9rativement pour toute intervention relative \u00e0 la restauration d\u2019une \u0153uvre inscrite monument historique\u00a0\u00bb.<br class=\"autobr\"\/><br \/>\nOn imagine que le maire est terroris\u00e9&#8230; Nous avons rappel\u00e9 la DRAC pour nous \u00e9tonner qu\u2019une \u00e9valuation des d\u00e9g\u00e2ts \u00e9ventuels ne soit pas r\u00e9alis\u00e9e, pour une intervention clairement ill\u00e9gale et qui a pu d\u00e9t\u00e9riorer l\u2019\u0153uvre. On nous a r\u00e9pondu que cela serait fait.<br class=\"autobr\"\/><br \/>\nOn sait bien, h\u00e9las, que m\u00eame si des d\u00e9g\u00e2ts ont \u00e9t\u00e9 provoqu\u00e9s par ce nettoyage brutal, il n\u2019y aura aucune cons\u00e9quence pour la municipalit\u00e9. Rappelons pourtant que le code p\u00e9nal pr\u00e9voit que \u00ab\u00a0la destruction, la d\u00e9gradation ou la d\u00e9t\u00e9rioration est punie de sept ans d\u2019emprisonnement et de 100\u00a0000 \u20ac d\u2019amende lorsqu\u2019elle porte sur un immeuble ou objet mobilier class\u00e9 ou inscrit en application des dispositions du code du patrimoine\u00a0\u00bb.<\/p>\n<p>M\u00eame si nul n\u2019est cens\u00e9 ignorer la loi, certains pr\u00e9texteront peut-\u00eatre que le maire de Bourges voulait bien faire, que ce n\u2019est pas si grave\u2026 Cela est, en r\u00e9alit\u00e9, d\u2019autant plus grave, que cette ville montre un m\u00e9pris constant pour son patrimoine.<br class=\"autobr\"\/><br \/>\nNous ne prendrons ici que quelques exemples et renverrons vers les articles publi\u00e9s ici m\u00eame et sur le site Sites &amp; Monuments\u00a0:<\/p>\n<dl class=\"spip_document_75519 spip_documents spip_documents_center\" itemprop=\"image\" itemscope=\"\" itemtype=\"http:\/\/schema.org\/ImageObject\">\n<dt>\n\t\t<a href=\"https:\/\/www.latribunedelart.com\/IMG\/jpg\/monastere_visitation.jpg?75519\/b8619738c6417c74b305f2d53993791699b125d9c891c8fb9772d1eda40dfee2\" title=\"\" type=\"image\/jpeg\" rel=\"nofollow noopener\" target=\"_blank\"><br \/>\n\t\t\t<img loading=\"lazy\" decoding=\"async\" src=\"https:\/\/www.europesays.com\/fr\/wp-content\/uploads\/2025\/07\/monastere_visitation-2ed8e.jpg\" width=\"500\" height=\"375\" alt=\"\" itemprop=\"contentUrl\"\/><br \/>\n\t\t<\/a>\n\t<\/dt>\n<dd class=\"crayon document-descriptif-75519 spip_doc_descriptif\" style=\"width:350px;\" itemprop=\"description\">3. Voil\u00e0 comment la capitale europ\u00e9enne de la Culture en 2028 traite<br class=\"autobr\"\/><br \/>\nson patrimoine en 2024 (ici, le monast\u00e8re du Bon Pasteur)<br class=\"autobr\"\/><br \/>\nPhoto\u00a0: Sites &amp; Monuments\n<\/dd>\n<dd class=\"spip_doc_lien-galerie\">\n\t\t<a href=\"https:\/\/www.latribunedelart.com\/spip.php?page=docbig&amp;id_document=75519&amp;id_article=12754\" rel=\"nofollow noopener\" target=\"_blank\">Voir l\u00b4image dans sa page<\/a>\n\t<\/dd>\n<\/dl>\n<p><b>\u2013<\/b>\u00a0destruction du Monast\u00e8re du Bon Pasteur, <a href=\"https:\/\/www.sitesetmonuments.org\/bourges-et-le-gachis-de-la-demolition-du-monastere-du-bon-pasteur\" class=\"spip_out\" rel=\"external nofollow noopener\" target=\"_blank\">lire cet article<\/a>\u00a0;<br \/>\n<br \/><b>\u2013<\/b>\u00a0destruction programm\u00e9e d\u2019un \u00eelot au sein du secteur sauvegard\u00e9 pour \u00ab\u00a0ouvrir l\u2019espace sur la cath\u00e9drale\u00a0\u00bb, ignorant que le charme d\u2019une cit\u00e9 d\u2019origine m\u00e9di\u00e9vale est justement la densit\u00e9 des constructions autour des cath\u00e9drales, permettant de la d\u00e9couvrir soudainement en arrivant \u00e0 proximit\u00e9\u00a0; nous avions publi\u00e9 <a href=\"https:\/\/www.latribunedelart.com\/bourges-une-maison-menacee-dans-le-secteur-sauvegarde\" class=\"spip_in\" rel=\"nofollow noopener\" target=\"_blank\">cet article<\/a>, et il est possible d\u2019en lire plus sur le <a href=\"https:\/\/www.sitesetmonuments.org\/Mutiler-la-ville-de-Bourges-pour-mieux-montrer-sa-cathedrale\" class=\"spip_out\" rel=\"external nofollow noopener\" target=\"_blank\">site de Sites &amp; Monuments<\/a>\u00a0;<br \/>\n<br \/><b>\u2013<\/b>\u00a0destruction programm\u00e9e de ses deux cit\u00e9s-jardins Art d\u00e9co sous pr\u00e9texte de danger imminent d\u2019\u00e9croulement, bas\u00e9 sur un seul diagnostic et que conteste formellement l\u2019association Sites &amp; Monuments, qui estime qu\u2019une restauration est parfaitement possible\u00a0; l\u2019une d\u2019entre elles, celle de l\u2019a\u00e9roport, b\u00e9n\u00e9ficie, si l\u2019on ose dire, pourtant du label \u00ab\u00a0architecture contemporaine remarquable\u00a0\u00bb. Nous renvoyons \u00e0 <a href=\"https:\/\/www.sitesetmonuments.org\/Bourges-designee-capitale-europeenne-de-la-Culture-fait-table-rase-de-ses-deux-cites-jardins-Art-Deco\" class=\"spip_out\" rel=\"external nofollow noopener\" target=\"_blank\">cet article de Sites &amp; Monuments<\/a>.<\/p>\n<p>La vision du patrimoine de la ville de Bourges, c\u2019est la ville de Bourges, avec son spectacle de son et lumi\u00e8re intitul\u00e9 Les Nuits Lumi\u00e8re, qui en t\u00e9moigne le mieux\u00a0: un effet sp\u00e9cial montre en effet le palais Jacques-C\u0153ur&#8230; s\u2019\u00e9croulant (voir ci-dessous). Certes, cette animation date du mandat du pr\u00e9c\u00e9dent maire, Pascal Blanc. Mais elle s\u2019av\u00e8re symbolique.<\/p>\n<p>Ajoutons \u00e0 ces quelques affaires, et nous ne sommes pas exhaustifs, la fermeture de trois mus\u00e9es municipaux sur cinq\u00a0[<a href=\"#nb1\" class=\"spip_note\" rel=\"appendix\" title=\"Seul le mus\u00e9um d\u2019histoire naturelle est ouvert, tandis que le Mus\u00e9e Est\u00e8ve\u00a0(\u2026)\" id=\"nh1\">1<\/a>], rien que cela, afin de les rendre \u00ab\u00a0plus inclusifs, plus ouverts sur le territoire et r\u00e9pondant aux nouvelles attentes des publics et aux enjeux sociaux et environnementaux\u00a0\u00bb. Tout un programme, donc.<br class=\"autobr\"\/><br \/>\n\u00ab\u00a0Plus ouverts sur le territoire\u00a0\u00bb, cela se traduit n\u00e9anmoins par \u00ab\u00a0ferm\u00e9s\u00a0\u00bb. Et parmi eux, le Mus\u00e9e du Berry, mus\u00e9e des Beaux-Arts, qui contient de nombreux chefs-d\u2019\u0153uvre, et qui a cl\u00f4t ses portes en juin 2021, n\u2019a sa r\u00e9ouverture pr\u00e9vue qu\u2019en 2030, au mieux.<\/p>\n<dl class=\"spip_document_75514 spip_documents spip_documents_center\" itemprop=\"image\" itemscope=\"\" itemtype=\"http:\/\/schema.org\/ImageObject\">\n<dt>\n\t\t<a href=\"https:\/\/www.latribunedelart.com\/IMG\/jpg\/bourges-2.jpg?75514\/a68f09410ad8cfc18ea61854da53f915d27882afd6a523db274f8bd1253099eb\" title=\"\" type=\"image\/jpeg\" rel=\"nofollow noopener\" target=\"_blank\"><br \/>\n\t\t\t<img loading=\"lazy\" decoding=\"async\" src=\"https:\/\/www.europesays.com\/fr\/wp-content\/uploads\/2025\/07\/bourges-2-c2575.jpg\" width=\"500\" height=\"375\" alt=\"\" itemprop=\"contentUrl\"\/><br \/>\n\t\t<\/a>\n\t<\/dt>\n<dd class=\"crayon document-descriptif-75514 spip_doc_descriptif\" style=\"width:350px;\" itemprop=\"description\">4. Quel dommage que la cath\u00e9drale de Bourges g\u00e2che ce beau lettrage monumental\u00a0!<br class=\"autobr\"\/><br \/>\nPhoto\u00a0: Sites &amp; Monuments\n<\/dd>\n<dd class=\"spip_doc_lien-galerie\">\n\t\t<a href=\"https:\/\/www.latribunedelart.com\/spip.php?page=docbig&amp;id_document=75514&amp;id_article=12754\" rel=\"nofollow noopener\" target=\"_blank\">Voir l\u00b4image dans sa page<\/a>\n\t<\/dd>\n<\/dl>\n<p>Le plus ahurissant dans tout cela est que Bourges a \u00e9t\u00e9 d\u00e9sign\u00e9e pour \u00eatre, en 2028, \u00ab\u00a0capitale europ\u00e9enne de la Culture\u00a0\u00bb, comme le proclame fi\u00e8rement un magnifique \u00ab\u00a0lettrage monumental\u00a0[<a href=\"#nb2\" class=\"spip_note\" rel=\"appendix\" title=\"C\u2019est semble-t-il le terme exact pour ce genre de choses qui a tendance \u00e0 se\u00a0(\u2026)\" id=\"nh2\">2<\/a>]\u00a0\u00bb dont la beaut\u00e9 est malheureusement g\u00e2ch\u00e9e \u00e0 l\u2019arri\u00e8re par la cath\u00e9drale\u2026 Un titre totalement usurp\u00e9, qui d\u00e9consid\u00e8re ce label europ\u00e9en invent\u00e9 en leur temps par Jack Lang et Melina Mercouri. <br class=\"autobr\"\/><br \/>\nParmi les crit\u00e8res de ce choix, on trouve\u00a0: \u00ab\u00a0la force de la vision culturelle, la qualit\u00e9 des activit\u00e9s propos\u00e9es et l\u2019implication du tissu culturel local\u00a0\u00bb. Manifestement, pour le jury qui a choisi Bourges, le patrimoine et les mus\u00e9es ne font pas partie de la \u00ab\u00a0vision culturelle\u00a0\u00bb.<\/p>\n","protected":false},"excerpt":{"rendered":"On a appris par le maire de la ville de Bourges, Yann Galut lui-m\u00eame, tr\u00e8s fier, sur son&hellip;\n","protected":false},"author":2,"featured_media":255609,"comment_status":"","ping_status":"","sticky":false,"template":"","format":"standard","meta":{"footnotes":""},"categories":[1358],"tags":[1348,1384,1385,1386,58,59,1011,27],"class_list":{"0":"post-255608","1":"post","2":"type-post","3":"status-publish","4":"format-standard","5":"has-post-thumbnail","7":"category-arts-et-design","8":"tag-arts","9":"tag-arts-and-design","10":"tag-arts-et-design","11":"tag-design","12":"tag-divertissement","13":"tag-entertainment","14":"tag-fr","15":"tag-france"},"share_on_mastodon":{"url":"https:\/\/pubeurope.com\/@fr\/114872589844045948","error":""},"_links":{"self":[{"href":"https:\/\/www.europesays.com\/fr\/wp-json\/wp\/v2\/posts\/255608","targetHints":{"allow":["GET"]}}],"collection":[{"href":"https:\/\/www.europesays.com\/fr\/wp-json\/wp\/v2\/posts"}],"about":[{"href":"https:\/\/www.europesays.com\/fr\/wp-json\/wp\/v2\/types\/post"}],"author":[{"embeddable":true,"href":"https:\/\/www.europesays.com\/fr\/wp-json\/wp\/v2\/users\/2"}],"replies":[{"embeddable":true,"href":"https:\/\/www.europesays.com\/fr\/wp-json\/wp\/v2\/comments?post=255608"}],"version-history":[{"count":0,"href":"https:\/\/www.europesays.com\/fr\/wp-json\/wp\/v2\/posts\/255608\/revisions"}],"wp:featuredmedia":[{"embeddable":true,"href":"https:\/\/www.europesays.com\/fr\/wp-json\/wp\/v2\/media\/255609"}],"wp:attachment":[{"href":"https:\/\/www.europesays.com\/fr\/wp-json\/wp\/v2\/media?parent=255608"}],"wp:term":[{"taxonomy":"category","embeddable":true,"href":"https:\/\/www.europesays.com\/fr\/wp-json\/wp\/v2\/categories?post=255608"},{"taxonomy":"post_tag","embeddable":true,"href":"https:\/\/www.europesays.com\/fr\/wp-json\/wp\/v2\/tags?post=255608"}],"curies":[{"name":"wp","href":"https:\/\/api.w.org\/{rel}","templated":true}]}}