{"id":255614,"date":"2025-07-18T05:31:12","date_gmt":"2025-07-18T05:31:12","guid":{"rendered":"https:\/\/www.europesays.com\/fr\/255614\/"},"modified":"2025-07-18T05:31:12","modified_gmt":"2025-07-18T05:31:12","slug":"ariana-grande-rassure-ses-fans-inquiets-quelle-arrete-de-faire-de-la-musique","status":"publish","type":"post","link":"https:\/\/www.europesays.com\/fr\/255614\/","title":{"rendered":"Ariana Grande rassure ses fans inquiets qu\u2019elle arr\u00eate de faire de la musique"},"content":{"rendered":"<p>        <img decoding=\"async\" loading=\"lazy\" src=\"https:\/\/www.europesays.com\/fr\/wp-content\/uploads\/2025\/07\/20e98f7_1658619156935-6107aba9260000dc8e52486f.jpeg\"  width=\"728\" height=\"410\" alt=\"Ariana Grande, ici au mois de janvier 2020.\"\/>  <\/p>\n<p>David Crotty via Getty Images<\/p>\n<p>Ariana Grande, ici au mois de janvier 2020.<\/p>\n<p class=\"asset asset-text\">MUSIQUE &#8211; Malgr\u00e9<a href=\"https:\/\/www.huffingtonpost.fr\/culture\/article\/aux-oscars-2024-ariana-grande-etait-comme-a-la-maison-dans-sa-robe-couette_231035.html\" target=\"_blank\" rel=\"noopener\"> ses performances remarqu\u00e9es au cin\u00e9ma<\/a>, <a href=\"https:\/\/www.huffingtonpost.fr\/culture\/article\/aux-oscars-ariana-grande-aurait-pu-serieusement-se-blesser-si-elle-avait-glisse-dans-cette-robe_246933.html\" target=\"_blank\" rel=\"noopener\">Ariana Grande<\/a> n\u2019en oublie pas son premier amour\u00a0: la musique. C\u2019est ce qu\u2019elle a tenu \u00e0 rappeler mercredi 16\u00a0juillet sur ses r\u00e9seaux sociaux, tentant de rassurer ses fans.<\/p>\n<p class=\"asset asset-text\">\u00ab\u00a0C\u2019est vraiment idiot de votre part de penser que, sous pr\u00e9texte que j\u2019ai beaucoup de choses \u00e0 faire, j\u2019ai l\u2019intention d\u2019abandonner le chant et la musique\u00a0! C\u2019est et a toujours \u00e9t\u00e9 ma bou\u00e9e de sauvetage. Il faudra faire de la place pour tout \u00e7a\u00a0\u00bb, a-t-elle d\u00e9clar\u00e9 en l\u00e9gende d\u2019une vid\u00e9o publi\u00e9e sur Instagram, o\u00f9 on l\u2019aper\u00e7oit chanter sur sc\u00e8ne.<\/p>\n<p class=\"asset asset-text\">\u00ab\u00a0Ce n\u2019est peut-\u00eatre pas exactement comme avant (&#8230;) mais je m\u2019amuse. Je me sens reconnaissante, excit\u00e9e, et inspir\u00e9e\u00a0\u00bb, a confi\u00e9 la pop star. \u00ab\u00a0Je travaille sur un plan pour chanter pour vous toute l\u2019ann\u00e9e prochaine\u00a0\u00bb, a \u00e9galement annonc\u00e9 l\u2019artiste, disant chercher un \u00ab\u00a0\u00e9quilibre\u00a0\u00bb entre ses \u00ab\u00a0nombreux projets\u00a0\u00bb. \u00ab\u00a0Je vous aime\u00a0\u00bb, a-t-elle conclu.<\/p>\n<p> La lecture de ce contenu est susceptible d\u2019entra\u00eener un d\u00e9p\u00f4t de cookies de la part de l\u2019op\u00e9rateur tiers qui l\u2019h\u00e9berge. Compte-tenu des choix que vous avez exprim\u00e9s en mati\u00e8re de d\u00e9p\u00f4t de cookies, nous avons bloqu\u00e9 l\u2019affichage de ce contenu. Si vous souhaitez y acc\u00e9der, vous devez accepter la cat\u00e9gorie de cookies \u201cContenus tiers\u201d en cliquant sur le bouton ci-dessous. <\/p>\n<p> Lire la Vid\u00e9o        Un retour sur sc\u00e8ne\u00a0?    <\/p>\n<p class=\"asset asset-text\">Le dernier album d\u2019Ariana Grande,<a href=\"https:\/\/www.huffingtonpost.fr\/culture\/article\/avec-eternal-sunshine-ariana-grande-est-de-retour-dans-la-musique-bien-plus-tot-que-prevu-clx1_230868.html\" target=\"_blank\" rel=\"noopener\"> Eternal Sunshine<\/a>, est sorti en mars\u00a02024. Ce projet n\u2019avait pas \u00e9t\u00e9 suivi d\u2019une tourn\u00e9e. Mais cette r\u00e9cente publication laisse entendre qu\u2019un retour sur sc\u00e8ne est possible.<\/p>\n<p class=\"asset asset-text\">Ces derniers mois, la carri\u00e8re de la chanteuse a surtout \u00e9t\u00e9 marqu\u00e9e par la sortie du film Wicked, fin 2024. Elle y interpr\u00e8te le r\u00f4le de Glinda, l\u2019un des personnages principaux de cette com\u00e9die musicale \u00e0 succ\u00e8s. Elle est d\u2019ailleurs confirm\u00e9e au casting vocal du prochain film d\u2019animation du r\u00e9alisateur de Wicked, Jon Chu (pour 2028).<\/p>\n<p class=\"asset asset-text\">Ariana Grande fait \u00e9galement partie du casting du quatri\u00e8me volet du film Mon beau-p\u00e8re et moi, avec Ben Stiller et Robert De\u00a0Niro, qui sera en salles fin 2026.<\/p>\n","protected":false},"excerpt":{"rendered":"David Crotty via Getty Images Ariana Grande, ici au mois de janvier 2020. MUSIQUE &#8211; Malgr\u00e9 ses performances&hellip;\n","protected":false},"author":2,"featured_media":255615,"comment_status":"","ping_status":"","sticky":false,"template":"","format":"standard","meta":{"footnotes":""},"categories":[1355],"tags":[27818,650,251,58,59,1011,27,1361,873],"class_list":{"0":"post-255614","1":"post","2":"type-post","3":"status-publish","4":"format-standard","5":"has-post-thumbnail","7":"category-musique","8":"tag-ariana-grande","9":"tag-cinema","10":"tag-culture","11":"tag-divertissement","12":"tag-entertainment","13":"tag-fr","14":"tag-france","15":"tag-music","16":"tag-musique"},"share_on_mastodon":{"url":"https:\/\/pubeurope.com\/@fr\/114872601205799298","error":""},"_links":{"self":[{"href":"https:\/\/www.europesays.com\/fr\/wp-json\/wp\/v2\/posts\/255614","targetHints":{"allow":["GET"]}}],"collection":[{"href":"https:\/\/www.europesays.com\/fr\/wp-json\/wp\/v2\/posts"}],"about":[{"href":"https:\/\/www.europesays.com\/fr\/wp-json\/wp\/v2\/types\/post"}],"author":[{"embeddable":true,"href":"https:\/\/www.europesays.com\/fr\/wp-json\/wp\/v2\/users\/2"}],"replies":[{"embeddable":true,"href":"https:\/\/www.europesays.com\/fr\/wp-json\/wp\/v2\/comments?post=255614"}],"version-history":[{"count":0,"href":"https:\/\/www.europesays.com\/fr\/wp-json\/wp\/v2\/posts\/255614\/revisions"}],"wp:featuredmedia":[{"embeddable":true,"href":"https:\/\/www.europesays.com\/fr\/wp-json\/wp\/v2\/media\/255615"}],"wp:attachment":[{"href":"https:\/\/www.europesays.com\/fr\/wp-json\/wp\/v2\/media?parent=255614"}],"wp:term":[{"taxonomy":"category","embeddable":true,"href":"https:\/\/www.europesays.com\/fr\/wp-json\/wp\/v2\/categories?post=255614"},{"taxonomy":"post_tag","embeddable":true,"href":"https:\/\/www.europesays.com\/fr\/wp-json\/wp\/v2\/tags?post=255614"}],"curies":[{"name":"wp","href":"https:\/\/api.w.org\/{rel}","templated":true}]}}