{"id":255634,"date":"2025-07-18T05:43:08","date_gmt":"2025-07-18T05:43:08","guid":{"rendered":"https:\/\/www.europesays.com\/fr\/255634\/"},"modified":"2025-07-18T05:43:08","modified_gmt":"2025-07-18T05:43:08","slug":"video-on-vous-fait-visiter-cette-maison-bateau-qui-a-fait-escale-au-port-de-nancy","status":"publish","type":"post","link":"https:\/\/www.europesays.com\/fr\/255634\/","title":{"rendered":"VID\u00c9O. On vous fait visiter cette \u00ab\u00a0maison-bateau\u00a0\u00bb qui a fait escale au port de Nancy"},"content":{"rendered":"<p>            Par<br \/>\n        <strong><br \/>\n            <a href=\"https:\/\/actu.fr\/auteur\/pierre-emile-bouchy-actu-fr\" title=\"Consulter tous les articles de Paul-Emile Bouchy\" rel=\"nofollow noopener\" target=\"_blank\">Paul-Emile Bouchy<\/a><br \/>\n        <\/strong><\/p>\n<p>        Publi\u00e9 le<\/p>\n<p>            18 juil. 2025 \u00e0 7h02        <\/p>\n<p>Si vous \u00eates pass\u00e9 cette semaine le long du port de plaisance de <a href=\"https:\/\/actu.fr\/grand-est\/nancy_54395\" rel=\"nofollow noopener\" target=\"_blank\">Nancy<\/a>, situ\u00e9 sur le canal de la Marne au Rhin, vous n\u2019avez pas pu louper <strong>cette \u00ab\u2009maison-bateau\u2009\u00bb<\/strong> (ou \u00abhouse-boat\u2009\u00bb), qui tranche avec les autres embarcations.<\/p>\n<p class=\" wall-content\">Avant de reprendre la route ce jeudi 17\u00a0juillet, <strong>son propri\u00e9taire et concepteur, Guy Zins, nous l\u2019a fait visiter<\/strong> et nous a permis de faire quelques kilom\u00e8tres \u00e0 bord.<\/p>\n<p>Une maison flottante qui navigue gr\u00e2ce \u00e0 l\u2019\u00e9nergie solaire<\/p>\n<p class=\" wall-content\">Mesurant 20\u00a0m\u00e8tres de long pour 4,85 m\u00e8tres de large, ce bateau nomm\u00e9 \u00ab\u2009\u00c9meraude\u2009\u00bb a tout d\u2019une maison\u2009: <strong>salon, cuisine \u00e9quip\u00e9e, espace nuit avec un lit escamotable, une salle de bain avec une baignoire et m\u00eame un sauna<\/strong>. \u00ab\u2009On est assez fier de ce bateau parce qu\u2019il a un \u00e9norme confort int\u00e9rieur et aussi technique\u2009\u00bb, se f\u00e9licite Guy.<\/p>\n<p class=\" wall-content\">En effet, gr\u00e2ce \u00e0 18 panneaux solaires pr\u00e9sents sur son toit, <strong>le bateau est enti\u00e8rement autonome<\/strong>. \u00ab\u2009Il peut naviguer jusqu\u2019\u00e0 huit heures par jour \u00e0 une vitesse de 8\u00a0km\/h et emmagasiner jusqu\u2019\u00e0 50\u00a0kW. Pendant toute la semaine qu\u2019on est rest\u00e9 \u00e0 Nancy, on n\u2019a pas eu besoin de se brancher quelque part\u2009\u00bb, ajoute-t-il.<\/p>\n<blockquote class=\"tiktok-embed\" cite=\"https:\/\/www.tiktok.com\/@lorraine.actu\/video\/7528034125526076694\" data-video-id=\"7528034125526076694\" data-embed-from=\"oembed\" style=\"max-width:605px; min-width:325px;\"><p>\n<a target=\"_blank\" title=\"@lorraine.actu\" href=\"https:\/\/www.tiktok.com\/@lorraine.actu?refer=embed\" rel=\"nofollow noopener\">@lorraine.actu<\/a> <\/p>\n<p>Pendant une semaine, ce boathome (maison-bateau) a fait escale au port de plaisance de Nancy. Guy, son propri\u00e9taire et son concepteur, nous l\u2019a fait visiter avant son d\u00e9part.. Long de 20 m\u00e8tres, cette embarcation ultra-confort est tout \u00e9quip\u00e9e : salon, cuisine, sauna, baln\u00e9o, lit escamotable. Gr\u00e2ce \u00e0 ses panneaux solaires, il est totalement autonome et peut naviguer jusqu\u2019\u00e0 8h par jour. Fabriqu\u00e9 \u00e0 Sarreguemines, Avant d\u2019arriver \u00e0 Strasbourg mi-ao\u00fbt, Guy fera \u00e9tape dans plusieurs lieux en Lorraine. Une bonne mani\u00e8re de promouvoir ses bateaux qui sont fabriqu\u00e9s \u00e0 Sarreguemines, en Moselle.<a title=\"boathome\" target=\"_blank\" href=\"https:\/\/www.tiktok.com\/tag\/boathome?refer=embed\" rel=\"nofollow noopener\">#boathome<\/a> <a title=\"boat\" target=\"_blank\" href=\"https:\/\/www.tiktok.com\/tag\/boat?refer=embed\" rel=\"nofollow noopener\">#boat<\/a> <a title=\"bateau\" target=\"_blank\" href=\"https:\/\/www.tiktok.com\/tag\/bateau?refer=embed\" rel=\"nofollow noopener\">#bateau<\/a> <a title=\"nancy\" target=\"_blank\" href=\"https:\/\/www.tiktok.com\/tag\/nancy?refer=embed\" rel=\"nofollow noopener\">#nancy<\/a> <a title=\"lorraine\" target=\"_blank\" href=\"https:\/\/www.tiktok.com\/tag\/lorraine?refer=embed\" rel=\"nofollow noopener\">#lorraine<\/a> <a title=\"canal\" target=\"_blank\" href=\"https:\/\/www.tiktok.com\/tag\/canal?refer=embed\" rel=\"nofollow noopener\">#canal<\/a> <a title=\"tourism\" target=\"_blank\" href=\"https:\/\/www.tiktok.com\/tag\/tourism?refer=embed\" rel=\"nofollow noopener\">#tourism<\/a> <\/p>\n<p> <a target=\"_blank\" title=\"\u266c son original - Lorraine Actu\" href=\"https:\/\/www.tiktok.com\/music\/son-original-7528034097165650710?refer=embed\" rel=\"nofollow noopener\">\u266c son original \u2013 Lorraine Actu<\/a> <\/p>\n<\/blockquote>\n<p>Vid\u00e9os : en ce moment sur ActuDes \u00ab\u2009maisons-bateaux\u2009\u00bb fabriqu\u00e9s en Lorraine<\/p>\n<p class=\" wall-content\">Depuis 2017, avec son entreprise Boathome, Guy construit ces \u00ab\u2009maisons-bateaux\u2009\u00bb dans une usine situ\u00e9e \u00e0 Sarreguemines (<a href=\"https:\/\/actu.fr\/grand-est\/moselle_57\" rel=\"nofollow noopener\" target=\"_blank\">Moselle<\/a>). \u00ab\u2009\u00c9meraude est notre dixi\u00e8me bateau et co\u00fbte 600\u2009000 euros. On a aussi construit un bateau-restaurant \u00e0 <a href=\"https:\/\/actu.fr\/grand-est\/strasbourg_67482\" rel=\"nofollow noopener\" target=\"_blank\">Strasbourg<\/a>, Blue Flamingo, qui peut accueillir 55\u00a0personnes\u2009\u00bb et qui fait partie <a href=\"https:\/\/actu.fr\/grand-est\/strasbourg_67482\/strasbourg-voici-les-restaurants-les-mieux-notes-sur-google-en-2024-selon-ce-classement_61252539.html\" rel=\"nofollow noopener\" target=\"_blank\">des restaurants les mieux not\u00e9s sur Google en 2024<\/a>.<\/p>\n<p class=\" wall-content\">Ce passage estival \u00e0 Nancy n\u2019a rien d\u2019anodin pour Guy\u2009: \u00ab\u2009On souhaite se positionner sur l\u2019appel \u00e0 projets qui sera lanc\u00e9 pour <strong>am\u00e9nager le futur port de Nancy<\/strong> (situ\u00e9 au Faubourg des Trois-Maisons). On a la capacit\u00e9 de d\u00e9cliner un bateau selon les d\u00e9sirs du client. En venant ici, <strong>on montre que notre embarcation\u00a0ne d\u00e9note pas et s\u2019ins\u00e8re parfaitement dans le paysage<\/strong>.\u2009\u00bb<\/p>\n<p class=\" wall-content\">Suivez toute l\u2019actualit\u00e9 de vos villes et m\u00e9dias favoris en vous inscrivant \u00e0 <a href=\"https:\/\/moncompte.actu.fr\" title=\"D\u00e9couvez Mon Actu\" rel=\"nofollow noopener\" data-trk=\"{&quot;cta&quot;:{&quot;action&quot;:&quot;https:\\\/\\\/moncompte.actu.fr&quot;,&quot;category&quot;:&quot;mon compte&quot;,&quot;from&quot;:&quot;article footer&quot;,&quot;name&quot;:&quot;Mon actu&quot;,&quot;type&quot;:&quot;cta&quot;}}\" target=\"_blank\">Mon Actu<\/a>.<\/p>\n<p>                    <script async src=\"\/\/www.tiktok.com\/embed.js\"><\/script><\/p>\n","protected":false},"excerpt":{"rendered":"Par Paul-Emile Bouchy Publi\u00e9 le 18 juil. 2025 \u00e0 7h02 Si vous \u00eates pass\u00e9 cette semaine le long&hellip;\n","protected":false},"author":2,"featured_media":255635,"comment_status":"","ping_status":"","sticky":false,"template":"","format":"standard","meta":{"footnotes":""},"categories":[9635],"tags":[1111,11,1777,674,1011,27,775,1757,1702,12,25,104],"class_list":{"0":"post-255634","1":"post","2":"type-post","3":"status-publish","4":"format-standard","5":"has-post-thumbnail","7":"category-nancy","8":"tag-actu","9":"tag-actualites","10":"tag-eu","11":"tag-europe","12":"tag-fr","13":"tag-france","14":"tag-grand-est","15":"tag-insolite","16":"tag-nancy","17":"tag-news","18":"tag-republique-francaise","19":"tag-societe"},"share_on_mastodon":{"url":"https:\/\/pubeurope.com\/@fr\/114872647973430029","error":""},"_links":{"self":[{"href":"https:\/\/www.europesays.com\/fr\/wp-json\/wp\/v2\/posts\/255634","targetHints":{"allow":["GET"]}}],"collection":[{"href":"https:\/\/www.europesays.com\/fr\/wp-json\/wp\/v2\/posts"}],"about":[{"href":"https:\/\/www.europesays.com\/fr\/wp-json\/wp\/v2\/types\/post"}],"author":[{"embeddable":true,"href":"https:\/\/www.europesays.com\/fr\/wp-json\/wp\/v2\/users\/2"}],"replies":[{"embeddable":true,"href":"https:\/\/www.europesays.com\/fr\/wp-json\/wp\/v2\/comments?post=255634"}],"version-history":[{"count":0,"href":"https:\/\/www.europesays.com\/fr\/wp-json\/wp\/v2\/posts\/255634\/revisions"}],"wp:featuredmedia":[{"embeddable":true,"href":"https:\/\/www.europesays.com\/fr\/wp-json\/wp\/v2\/media\/255635"}],"wp:attachment":[{"href":"https:\/\/www.europesays.com\/fr\/wp-json\/wp\/v2\/media?parent=255634"}],"wp:term":[{"taxonomy":"category","embeddable":true,"href":"https:\/\/www.europesays.com\/fr\/wp-json\/wp\/v2\/categories?post=255634"},{"taxonomy":"post_tag","embeddable":true,"href":"https:\/\/www.europesays.com\/fr\/wp-json\/wp\/v2\/tags?post=255634"}],"curies":[{"name":"wp","href":"https:\/\/api.w.org\/{rel}","templated":true}]}}