{"id":255636,"date":"2025-07-18T05:44:16","date_gmt":"2025-07-18T05:44:16","guid":{"rendered":"https:\/\/www.europesays.com\/fr\/255636\/"},"modified":"2025-07-18T05:44:16","modified_gmt":"2025-07-18T05:44:16","slug":"une-aire-de-jeux-et-de-detente-xxl-en-plein-centre-ville-de-nancy","status":"publish","type":"post","link":"https:\/\/www.europesays.com\/fr\/255636\/","title":{"rendered":"une aire de jeux et de d\u00e9tente XXL en plein centre-ville de Nancy"},"content":{"rendered":"<p>La transformation de l\u2019ensemble Carnot-L\u00e9opold se dessinera dans les prochaines ann\u00e9es. Le chantier \u00e0 38\u00a0M\u20ac, qui pr\u00e9voit notamment l\u2019agrandissement du parking souterrain pourrait commencer en 2028. En attendant, <a href=\"https:\/\/www.estrepublicain.fr\/culture-loisirs\/2025\/05\/26\/place-carnot-montage-des-amenagements-provisoires\" target=\"_blank\" rel=\"nofollow noopener\">des am\u00e9nagements provisoires<\/a> ont \u00e9t\u00e9 install\u00e9s pour que les Nanc\u00e9iens s\u2019approprient ce vaste espace pendant les beaux jours. Autour de la guinguette estivale qui a fait son retour, des pergolas en bois offrent d\u00e9sormais leur ombre bienvenue. Des tables de pique-nique, des bancs et des parasols tendent les bras aux adeptes d\u2019une pause en centre-ville\u2026 Mais le lieu s\u2019est surtout mu\u00e9 en <a href=\"https:\/\/www.estrepublicain.fr\/culture-loisirs\/2025\/07\/13\/cet-ete-l-espace-carnot-leopold-se-metamorphose-en-aire-de-jeux-et-de-detente\" target=\"_blank\" rel=\"nofollow noopener\">terrain de jeux g\u00e9ant,<\/a> pens\u00e9 pour petits et grands. Un terrain de basket, un autre de beach-volley, une piste de course, un \u00e9norme \u00e9chiquier, des marelles color\u00e9es ont vu le jour. Le tout sera accessible jusqu\u2019au 14\u00a0septembre.<\/p>\n","protected":false},"excerpt":{"rendered":"La transformation de l\u2019ensemble Carnot-L\u00e9opold se dessinera dans les prochaines ann\u00e9es. Le chantier \u00e0 38\u00a0M\u20ac, qui pr\u00e9voit notamment&hellip;\n","protected":false},"author":2,"featured_media":255637,"comment_status":"","ping_status":"","sticky":false,"template":"","format":"standard","meta":{"footnotes":""},"categories":[9635],"tags":[1111,11,1707,1704,1706,1705,1777,674,1011,27,775,31022,20065,1702,1703,12,25],"class_list":{"0":"post-255636","1":"post","2":"type-post","3":"status-publish","4":"format-standard","5":"has-post-thumbnail","7":"category-nancy","8":"tag-actu","9":"tag-actualites","10":"tag-edition-luneville","11":"tag-edition-nancy-et-agglomeration","12":"tag-edition-pont-a-mousson","13":"tag-edition-toul","14":"tag-eu","15":"tag-europe","16":"tag-fr","17":"tag-france","18":"tag-grand-est","19":"tag-le-guide-de-lete-lorraine","20":"tag-magazine-tourisme-et-patrimoine","21":"tag-nancy","22":"tag-nancy-ville-54b","23":"tag-news","24":"tag-republique-francaise"},"share_on_mastodon":{"url":"https:\/\/pubeurope.com\/@fr\/114872651805428864","error":""},"_links":{"self":[{"href":"https:\/\/www.europesays.com\/fr\/wp-json\/wp\/v2\/posts\/255636","targetHints":{"allow":["GET"]}}],"collection":[{"href":"https:\/\/www.europesays.com\/fr\/wp-json\/wp\/v2\/posts"}],"about":[{"href":"https:\/\/www.europesays.com\/fr\/wp-json\/wp\/v2\/types\/post"}],"author":[{"embeddable":true,"href":"https:\/\/www.europesays.com\/fr\/wp-json\/wp\/v2\/users\/2"}],"replies":[{"embeddable":true,"href":"https:\/\/www.europesays.com\/fr\/wp-json\/wp\/v2\/comments?post=255636"}],"version-history":[{"count":0,"href":"https:\/\/www.europesays.com\/fr\/wp-json\/wp\/v2\/posts\/255636\/revisions"}],"wp:featuredmedia":[{"embeddable":true,"href":"https:\/\/www.europesays.com\/fr\/wp-json\/wp\/v2\/media\/255637"}],"wp:attachment":[{"href":"https:\/\/www.europesays.com\/fr\/wp-json\/wp\/v2\/media?parent=255636"}],"wp:term":[{"taxonomy":"category","embeddable":true,"href":"https:\/\/www.europesays.com\/fr\/wp-json\/wp\/v2\/categories?post=255636"},{"taxonomy":"post_tag","embeddable":true,"href":"https:\/\/www.europesays.com\/fr\/wp-json\/wp\/v2\/tags?post=255636"}],"curies":[{"name":"wp","href":"https:\/\/api.w.org\/{rel}","templated":true}]}}