{"id":255644,"date":"2025-07-18T05:52:10","date_gmt":"2025-07-18T05:52:10","guid":{"rendered":"https:\/\/www.europesays.com\/fr\/255644\/"},"modified":"2025-07-18T05:52:10","modified_gmt":"2025-07-18T05:52:10","slug":"grenoble-deux-blesses-dont-un-grave-dans-une-collision-sur-lautoroute-a480","status":"publish","type":"post","link":"https:\/\/www.europesays.com\/fr\/255644\/","title":{"rendered":"Grenoble. Deux bless\u00e9s dont un grave dans une collision sur l\u2019autoroute A480"},"content":{"rendered":"<p>Deux personnes ont \u00e9t\u00e9 bless\u00e9es dont une gravement apr\u00e8s une violente collision impliquant une voiture et une fourgonnette survenue sur l\u2019A480 \u00e0 la hauteur de Grenoble, ce vendredi peu avant 2 heures du matin, dans le sens Lyon-Grenoble.<\/p>\n<p>Ce contenu est bloqu\u00e9 car vous n&rsquo;avez pas accept\u00e9 les cookies et autres traceurs.<\/p>\n<p>En cliquant sur \u00ab J\u2019accepte \u00bb, les cookies et autres traceurs seront d\u00e9pos\u00e9s et vous pourrez visualiser les contenus  (<a href=\"\" class=\"consentModule_policy\" target=\"_blank\" title=\"Consulter la politique de protection des donn\u00e9es du fournisseur\">plus d&rsquo;informations<\/a>).<\/p>\n<p>En cliquant sur \u00ab J\u2019accepte tous les cookies \u00bb, vous autorisez des d\u00e9p\u00f4ts de cookies et autres traceurs pour le stockage de vos donn\u00e9es sur nos sites et applications \u00e0 des fins de personnalisation et de ciblage publicitaire.<\/p>\n<p class=\"consentModule_secondaryText\">Vous gardez la possibilit\u00e9 de retirer votre consentement \u00e0 tout moment en consultant notre <a href=\"https:\/\/www.ledauphine.com\/protection-des-donnees\" target=\"_blank\" title=\"Consulter notre politique de protection des donn\u00e9es\" rel=\"nofollow noopener\">politique de protection des donn\u00e9es<\/a>. <br \/>&#13;<br \/>\n            <a href=\"https:\/\/www.ledauphine.com\/faits-divers-justice\/2025\/07\/18\/javascript:Didomi.notice.show()\" class=\"consentModule_cmp\" rel=\"nofollow noopener\" target=\"_blank\">G\u00e9rer mes choix<\/a>&#13;\n        <\/p>\n<p>&#13;<br \/>\n                        J&rsquo;accepte&#13;<br \/>\n            J&rsquo;accepte tous les cookies&#13;\n        <\/p>\n<p>  Un homme de 18 ans en urgence absolue<\/p>\n<p>\u00c0 leur arriv\u00e9e sur les lieux, les sapeurs-pompiers ont d\u00e9sincarc\u00e9r\u00e9 un homme de 18 ans, qui a ensuite \u00e9t\u00e9 m\u00e9dicalis\u00e9 par le Samu et transport\u00e9 en urgence absolue au service d\u00e9chocage\u00a0du CHU Grenoble Alpes.<\/p>\n<p>Un homme de 29 ans a \u00e9galement \u00e9t\u00e9 bless\u00e9, mais plus l\u00e9g\u00e8rement, et a \u00e9galement \u00e9t\u00e9 transport\u00e9 \u00e0 l\u2019h\u00f4pital. La police a proc\u00e9d\u00e9 aux constatations.<\/p>\n","protected":false},"excerpt":{"rendered":"Deux personnes ont \u00e9t\u00e9 bless\u00e9es dont une gravement apr\u00e8s une violente collision impliquant une voiture et une fourgonnette&hellip;\n","protected":false},"author":2,"featured_media":255645,"comment_status":"","ping_status":"","sticky":false,"template":"","format":"standard","meta":{"footnotes":""},"categories":[9566],"tags":[119,1111,11,2430,112,1777,674,274,107,1011,27,2731,2732,108,12,25],"class_list":{"0":"post-255644","1":"post","2":"type-post","3":"status-publish","4":"format-standard","5":"has-post-thumbnail","7":"category-grenoble","8":"tag-accident","9":"tag-actu","10":"tag-actualites","11":"tag-auvergne-rhone-alpes","12":"tag-edition-grenoble-agglomeration","13":"tag-eu","14":"tag-europe","15":"tag-faits-divers-justice","16":"tag-fil-info","17":"tag-fr","18":"tag-france","19":"tag-grenoble","20":"tag-grenoble-bassin","21":"tag-isere","22":"tag-news","23":"tag-republique-francaise"},"share_on_mastodon":{"url":"https:\/\/pubeurope.com\/@fr\/114872683262098722","error":""},"_links":{"self":[{"href":"https:\/\/www.europesays.com\/fr\/wp-json\/wp\/v2\/posts\/255644","targetHints":{"allow":["GET"]}}],"collection":[{"href":"https:\/\/www.europesays.com\/fr\/wp-json\/wp\/v2\/posts"}],"about":[{"href":"https:\/\/www.europesays.com\/fr\/wp-json\/wp\/v2\/types\/post"}],"author":[{"embeddable":true,"href":"https:\/\/www.europesays.com\/fr\/wp-json\/wp\/v2\/users\/2"}],"replies":[{"embeddable":true,"href":"https:\/\/www.europesays.com\/fr\/wp-json\/wp\/v2\/comments?post=255644"}],"version-history":[{"count":0,"href":"https:\/\/www.europesays.com\/fr\/wp-json\/wp\/v2\/posts\/255644\/revisions"}],"wp:featuredmedia":[{"embeddable":true,"href":"https:\/\/www.europesays.com\/fr\/wp-json\/wp\/v2\/media\/255645"}],"wp:attachment":[{"href":"https:\/\/www.europesays.com\/fr\/wp-json\/wp\/v2\/media?parent=255644"}],"wp:term":[{"taxonomy":"category","embeddable":true,"href":"https:\/\/www.europesays.com\/fr\/wp-json\/wp\/v2\/categories?post=255644"},{"taxonomy":"post_tag","embeddable":true,"href":"https:\/\/www.europesays.com\/fr\/wp-json\/wp\/v2\/tags?post=255644"}],"curies":[{"name":"wp","href":"https:\/\/api.w.org\/{rel}","templated":true}]}}