{"id":255661,"date":"2025-07-18T06:05:12","date_gmt":"2025-07-18T06:05:12","guid":{"rendered":"https:\/\/www.europesays.com\/fr\/255661\/"},"modified":"2025-07-18T06:05:12","modified_gmt":"2025-07-18T06:05:12","slug":"jai-vu-des-flammes-derriere-les-vitraux-5-ans-apres-lincendie-de-la-cathedrale-de-nantes-le-quartier-se-souvient","status":"publish","type":"post","link":"https:\/\/www.europesays.com\/fr\/255661\/","title":{"rendered":"\u00ab\u00a0J&rsquo;ai vu des flammes derri\u00e8re les vitraux\u00a0\u00bb : 5 ans apr\u00e8s l&rsquo;incendie de la cath\u00e9drale de Nantes, le quartier se souvient"},"content":{"rendered":"<p>Le 18 juillet 2020, un incendie s&rsquo;est d\u00e9clar\u00e9 dans la cath\u00e9drale de Nantes. La verri\u00e8re et le grand orgue ont \u00e9t\u00e9 d\u00e9truits par les flammes. Cinq plus tard, les souvenirs des habitants et des commer\u00e7ants du quartier restent intacts.<\/p>\n<p>Des flammes et un immense panache de fum\u00e9e qui sort de la cath\u00e9drale de Nantes. Il y a 5 ans, jour pour jour, l&rsquo;\u00e9difice \u00e9tait en feu, <strong>plus de 100 pompiers \u00e9taient mobilis\u00e9s<\/strong> pour \u00e9teindre l&rsquo;incendie qui a d\u00e9truit le grand orgue et la verri\u00e8re. Un acte criminel provoqu\u00e9 par un r\u00e9fugi\u00e9 rwandais, condamn\u00e9 \u00e0 quatre ans de prison ferme en 2023. Cinq ans apr\u00e8s le drame, les habitants et les commer\u00e7ants du quartier se souviennent de cette journ\u00e9e particuli\u00e8re.<\/p>\n<p>Rue de Strasbourg, la femme de Jean-Paul est <strong>r\u00e9veill\u00e9e ce jour-l\u00e0 par un bruit d&rsquo;explosion<\/strong>. \u00ab\u00a0J&rsquo;\u00e9tais dans une autre pi\u00e8ce et\u00a0 j&rsquo;ai regard\u00e9 par la fen\u00eatre, raconte le retrait\u00e9. J&rsquo;ai vu les flammes derri\u00e8re les vitraux. J&rsquo;ai imm\u00e9diatement appel\u00e9 les pompiers.\u00a0\u00bb Jean-Paul n&rsquo;est pas le premier \u00e0 pr\u00e9venir le 18. Tr\u00e8s vite, les sir\u00e8nes retentissement dans le quartier, et les Nantais se pressent devant l&rsquo;\u00e9difice.<\/p>\n<p>Un bar transform\u00e9 en caserne<\/p>\n<p>\u00ab\u00a0J&rsquo;ai vu les pompiers grimper dans les hauteurs, c&rsquo;est une \u00e9motion tr\u00e8s forte, se souvient Marie-Christine. Et en plus apr\u00e8s [l&rsquo;incendie] de Notre-Dame-de-Paris.\u00a0\u00bb\u00a0Derri\u00e8re la vitre de son commerce, La Trinitaine, Antoine est aussi spectateur\u00a0: \u00ab\u00a0Quartier boucl\u00e9, les pompiers qui s&rsquo;agitent et <strong>la radio France Bleu Loire Oc\u00e9an qui tourne en boucle<\/strong>.\u00a0\u00bb<\/p>\n<p>Juste \u00e0 c\u00f4t\u00e9, le Gigg&rsquo;s, qui est en temps normal un pub irlandais, devient le point de ralliement des pompiers. \u00ab\u00a0On \u00e9tait en d\u00e9monstration de caserne, \u00e0 part que c&rsquo;\u00e9tait pas une d\u00e9mo, se rem\u00e9more Antoine, le responsable. On avait les pompiers \u00e0 l&rsquo;int\u00e9rieur et \u00e0 l&rsquo;ext\u00e9rieur, ils venaient se reposer cinq minutes.\u00a0\u00bb Pour remercier les employ\u00e9s du pub, <strong>les pompiers ont offert un casque<\/strong> qui tr\u00f4ne d\u00e9sormais derri\u00e8re le bar.<\/p>\n<p><img loading=\"lazy\" decoding=\"async\" class=\"VisualPreview svelte-1rldrkz\" src=\"data:image\/jpeg;base64,\/9j\/2wBDACgcHiMeGSgjISMtKygwPGRBPDc3PHtYXUlkkYCZlo+AjIqgtObDoKrarYqMyP\/L2u71\/\/\/\/m8H\/\/\/\/6\/+b9\/\/j\/2wBDASstLTw1PHZBQXb4pYyl+Pj4+Pj4+Pj4+Pj4+Pj4+Pj4+Pj4+Pj4+Pj4+Pj4+Pj4+Pj4+Pj4+Pj4+Pj4+Pj4+Pj\/wAARCAAfACoDASIAAhEBAxEB\/8QAFwABAQEBAAAAAAAAAAAAAAAAAAECBP\/EABYQAQEBAAAAAAAAAAAAAAAAAAARAf\/EABUBAQEAAAAAAAAAAAAAAAAAAAAB\/8QAFBEBAAAAAAAAAAAAAAAAAAAAAP\/aAAwDAQACEQMRAD8A5RYRFBSAyNQgAYoBBcEIRrMWA\/\/Z\" alt=\"Le casque offert par les pompiers est pos\u00e9 derri\u00e8re le bar, au milieu des \u00e9charpes irlandaises.\" width=\"600\" height=\"450\"\/>  Le casque offert par les pompiers est pos\u00e9 derri\u00e8re le bar, au milieu des \u00e9charpes irlandaises. \u00a9 Radio France &#8211; Fran\u00e7ois Vent\u00e9jou <\/p>\n","protected":false},"excerpt":{"rendered":"Le 18 juillet 2020, un incendie s&rsquo;est d\u00e9clar\u00e9 dans la cath\u00e9drale de Nantes. La verri\u00e8re et le grand&hellip;\n","protected":false},"author":2,"featured_media":255662,"comment_status":"","ping_status":"","sticky":false,"template":"","format":"standard","meta":{"footnotes":""},"categories":[2818],"tags":[1111,11,1777,674,1011,27,766,12,2636,25],"class_list":{"0":"post-255661","1":"post","2":"type-post","3":"status-publish","4":"format-standard","5":"has-post-thumbnail","7":"category-nantes","8":"tag-actu","9":"tag-actualites","10":"tag-eu","11":"tag-europe","12":"tag-fr","13":"tag-france","14":"tag-nantes","15":"tag-news","16":"tag-pays-de-la-loire","17":"tag-republique-francaise"},"share_on_mastodon":{"url":"https:\/\/pubeurope.com\/@fr\/114872734517385101","error":""},"_links":{"self":[{"href":"https:\/\/www.europesays.com\/fr\/wp-json\/wp\/v2\/posts\/255661","targetHints":{"allow":["GET"]}}],"collection":[{"href":"https:\/\/www.europesays.com\/fr\/wp-json\/wp\/v2\/posts"}],"about":[{"href":"https:\/\/www.europesays.com\/fr\/wp-json\/wp\/v2\/types\/post"}],"author":[{"embeddable":true,"href":"https:\/\/www.europesays.com\/fr\/wp-json\/wp\/v2\/users\/2"}],"replies":[{"embeddable":true,"href":"https:\/\/www.europesays.com\/fr\/wp-json\/wp\/v2\/comments?post=255661"}],"version-history":[{"count":0,"href":"https:\/\/www.europesays.com\/fr\/wp-json\/wp\/v2\/posts\/255661\/revisions"}],"wp:featuredmedia":[{"embeddable":true,"href":"https:\/\/www.europesays.com\/fr\/wp-json\/wp\/v2\/media\/255662"}],"wp:attachment":[{"href":"https:\/\/www.europesays.com\/fr\/wp-json\/wp\/v2\/media?parent=255661"}],"wp:term":[{"taxonomy":"category","embeddable":true,"href":"https:\/\/www.europesays.com\/fr\/wp-json\/wp\/v2\/categories?post=255661"},{"taxonomy":"post_tag","embeddable":true,"href":"https:\/\/www.europesays.com\/fr\/wp-json\/wp\/v2\/tags?post=255661"}],"curies":[{"name":"wp","href":"https:\/\/api.w.org\/{rel}","templated":true}]}}