{"id":255670,"date":"2025-07-18T06:11:11","date_gmt":"2025-07-18T06:11:11","guid":{"rendered":"https:\/\/www.europesays.com\/fr\/255670\/"},"modified":"2025-07-18T06:11:11","modified_gmt":"2025-07-18T06:11:11","slug":"les-policiers-assurent-une-presence-renforcee-cet-ete","status":"publish","type":"post","link":"https:\/\/www.europesays.com\/fr\/255670\/","title":{"rendered":"les policiers assurent une pr\u00e9sence renforc\u00e9e cet \u00e9t\u00e9"},"content":{"rendered":"<p>            Par<br \/>\n        <strong><br \/>\n            <a href=\"https:\/\/actu.fr\/auteur\/amandine-vachez\" title=\"Consulter tous les articles de Amandine Vachez\" rel=\"nofollow noopener\" target=\"_blank\">Amandine Vachez<\/a><br \/>\n        <\/strong><\/p>\n<p>        Publi\u00e9 le<\/p>\n<p>            18 juil. 2025 \u00e0 7h48        <\/p>\n<p>Des groupes de jeunes qui stagnent dans le parc, des vols avec violences\u2026 La <a href=\"https:\/\/actu.fr\/tag\/police\" rel=\"nofollow noopener\" target=\"_blank\">police<\/a> a not\u00e9 une <b>recrudescence des faits de d\u00e9linquance<\/b>, dans le <a href=\"https:\/\/actu.fr\/hauts-de-france\/lille_59350\/lille-jai-cru-quil-allait-me-planter-un-homme-menace-au-couteau-au-parc-matisse_62666452.html\" rel=\"nofollow noopener\" target=\"_blank\">parc Matisse<\/a><b> <\/b>\u00e0<b> <\/b><a href=\"https:\/\/actu.fr\/lille\/\" rel=\"nofollow noopener\" target=\"_blank\">Lille<\/a> (Nord). En r\u00e9action \u00e0 ce constat et \u00e0 des <b>signalements<\/b> de citoyens notamment, les patrouilles sont renforc\u00e9es, sur place. Jeudi 17 juilletb2025, une<b> vingtaine de policiers<\/b>, dont une brigade \u00e9questre, ont sillonn\u00e9 le parc pour <b>s\u00e9curiser la zone<\/b>. Plusieurs personnes ont \u00e9t\u00e9 interpell\u00e9es.<\/p>\n<p>Des vols avec violence, des habitants inquiets<\/p>\n<p class=\" wall-content\">\u00ab\u2009L\u2019id\u00e9e, pour nous, est d\u2019assurer une pr\u00e9sence rassurante, pour les usagers\u2009\u00bb, commence le commissaire Cl\u00e9ment Duez, chef adjoint du service d\u00e9partemental de s\u00e9curit\u00e9 publique, pr\u00e9sent lors de cette op\u00e9ration. Depuis quelques jours, des \u00e9quipages de son unit\u00e9 sous l\u2019\u00e9gide de la direction interd\u00e9partementale de la police nationale, sont pr\u00e9sents quotidiennement, \u00e0 des horaires al\u00e9atoires. Ceci en r\u00e9action \u00e0 une recrudescence de faits, survenus ces derni\u00e8res semaines, dont <b>des vols avec violences<\/b> ou des<b> rixes.<\/b> \u00ab\u2009Des badauds et usagers du m\u00e9tro ou du train nous ont fait part de leur inqui\u00e9tude.\u2009\u00bb Le climat d\u2019ins\u00e9curit\u00e9 est palpable.<\/p>\n<p>    <img   decoding=\"async\" loading=\"lazy\" class=\"size-large\" src=\"https:\/\/www.europesays.com\/fr\/wp-content\/uploads\/2025\/07\/303be53819786243be5381978083bev-960x640.jpeg\" alt=\"Ces derni\u00e8res semaines, une recrudescence des faits de d\u00e9linquance ont \u00e9t\u00e9 notifi\u00e9s sur le secteur du parc Matisse, \u00e0 Lille (Nord).\" width=\"960\" height=\"640\"\/><br \/>\n    Ces derni\u00e8res semaines, une recrudescence des faits de d\u00e9linquance a \u00e9t\u00e9 notifi\u00e9e sur le secteur du parc Matisse, \u00e0 Lille (Nord). \u00a9Amandine Vachez\u00ab\u2009C\u2019est juste une cigarette\u2009\u00bb, \u00ab\u2009on verra \u00e7a, Monsieur\u2009\u00bb<\/p>\n<p class=\" wall-content\">Ce jeudi, plusieurs \u00e9quipages ont parcouru le parc Matisse. Voyant les policiers l\u2019approcher, l\u2019occasion est trop belle\u2009: petit Marius et un autre gar\u00e7on, sans doute son fr\u00e8re, topent la main des policiers. Le plus petit se dresse de toute sa hauteur et demande ce que les policiers font l\u00e0. Il obtient un sourire en guise de r\u00e9ponse.<\/p>\n<p class=\" wall-content\">Plus loin, un contr\u00f4le s\u2019op\u00e8re. Deux jeunes gens boivent et fument sur un banc. Pas de drogue, disent-ils, ni d\u2019alcool. Ils sont rapidement fouill\u00e9s, comme la v\u00e9g\u00e9tation alentour. Les effets personnels des deux jeunes gens sont pos\u00e9s sur le banc. Une odeur suspecte est constat\u00e9e. \u00ab\u2009C\u2019est juste une cigarette\u2009\u00bb, assure un des deux hommes. \u00ab\u2009On verra \u00e7a, monsieur. Mais j\u2019en doute.\u2009\u00bb<\/p>\n<p>Vid\u00e9os : en ce moment sur Actu<\/p>\n<p class=\" wall-content\">L\u2019objet est saisi et pes\u00e9 sur place. Il sera plac\u00e9 sous scell\u00e9s. Des papiers d\u2019identit\u00e9 sont pr\u00e9sent\u00e9s et \u00e9tudi\u00e9s. L\u2019un des jeunes, qui donne du \u00ab\u2009chef\u2009\u00bb \u00e0 toutes les phrases, a son nom dans le <b>fichier recherche de la police<\/b>. Il se voit <b>passer les menottes. <\/b>Un \u00e9quipage vient en renfort pour l\u2019emmener au commissariat de <a href=\"https:\/\/actu.fr\/hauts-de-france\/villeneuve-d-ascq_59009\" rel=\"nofollow noopener\" target=\"_blank\">Villeneuve-d\u2019Ascq<\/a>, o\u00f9 il est recherch\u00e9, pour, nous pr\u00e9cise un des policiers \u00ab\u2009outrage et r\u00e9bellion en <a href=\"https:\/\/actu.fr\/tag\/belgique\" rel=\"nofollow noopener\" target=\"_blank\">Belgique<\/a>\u2009\u00bb.<\/p>\n<p>    <img   decoding=\"async\" loading=\"lazy\" class=\"size-large\" src=\"https:\/\/www.europesays.com\/fr\/wp-content\/uploads\/2025\/07\/a2b6e5381978627b6e53819786db6ev-960x640.jpeg\" alt=\"Un homme a \u00e9t\u00e9 interpell\u00e9, recherch\u00e9 par la police de Villeneuve-d'Ascq, pour des faits survenus en Belgique.\" width=\"960\" height=\"640\"\/><br \/>\n    Un homme a \u00e9t\u00e9 interpell\u00e9, recherch\u00e9 par la police de Villeneuve-d\u2019Ascq, pour des faits survenus en Belgique. \u00a9Amandine Vachez<\/p>\n<p class=\" wall-content\">A quelques m\u00e8tres de l\u00e0, deux polici\u00e8res \u00e9questres sillonnent des all\u00e9es plus \u00e9troites du parc, et op\u00e8rent des contr\u00f4les d\u2019identit\u00e9. Des fouilles sont r\u00e9alis\u00e9es par leurs coll\u00e8gues. Certaines personnes retournent \u00e0 leurs occupations rapidement. Un homme se voit retirer son joint, et s\u2019excite \u00e0 la vision d\u2019une cam\u00e9ra de presse. Les policiers temp\u00e8rent, et passent \u00e0 autre chose.<\/p>\n<p class=\" wall-content\">Un peu plus loin, quelques agents courent apr\u00e8s un homme qui a tent\u00e9 de prendre la fuite. Il est vite rattrap\u00e9 et contr\u00f4l\u00e9, comme les autres personnes dans un groupe tout proche qui \u00e9coute de la musique assez fort. Un homme, en situation irr\u00e9guli\u00e8re, est conduit au fourgon. Un autre, mineur en fugue, l\u2019est aussi. Tous deux sont emmen\u00e9s au commissariat central de Lille.<\/p>\n<p>    <img   decoding=\"async\" loading=\"lazy\" class=\"size-large\" src=\"https:\/\/www.europesays.com\/fr\/wp-content\/uploads\/2025\/07\/ee0be53819786e21be5381978c61bev-960x640.jpeg\" alt=\"Des contr\u00f4les et des fouilles sont effectu\u00e9s sur place, pour interpeller quand c'est n\u00e9cessaire, ou simplement faire une piqure de rappel aux usagers du parc.\" width=\"960\" height=\"640\"\/><br \/>\n    Des contr\u00f4les et des fouilles sont effectu\u00e9s sur place, pour interpeller quand c\u2019est n\u00e9cessaire, ou simplement faire une piq\u00fbre de rappel aux usagers du parc. \u00a9Amandine VachezObserver les comportements<\/p>\n<p class=\" wall-content\">Avant de trouver ce groupe, des policiers ont \u00e9t\u00e9 \u00e0 la rencontre de jeunes gens, assis \u00e0 six autour d\u2019une table. Ils ont \u00e9chang\u00e9 quelques mots. \u00ab\u2009C\u2019est de l\u2019alcool\u2009?\u2009\u00bb, peut-on entendre au loin. \u00ab\u2009Non.\u2009\u00bb L\u2019\u00e9quipage poursuit sa route. Au passage, le commissaire Duez nous explique\u2009:<\/p>\n<blockquote class=\"ac-article-quote wall-content\">\n<p>\u00ab\u2009Un individu qui a quelque chose \u00e0 se reprocher, \u00e7a se voit dans son attitude. Il peut avoir le regard fuyant, \u00eatre mal \u00e0 l\u2019aise, voire hautain.\u2009\u00bb<\/p>\n<\/blockquote>\n<p class=\" wall-content\">En fonction du ressenti, les \u00e9quipages repartent en patrouille.<\/p>\n<p>\u00ab\u2009Une pr\u00e9sence qui paie\u2009\u00bb<br \/>\n    <img   decoding=\"async\" loading=\"lazy\" class=\"size-large\" src=\"https:\/\/www.europesays.com\/fr\/wp-content\/uploads\/2025\/07\/cc0ce53819786c01ce5381978a41cev-960x640.jpeg\" alt=\"Une brigade \u00e9questre est envoy\u00e9e en renfort des effectifs \u00e0 pied, ici ce jeudi 17 juillet \u00e0 Lille.\" width=\"960\" height=\"640\"\/><br \/>\n    Une brigade \u00e9questre est envoy\u00e9e en renfort des effectifs \u00e0 pied, ici ce jeudi 17\u00a0juillet \u00e0 Lille. \u00a9Amandine Vachez<\/p>\n<p class=\" wall-content\">Les agents du service d\u00e9partemental de s\u00e9curit\u00e9 publique assurent cette pr\u00e9sence car ils le peuvent, sur la p\u00e9riode estivale. Le reste de l\u2019ann\u00e9e, ces unit\u00e9s charg\u00e9es de la s\u00e9curit\u00e9 publique sont davantage <b>mobilis\u00e9es sur de gros \u00e9v\u00e9nements<\/b>, comme les manifestations, les matchs de foot, etc. \u00ab\u2009C\u2019est l\u2019\u00e9t\u00e9, il y a moins de monde dans les rues, nous avons une baisse d\u2019activit\u00e9, qui nous permet d\u2019assurer ce type de mission\u2009\u00bb, explique le commissaire Duez.<\/p>\n<p class=\" wall-content\">Ces derniers jours, quelques \u00ab\u2009belles prises\u2009\u00bb ont pu \u00eatre r\u00e9alis\u00e9es au parc Matisse. La plus importante\u2009: <b>quatre jeunes, qui ont violent\u00e9 une victime pour lui d\u00e9rober son t\u00e9l\u00e9phone<\/b>, ont \u00e9t\u00e9 pris en flagrant d\u00e9lit.<\/p>\n<blockquote class=\"tiktok-embed\" cite=\"https:\/\/www.tiktok.com\/@lilleactu\/video\/7528086196950420758\" data-video-id=\"7528086196950420758\" data-embed-from=\"oembed\" style=\"max-width:605px; min-width:325px;\"><p>\n<a target=\"_blank\" title=\"@lilleactu\" href=\"https:\/\/www.tiktok.com\/@lilleactu?refer=embed\" rel=\"nofollow noopener\">@lilleactu<\/a> <\/p>\n<p>\ud83d\udc6e\u200d\u2640\ufe0f \ud83d\udc6e\u200d\u2640\ufe0f Lille : renfort de la pr\u00e9sence polici\u00e8re au parc Matisse Les forces de l\u2019ordre sont mobilis\u00e9es en r\u00e9action \u00e0 une forte d\u00e9linquance et \u00e0 une inqui\u00e9tude croissante des usagers du parc. Nous avons suivi des agents ce jeudi apr\u00e8s-midi. <a title=\"police\" target=\"_blank\" href=\"https:\/\/www.tiktok.com\/tag\/police?refer=embed\" rel=\"nofollow noopener\">#police<\/a> <a title=\"lille\" target=\"_blank\" href=\"https:\/\/www.tiktok.com\/tag\/lille?refer=embed\" rel=\"nofollow noopener\">#lille<\/a> <a title=\"parcmatisse\" target=\"_blank\" href=\"https:\/\/www.tiktok.com\/tag\/parcmatisse?refer=embed\" rel=\"nofollow noopener\">#parcMatisse<\/a> <a title=\"lillecentre\" target=\"_blank\" href=\"https:\/\/www.tiktok.com\/tag\/lillecentre?refer=embed\" rel=\"nofollow noopener\">#lillecentre<\/a> <a title=\"securite\" target=\"_blank\" href=\"https:\/\/www.tiktok.com\/tag\/securite?refer=embed\" rel=\"nofollow noopener\">#securite<\/a> <a title=\"deliquance\" target=\"_blank\" href=\"https:\/\/www.tiktok.com\/tag\/deliquance?refer=embed\" rel=\"nofollow noopener\">#deliquance<\/a><\/p>\n<p> <a target=\"_blank\" title=\"\u266c Suspenseful and tense orchestra(1318015) - SoLaTiDo\" href=\"https:\/\/www.tiktok.com\/music\/Suspenseful-and-tense-orchestra-1318015-7146319288964483074?refer=embed\" rel=\"nofollow noopener\">\u266c Suspenseful and tense orchestra(1318015) \u2013 SoLaTiDo<\/a> <\/p>\n<\/blockquote>\n<p class=\" wall-content\">La police se montre et montre qu\u2019elle a entendu l\u2019appel des habitants. S\u00e9curiser, c\u2019est prendre sur le fait, recadrer, dissuader, et surtout, apaiser les inqui\u00e9tudes et les tensions.<\/p>\n<p class=\" wall-content\">Suivez toute l\u2019actualit\u00e9 de vos villes et m\u00e9dias favoris en vous inscrivant \u00e0 <a href=\"https:\/\/moncompte.actu.fr\" title=\"D\u00e9couvez Mon Actu\" rel=\"nofollow noopener\" data-trk=\"{&quot;cta&quot;:{&quot;action&quot;:&quot;https:\\\/\\\/moncompte.actu.fr&quot;,&quot;category&quot;:&quot;mon compte&quot;,&quot;from&quot;:&quot;article footer&quot;,&quot;name&quot;:&quot;Mon actu&quot;,&quot;type&quot;:&quot;cta&quot;}}\" target=\"_blank\">Mon Actu<\/a>.<\/p>\n<ul class=\"ac-article-tag wall-content\">\n<li><a href=\"https:\/\/actu.fr\/tag\/police\" data-trk=\"{&quot;cta&quot;:{&quot;action&quot;:&quot;Police&quot;,&quot;category&quot;:&quot;tag&quot;,&quot;from&quot;:&quot;article footer&quot;,&quot;name&quot;:&quot;Police&quot;,&quot;type&quot;:&quot;cta&quot;}}\" rel=\"nofollow noopener\" target=\"_blank\">#Police<\/a><\/li>\n<li><a href=\"https:\/\/actu.fr\/tag\/violences-urbaines\" data-trk=\"{&quot;cta&quot;:{&quot;action&quot;:&quot;Violences urbaines&quot;,&quot;category&quot;:&quot;tag&quot;,&quot;from&quot;:&quot;article footer&quot;,&quot;name&quot;:&quot;Violences urbaines&quot;,&quot;type&quot;:&quot;cta&quot;}}\" rel=\"nofollow noopener\" target=\"_blank\">#Violences urbaines<\/a><\/li>\n<\/ul>\n<p>                    <script async src=\"\/\/www.tiktok.com\/embed.js\"><\/script><\/p>\n","protected":false},"excerpt":{"rendered":"Par Amandine Vachez Publi\u00e9 le 18 juil. 2025 \u00e0 7h48 Des groupes de jeunes qui stagnent dans le&hellip;\n","protected":false},"author":2,"featured_media":255671,"comment_status":"","ping_status":"","sticky":false,"template":"","format":"standard","meta":{"footnotes":""},"categories":[2815],"tags":[1111,11,1777,674,118,1011,27,811,1307,12,1072,25,7501],"class_list":{"0":"post-255670","1":"post","2":"type-post","3":"status-publish","4":"format-standard","5":"has-post-thumbnail","7":"category-lille","8":"tag-actu","9":"tag-actualites","10":"tag-eu","11":"tag-europe","12":"tag-faits-divers","13":"tag-fr","14":"tag-france","15":"tag-hauts-de-france","16":"tag-lille","17":"tag-news","18":"tag-police","19":"tag-republique-francaise","20":"tag-violences-urbaines"},"share_on_mastodon":{"url":"https:\/\/pubeurope.com\/@fr\/114872758233288695","error":""},"_links":{"self":[{"href":"https:\/\/www.europesays.com\/fr\/wp-json\/wp\/v2\/posts\/255670","targetHints":{"allow":["GET"]}}],"collection":[{"href":"https:\/\/www.europesays.com\/fr\/wp-json\/wp\/v2\/posts"}],"about":[{"href":"https:\/\/www.europesays.com\/fr\/wp-json\/wp\/v2\/types\/post"}],"author":[{"embeddable":true,"href":"https:\/\/www.europesays.com\/fr\/wp-json\/wp\/v2\/users\/2"}],"replies":[{"embeddable":true,"href":"https:\/\/www.europesays.com\/fr\/wp-json\/wp\/v2\/comments?post=255670"}],"version-history":[{"count":0,"href":"https:\/\/www.europesays.com\/fr\/wp-json\/wp\/v2\/posts\/255670\/revisions"}],"wp:featuredmedia":[{"embeddable":true,"href":"https:\/\/www.europesays.com\/fr\/wp-json\/wp\/v2\/media\/255671"}],"wp:attachment":[{"href":"https:\/\/www.europesays.com\/fr\/wp-json\/wp\/v2\/media?parent=255670"}],"wp:term":[{"taxonomy":"category","embeddable":true,"href":"https:\/\/www.europesays.com\/fr\/wp-json\/wp\/v2\/categories?post=255670"},{"taxonomy":"post_tag","embeddable":true,"href":"https:\/\/www.europesays.com\/fr\/wp-json\/wp\/v2\/tags?post=255670"}],"curies":[{"name":"wp","href":"https:\/\/api.w.org\/{rel}","templated":true}]}}