{"id":255681,"date":"2025-07-18T06:18:09","date_gmt":"2025-07-18T06:18:09","guid":{"rendered":"https:\/\/www.europesays.com\/fr\/255681\/"},"modified":"2025-07-18T06:18:09","modified_gmt":"2025-07-18T06:18:09","slug":"apres-paris-saint-denis-va-tester-la-baignade-dans-le-canal-a-deux-pas-du-stade-de-france","status":"publish","type":"post","link":"https:\/\/www.europesays.com\/fr\/255681\/","title":{"rendered":"Apr\u00e8s Paris, Saint-Denis va tester la baignade dans le canal \u00e0 deux pas du Stade de France"},"content":{"rendered":"<p>            Par<br \/>\n        <strong><br \/>\n            <a href=\"https:\/\/actu.fr\/auteur\/dorinegoth\" title=\"Consulter tous les articles de Dorine Goth\" target=\"_blank\" rel=\"noopener\">Dorine Goth<\/a><br \/>\n        <\/strong><\/p>\n<p>        Publi\u00e9 le<\/p>\n<p>            18 juil. 2025 \u00e0 7h14        <\/p>\n<p>Un plongeon avec le <a href=\"https:\/\/actu.fr\/tag\/stade-de-france\" target=\"_blank\" rel=\"noopener\">Stade de France<\/a> en toile de fond. C\u2019est ce que pourront exp\u00e9rimenter prochainement les habitants de <strong>Saint-Denis<\/strong> et les <strong>visiteurs,<\/strong> \u00e0 l\u2019occasion de l\u2019ouverture exceptionnelle de la <strong>baignade<\/strong> dans <a href=\"https:\/\/actu.fr\/ile-de-france\/saint-denis_93066\/seine-saint-denis-deux-nouvelles-passerelles-pour-franchir-le-canal-saint-denis_61251017.html\" target=\"_blank\" rel=\"noopener\">le <strong>canal<\/strong><\/a> dimanche 31\u00a0ao\u00fbt 2025, dans le cadre de la cl\u00f4ture des animations Bel \u00e9t\u00e9. Une fa\u00e7on aussi pour les nostalgiques de retrouver l\u2019ambiance des<a href=\"https:\/\/actu.fr\/tag\/jo-paris-2024\" target=\"_blank\" rel=\"noopener\"> Jeux de Paris 2024<\/a> au niveau du <a href=\"https:\/\/actu.fr\/societe\/jo-de-paris-2024-ou-suivre-les-epreuves-et-faire-la-fete-en-seine-saint-denis_60547460.html\" target=\"_blank\" rel=\"noopener\">bassin de la Maltourn\u00e9e<\/a>, place centrale des animations pendant les JO.<\/p>\n<p>Tests de qualit\u00e9 de l\u2019eau<\/p>\n<p class=\" wall-content\">Au programme\u2009: ouverture de la baignade le dimanche apr\u00e8s-midi, <strong>de 14\u00a0heures \u00e0 18\u00a0heures.<\/strong> Chaque personne sachant d\u00e9j\u00e0 nager aura le loisir de piquer une t\u00eate dans un espace exceptionnellement ouvert pour l\u2019occasion. \u00ab\u2009Le temps d\u2019une apr\u00e8s-midi, vous pourrez profiter du canal Saint-Denis d\u2019une mani\u00e8re in\u00e9dite gr\u00e2ce \u00e0 des espaces de nage surveill\u00e9s, d\u00e9limit\u00e9s par des bou\u00e9es et \u00e9quip\u00e9s de pontons d\u2019acc\u00e8s\u2009\u00bb, pr\u00e9sente la municipalit\u00e9.<\/p>\n<p class=\" wall-content\">Pour ouvrir la baignade des<strong> tests de <a href=\"https:\/\/actu.fr\/ile-de-france\/paris_75056\/qualite-de-l-eau-debit-les-conditions-sont-elles-reunies-pour-l-epreuve-de-paratriathlon-dans-la-seine_61536078.html\" target=\"_blank\" rel=\"noopener\">qualit\u00e9 de l\u2019eau<\/a><\/strong> seront r\u00e9alis\u00e9s en amont. \u00ab\u2009Dans le cas o\u00f9 la qualit\u00e9 de l\u2019eau ne serait pas conforme \u00e0 la r\u00e9glementation europ\u00e9enne pour la qualit\u00e9 des eaux de baignade, l\u2019organisateur annulerait le jour de baignade\u2009\u00bb, pr\u00e9vient la ville. Une d\u00e9cision similaire serait prise en cas d\u2019orage de forte intensit\u00e9 quelques heures avant la baignade ou d\u2019\u00e9pisode de pollution.<\/p>\n<p class=\" wall-content\">La baignade sera accompagn\u00e9e d\u2019animations tout au long du week-end sur le bassin avec une ambiance musicale, des jeux d\u2019eau, une ludomobile et une plage am\u00e9nag\u00e9e. Une buvette et des food-trucks de quoi boire et se restaurer.<\/p>\n<p class=\" wall-content\">Suivez toute l\u2019actualit\u00e9 de vos villes et m\u00e9dias favoris en vous inscrivant \u00e0 <a href=\"https:\/\/moncompte.actu.fr\" title=\"D\u00e9couvez Mon Actu\" rel=\"nofollow noopener\" data-trk=\"{&quot;cta&quot;:{&quot;action&quot;:&quot;https:\\\/\\\/moncompte.actu.fr&quot;,&quot;category&quot;:&quot;mon compte&quot;,&quot;from&quot;:&quot;article footer&quot;,&quot;name&quot;:&quot;Mon actu&quot;,&quot;type&quot;:&quot;cta&quot;}}\" target=\"_blank\">Mon Actu<\/a>.<\/p>\n<ul class=\"ac-article-tag wall-content\">\n<li><a href=\"https:\/\/actu.fr\/tag\/canal-de-l-ourcq-saint-denis\" data-trk=\"{&quot;cta&quot;:{&quot;action&quot;:&quot;Canal de l&#039;Ourcq \\\/ Saint-Denis&quot;,&quot;category&quot;:&quot;tag&quot;,&quot;from&quot;:&quot;article footer&quot;,&quot;name&quot;:&quot;Canal de l&#039;Ourcq \\\/ Saint-Denis&quot;,&quot;type&quot;:&quot;cta&quot;}}\" target=\"_blank\" rel=\"noopener\">#Canal de l&rsquo;Ourcq \/ Saint-Denis<\/a><\/li>\n<li><a href=\"https:\/\/actu.fr\/tag\/jo-paris-2024\" data-trk=\"{&quot;cta&quot;:{&quot;action&quot;:&quot;JO Paris 2024&quot;,&quot;category&quot;:&quot;tag&quot;,&quot;from&quot;:&quot;article footer&quot;,&quot;name&quot;:&quot;JO Paris 2024&quot;,&quot;type&quot;:&quot;cta&quot;}}\" target=\"_blank\" rel=\"noopener\">#JO Paris 2024<\/a><\/li>\n<\/ul>\n","protected":false},"excerpt":{"rendered":"Par Dorine Goth Publi\u00e9 le 18 juil. 2025 \u00e0 7h14 Un plongeon avec le Stade de France en&hellip;\n","protected":false},"author":2,"featured_media":255682,"comment_status":"","ping_status":"","sticky":false,"template":"","format":"standard","meta":{"footnotes":""},"categories":[1888],"tags":[1111,1928,11,1927,26029,1777,674,1011,27,7941,1652,12,1926,626,1925,25],"class_list":{"0":"post-255681","1":"post","2":"type-post","3":"status-publish","4":"format-standard","5":"has-post-thumbnail","7":"category-paris","8":"tag-actu","9":"tag-actu-paris","10":"tag-actualites","11":"tag-actualites-paris","12":"tag-canal-de-lourcq-saint-denis","13":"tag-eu","14":"tag-europe","15":"tag-fr","16":"tag-france","17":"tag-jo-paris-2024","18":"tag-loisirs-culture","19":"tag-news","20":"tag-news-paris","21":"tag-paris","22":"tag-paris-news","23":"tag-republique-francaise"},"share_on_mastodon":{"url":"https:\/\/pubeurope.com\/@fr\/114872785651766970","error":""},"_links":{"self":[{"href":"https:\/\/www.europesays.com\/fr\/wp-json\/wp\/v2\/posts\/255681","targetHints":{"allow":["GET"]}}],"collection":[{"href":"https:\/\/www.europesays.com\/fr\/wp-json\/wp\/v2\/posts"}],"about":[{"href":"https:\/\/www.europesays.com\/fr\/wp-json\/wp\/v2\/types\/post"}],"author":[{"embeddable":true,"href":"https:\/\/www.europesays.com\/fr\/wp-json\/wp\/v2\/users\/2"}],"replies":[{"embeddable":true,"href":"https:\/\/www.europesays.com\/fr\/wp-json\/wp\/v2\/comments?post=255681"}],"version-history":[{"count":0,"href":"https:\/\/www.europesays.com\/fr\/wp-json\/wp\/v2\/posts\/255681\/revisions"}],"wp:featuredmedia":[{"embeddable":true,"href":"https:\/\/www.europesays.com\/fr\/wp-json\/wp\/v2\/media\/255682"}],"wp:attachment":[{"href":"https:\/\/www.europesays.com\/fr\/wp-json\/wp\/v2\/media?parent=255681"}],"wp:term":[{"taxonomy":"category","embeddable":true,"href":"https:\/\/www.europesays.com\/fr\/wp-json\/wp\/v2\/categories?post=255681"},{"taxonomy":"post_tag","embeddable":true,"href":"https:\/\/www.europesays.com\/fr\/wp-json\/wp\/v2\/tags?post=255681"}],"curies":[{"name":"wp","href":"https:\/\/api.w.org\/{rel}","templated":true}]}}