{"id":255683,"date":"2025-07-18T06:19:18","date_gmt":"2025-07-18T06:19:18","guid":{"rendered":"https:\/\/www.europesays.com\/fr\/255683\/"},"modified":"2025-07-18T06:19:18","modified_gmt":"2025-07-18T06:19:18","slug":"apres-la-candidature-de-barnier-a-paris-le-camp-wauquiez-exige-de-travailler-en-bonne-intelligence-avec-dati","status":"publish","type":"post","link":"https:\/\/www.europesays.com\/fr\/255683\/","title":{"rendered":"apr\u00e8s la candidature de Barnier \u00e0 Paris, le camp Wauquiez exige de travailler \u00aben bonne intelligence\u00bb avec Dati"},"content":{"rendered":"<p><strong>INFO LE FIGARO &#8211;<\/strong> Le patron des d\u00e9put\u00e9s LR, qui reste officiellement en retrait, ne compte pas pour autant se d\u00e9sint\u00e9resser de la l\u00e9gislative partielle \u00e0 venir dans la 2e circonscription de la capitale.<\/p>\n<p class=\"fig-paragraph\">\u00abTout le monde attend, pop-corn en main, de savoir ce qu\u2019il en pense\u00bb, glissait encore, ce jeudi matin, un important \u00e9lu parisien. \u00abIl\u00bb \u00e9tant Laurent Wauquiez, le patron des d\u00e9put\u00e9s Les R\u00e9publicains (LR), qui observe avec une attention toute particuli\u00e8re\u00a0<a href=\"http:\/\/www.lefigaro.fr\/politique\/ce-n-est-pas-le-genre-a-avoir-peur-a-paris-les-ambitions-de-barnier-et-dati-se-percutent-en-vue-de-la-legislative-partielle-20250716\" data-fig-type=\"NewsFlash\" data-gtm-custom-categorie=\"navigation\" data-gtm-custom-action=\"crossclick\" data-gtm-custom-label=\"Contextuel\" data-gtm-event=\"customEventSPE\" data-fig-domain=\"LEFIGARO\" target=\"_blank\" rel=\"noopener\">le bal des candidatures pour la 2e circonscription de Paris<\/a>. Un territoire tr\u00e8s strat\u00e9gique de la capitale qui a attis\u00e9 les ambitions de Michel Barnier et, dans la foul\u00e9e, celles de Rachida Dati. Voil\u00e0 pour le devant de la sc\u00e8ne, alors que LR veut jouer la montre jusqu\u2019\u00e0 la fin du mois pour tenter de calmer le jeu, avant de\u00a0<a href=\"http:\/\/www.lefigaro.fr\/politique\/legislative-partielle-a-paris-lr-veut-calmer-le-jeu-entre-barnier-et-dati-avant-de-trancher-le-28-juillet-20250717\" data-fig-type=\"Article\" data-gtm-custom-categorie=\"navigation\" data-gtm-custom-action=\"crossclick\" data-gtm-custom-label=\"Contextuel\" data-gtm-event=\"customEventSPE\" data-fig-domain=\"LEFIGARO\" target=\"_blank\" rel=\"noopener\">trancher lors d\u2019une commission nationale d\u2019investiture pr\u00e9vue le 28 juillet<\/a>.<\/p>\n<p class=\"fig-paragraph\">Derri\u00e8re le rideau, d\u2019autres acteurs jouent leur partition. Une fois sa candidature rendue officielle, Michel Barnier a re\u00e7u le soutien public de Bruno Retailleau. Puis, de la f\u00e9d\u00e9ration LR de Paris. Ce qui, selon plusieurs sources, n\u2019a gu\u00e8re manqu\u00e9 d\u2019agacer Laurent Wauquiez, trouvant que ce n\u2019\u00e9tait l\u00e0 \u00abpas des mani\u00e8res\u00bb, rapporte l\u2019un de ses\u2026<\/p>\n<p class=\"fig-premium-paywall__infos\">\n        Cet article est r\u00e9serv\u00e9 aux abonn\u00e9s.        Il vous reste 58% \u00e0 d\u00e9couvrir.\n    <\/p>\n<p>                <img  data- alt=\"Le Figaro\" class=\"fig-img--complete fig-img\"\/><\/p>\n<p class=\"fig-premium-paywall__title\">Vous avez envie de lire la suite ?<\/p>\n<p class=\"fig-premium-paywall__subtitle\">D\u00e9bloquez tous les articles imm\u00e9diatement.<\/p>\n<p class=\"fig-premium-paywall__connect\">\n                D\u00e9j\u00e0 abonn\u00e9\u00a0?                <a class=\"fig-premium-paywall__connect-link\" href=\"https:\/\/connect.lefigaro.fr\/login?client=horizon_web&amp;type=main&amp;redirect_uri=https%3A%2F%2Fwww.lefigaro.fr%2Fpolitique%2Fun-passage-en-force-brutal-apres-la-candidature-de-barnier-a-paris-le-camp-wauquiez-exige-de-travailler-en-bonne-intelligence-avec-dati-20250717\" data-js-gtm=\"{&quot;customCategorie&quot;: &quot;conversion&quot;, &quot;customAction&quot;: &quot;before_Landing_Connexion_paywall_auto&quot;, &quot;customLabel&quot;: &quot;bGVmaWdhcm8uZnJfXzFmMDYyZjdjLWQzOGQtNmIwZS1hYmFkLTliZjBjYjdiNDQyOF9fTmV3c0ZsYXNo_\u00abUn passage en force brutal\u00bb\u00a0: apr\u00e8s la candidature de Barnier \u00e0 Paris, le camp Wauquiez exige de travailler \u00aben bonne intelligence\u00bb avec Dati_343&quot;, &quot;customIDSPE&quot;: &quot;bGVmaWdhcm8uZnJfXzFmMDYyZjdjLWQzOGQtNmIwZS1hYmFkLTliZjBjYjdiNDQyOF9fTmV3c0ZsYXNo&quot;, &quot;event&quot;: &quot;customEventSPE&quot;}\" target=\"_blank\" rel=\"noopener\"><br \/>\n                    Connectez-vous<br \/>\n                <\/a>\n            <\/p>\n","protected":false},"excerpt":{"rendered":"INFO LE FIGARO &#8211; Le patron des d\u00e9put\u00e9s LR, qui reste officiellement en retrait, ne compte pas pour&hellip;\n","protected":false},"author":2,"featured_media":255684,"comment_status":"","ping_status":"","sticky":false,"template":"","format":"standard","meta":{"footnotes":""},"categories":[1888],"tags":[1111,1928,11,1927,1013,1777,674,1011,27,5639,6319,12,1926,626,1925,417,25],"class_list":{"0":"post-255683","1":"post","2":"type-post","3":"status-publish","4":"format-standard","5":"has-post-thumbnail","7":"category-paris","8":"tag-actu","9":"tag-actu-paris","10":"tag-actualites","11":"tag-actualites-paris","12":"tag-bruno-retailleau","13":"tag-eu","14":"tag-europe","15":"tag-fr","16":"tag-france","17":"tag-laurent-wauquiez","18":"tag-les-republicains","19":"tag-news","20":"tag-news-paris","21":"tag-paris","22":"tag-paris-news","23":"tag-rachida-dati","24":"tag-republique-francaise"},"share_on_mastodon":{"url":"https:\/\/pubeurope.com\/@fr\/114872789479464856","error":""},"_links":{"self":[{"href":"https:\/\/www.europesays.com\/fr\/wp-json\/wp\/v2\/posts\/255683","targetHints":{"allow":["GET"]}}],"collection":[{"href":"https:\/\/www.europesays.com\/fr\/wp-json\/wp\/v2\/posts"}],"about":[{"href":"https:\/\/www.europesays.com\/fr\/wp-json\/wp\/v2\/types\/post"}],"author":[{"embeddable":true,"href":"https:\/\/www.europesays.com\/fr\/wp-json\/wp\/v2\/users\/2"}],"replies":[{"embeddable":true,"href":"https:\/\/www.europesays.com\/fr\/wp-json\/wp\/v2\/comments?post=255683"}],"version-history":[{"count":0,"href":"https:\/\/www.europesays.com\/fr\/wp-json\/wp\/v2\/posts\/255683\/revisions"}],"wp:featuredmedia":[{"embeddable":true,"href":"https:\/\/www.europesays.com\/fr\/wp-json\/wp\/v2\/media\/255684"}],"wp:attachment":[{"href":"https:\/\/www.europesays.com\/fr\/wp-json\/wp\/v2\/media?parent=255683"}],"wp:term":[{"taxonomy":"category","embeddable":true,"href":"https:\/\/www.europesays.com\/fr\/wp-json\/wp\/v2\/categories?post=255683"},{"taxonomy":"post_tag","embeddable":true,"href":"https:\/\/www.europesays.com\/fr\/wp-json\/wp\/v2\/tags?post=255683"}],"curies":[{"name":"wp","href":"https:\/\/api.w.org\/{rel}","templated":true}]}}