{"id":255687,"date":"2025-07-18T06:21:12","date_gmt":"2025-07-18T06:21:12","guid":{"rendered":"https:\/\/www.europesays.com\/fr\/255687\/"},"modified":"2025-07-18T06:21:12","modified_gmt":"2025-07-18T06:21:12","slug":"notre-dame-de-paris-les-bourdons-emmanuel-et-marie-resonnent-pour-la-premiere-fois-depuis-lincendie","status":"publish","type":"post","link":"https:\/\/www.europesays.com\/fr\/255687\/","title":{"rendered":"Notre-Dame de Paris\u00a0: les bourdons Emmanuel et Marie r\u00e9sonnent pour la premi\u00e8re fois depuis l\u2019incendie"},"content":{"rendered":"<p class=\"paragraph text_align_left lp-f-body-02\">Il est un peu plus de 19 heures, ce jeudi 17 juillet, sur le parvis de Notre-Dame (IVe), lorsqu\u2019un son de tintement de cloche fait soudainement taire les conversations et lever les yeux vers le haut de la cath\u00e9drale.<\/p>\n<p class=\"paragraph text_align_left lp-f-body-02\">Sans le savoir pour la majorit\u00e9, les touristes qui font encore la queue en cette fin de journ\u00e9e viennent d\u2019assister \u00e0 un \u00e9v\u00e9nement. Eux pensent avoir entendu les habituels carillons de la tour sud sonnant les messes, les heures, les quarts d\u2019heure et les demi-heures.<\/p>\n<p class=\"paragraph text_align_left lp-f-body-02\">Pourtant, c\u2019\u00e9tait l\u2019une des immenses cloches de la tour sud de la cath\u00e9drale, celle qui borde la Seine, qui sonnait pour la premi\u00e8re fois depuis <a href=\"https:\/\/www.leparisien.fr\/paris-75\/notre-dame-la-cathedrale-a-accueilli-plus-de-6-millions-de-visiteurs-depuis-sa-reouverture-06-07-2025-ANGUW3K2XRDOBIW6NRYGV7VFQA.php\" target=\"_blank\" rel=\"noreferrer nofollow noopener\">la r\u00e9ouverture au public<\/a> des lieux, le 7 d\u00e9cembre dernier. Quelques curieux ont bien film\u00e9 ce retour d\u2019Emmanuel, nom donn\u00e9 au bourdon de 13,3 tonnes qui date de 1686, invisible car situ\u00e9 \u00e0 l\u2019int\u00e9rieur.<\/p>\n<p><img decoding=\"async\" class=\"image \" loading=\"lazy\" src=\"https:\/\/www.europesays.com\/fr\/wp-content\/uploads\/2025\/07\/UMIN2YDLFZEBBIPBVC2FNYTDDA.jpg\" alt=\"L'archev\u00eaque de Paris (au centre) s'est r\u00e9jouit que la cath\u00e9drale retrouve progressivement sa voix et ses instruments.\" align=\"\" data-rubrique-principale=\"\" data-article-type=\"\" fetchpriority=\"auto\"\/>L&rsquo;archev\u00eaque de Paris (au centre) s&rsquo;est r\u00e9jouit que la cath\u00e9drale retrouve progressivement sa voix et ses instruments.<\/p>\n<p class=\"paragraph text_align_left lp-f-body-02\">Plus de six ans apr\u00e8s l\u2019incendie du 15 avril 2019 qui a ravag\u00e9 la cath\u00e9drale, celle-ci retrouve donc \u00ab sa voix \u00bb, commente R\u00e9mi Fromont, un des trois architectes en chef des monuments historiques charg\u00e9s de superviser la s\u00e9curisation et la reconstruction de Notre-Dame. Petit \u00e0 petit, toutes les pierres de l\u2019immense \u00e9difice sont restaur\u00e9es et recoll\u00e9es.<\/p>\n<p class=\"paragraph text_align_left lp-f-body-02\">La suite de la soir\u00e9e est encore plus symbolique : la sonnerie des deux bourdons en c\u0153ur. Emmanuel s\u2019\u00e9lance en premier. Son syst\u00e8me, \u00e9lectrique depuis 90 ans, est activ\u00e9. Puis c\u2019est au tour de Marie, sa voisine plac\u00e9e \u00e0 ses c\u00f4t\u00e9s en 2013 \u00e0 l\u2019occasion du 850e anniversaire de la cath\u00e9drale. Les deux sonnent \u00e0 la vol\u00e9e durant dix minutes, sous le regard des campanistes, les artisans charg\u00e9s de la conception, de l\u2019installation, du fonctionnement, du mouvement et de l\u2019entretien des cloches.<\/p>\n<p class=\"paragraph text_align_left lp-f-body-02\">Les axes en bois auxquels ils sont suspendus<b> <\/b>viennent d\u2019\u00eatre compl\u00e8tement reconstruits. Ces jougs, trois immenses pi\u00e8ces de bois massif de plus de 3 m\u00e8tres de longueur, ont \u00e9t\u00e9 choisis avec pr\u00e9caution et assembl\u00e9s pour soutenir le poids des deux bourdons.<\/p>\n<p class=\"paragraph text_align_left lp-f-body-02\">Si cette tour, contrairement \u00e0 celle du nord, n\u2019a pas \u00e9t\u00e9 touch\u00e9e par l\u2019incendie, son \u00e9tat n\u00e9cessitait diff\u00e9rents travaux, dont la restauration de la base du beffroi en bois, le remplacement des jougs. Ou encore la construction d\u2019un escalier qui permettra au public de venir admirer l\u2019int\u00e9rieur des deux tours, fin septembre. Un circuit touristique du centre des monuments nationaux qui n\u2019\u00e9tait plus propos\u00e9 depuis l\u2019incendie.<\/p>\n<p class=\"paragraph text_align_left lp-f-body-02\">Philippe Jost, pr\u00e9sident de l\u2019\u00e9tablissement public Reb\u00e2tir Notre-Dame, salue \u00ab le talent \u00bb de ceux qui ont rendu ce moment possible. \u00ab C\u2019est la voix de tous les artisans qui r\u00e9sonne \u00bb, ajoute-t-il. Des artisans venus d\u2019entreprises des quatre coins de la France, de l\u2019Indre-et-Loire \u00e0 la Corr\u00e8ze en passant par la Haute-Sa\u00f4ne, le Bas-Rhin, l\u2019Allier, le Pas-de-Calais et les Hautes-Pyr\u00e9n\u00e9es.<\/p>\n<p>\u00ab Quasimodo devait \u00eatre sourd \u00bb<\/p>\n<p class=\"paragraph text_align_left lp-f-body-02\">L\u2019un d\u2019eux, qui a pass\u00e9 six semaines sur le chantier, assure, sourire en coin, que si le son est impressionnant, c\u2019est le \u00ab mouvement \u00bb des bourdons qui l\u2019a frapp\u00e9.<\/p>\n<p class=\"paragraph text_align_left lp-f-body-02\">\u00ab C\u2019est une \u00e9motion sonore\u2026 On se dit que Quasimodo devait \u00eatre sourd \u00bb, sourit Mgr Laurent Ulrich, l\u2019archev\u00eaque de Paris, alors que l\u2019artisan vient tout juste d\u2019immobiliser les bourdons apr\u00e8s dix minutes de sonnerie. \u00ab La cloche est faite pour avertir, rassembler, chanter la louange, dire la peine\u2026 C\u2019est important qu\u2019on puisse porter attention \u00e0 ces cloches que l\u2019on entend souvent de loin \u00bb, poursuit-il.<\/p>\n<p class=\"paragraph text_align_left lp-f-body-02\">Un son unique et pas si courant, puisque ces bourdons, d\u00e9sormais 100 % fonctionnels,<b> <\/b>ne retentissent qu\u2019\u00e0 des occasions tr\u00e8s pr\u00e9cises : f\u00eates catholiques, armistice et Lib\u00e9ration de Paris ou encore d\u00e9c\u00e8s de l\u2019archev\u00eaque ou du Pape.<\/p>\n<p class=\"paragraph text_align_left lp-f-body-02\">Mais il faudra s\u2019armer encore davantage de patience pour les entendre \u00e0 nouveau, puisque les deux bourdons ne retentiront que lorsque <a href=\"https:\/\/www.leparisien.fr\/paris-75\/notre-dame-de-paris-nen-a-pas-fini-avec-les-travaux-vers-un-nouvel-appel-a-la-generosite-publique-15-04-2025-DLY77OYBJNCAPPZD4SLFS2Y7LU.php\" target=\"_blank\" rel=\"noreferrer nofollow noopener\">les travaux de la tour seront termin\u00e9s. <\/a>Pour l\u2019heure, du haut du beffroi, on entend les huit carillons sonner 20h30, dans la tour d\u2019en face.<\/p>\n","protected":false},"excerpt":{"rendered":"Il est un peu plus de 19 heures, ce jeudi 17 juillet, sur le parvis de Notre-Dame (IVe),&hellip;\n","protected":false},"author":2,"featured_media":255688,"comment_status":"","ping_status":"","sticky":false,"template":"","format":"standard","meta":{"footnotes":""},"categories":[1888],"tags":[11,1777,674,1011,27,1944,12,626,25],"class_list":{"0":"post-255687","1":"post","2":"type-post","3":"status-publish","4":"format-standard","5":"has-post-thumbnail","7":"category-paris","8":"tag-actualites","9":"tag-eu","10":"tag-europe","11":"tag-fr","12":"tag-france","13":"tag-ma-ville","14":"tag-news","15":"tag-paris","16":"tag-republique-francaise"},"share_on_mastodon":{"url":"https:\/\/pubeurope.com\/@fr\/114872797318565424","error":""},"_links":{"self":[{"href":"https:\/\/www.europesays.com\/fr\/wp-json\/wp\/v2\/posts\/255687","targetHints":{"allow":["GET"]}}],"collection":[{"href":"https:\/\/www.europesays.com\/fr\/wp-json\/wp\/v2\/posts"}],"about":[{"href":"https:\/\/www.europesays.com\/fr\/wp-json\/wp\/v2\/types\/post"}],"author":[{"embeddable":true,"href":"https:\/\/www.europesays.com\/fr\/wp-json\/wp\/v2\/users\/2"}],"replies":[{"embeddable":true,"href":"https:\/\/www.europesays.com\/fr\/wp-json\/wp\/v2\/comments?post=255687"}],"version-history":[{"count":0,"href":"https:\/\/www.europesays.com\/fr\/wp-json\/wp\/v2\/posts\/255687\/revisions"}],"wp:featuredmedia":[{"embeddable":true,"href":"https:\/\/www.europesays.com\/fr\/wp-json\/wp\/v2\/media\/255688"}],"wp:attachment":[{"href":"https:\/\/www.europesays.com\/fr\/wp-json\/wp\/v2\/media?parent=255687"}],"wp:term":[{"taxonomy":"category","embeddable":true,"href":"https:\/\/www.europesays.com\/fr\/wp-json\/wp\/v2\/categories?post=255687"},{"taxonomy":"post_tag","embeddable":true,"href":"https:\/\/www.europesays.com\/fr\/wp-json\/wp\/v2\/tags?post=255687"}],"curies":[{"name":"wp","href":"https:\/\/api.w.org\/{rel}","templated":true}]}}