{"id":255696,"date":"2025-07-18T06:26:25","date_gmt":"2025-07-18T06:26:25","guid":{"rendered":"https:\/\/www.europesays.com\/fr\/255696\/"},"modified":"2025-07-18T06:26:25","modified_gmt":"2025-07-18T06:26:25","slug":"vifs-debats-en-allemagne-la-guerre-des-vacances-scolaires-dete-fait-rage","status":"publish","type":"post","link":"https:\/\/www.europesays.com\/fr\/255696\/","title":{"rendered":"Vifs d\u00e9bats: En Allemagne, la guerre des vacances scolaires d&rsquo;\u00e9t\u00e9 fait rage"},"content":{"rendered":"<p class=\"a-paragraph a-paragraph--lead\" data-t-name=\"Paragraph\">La guerre des vacances scolaires se rallume en Allemagne o\u00f9 les deux riches r\u00e9gions du sud d\u00e9cha\u00eenent l&rsquo;envie de celles du nord car les vacances d&rsquo;\u00e9t\u00e9 y d\u00e9marrent plus tard, permettant de payer moins cher h\u00f4tels et voyages.<\/p>\n<p>  <img decoding=\"async\" class=\"m-image-and-caption__image lazyload\" src=\"https:\/\/www.europesays.com\/fr\/wp-content\/uploads\/2025\/07\/24a31bad-8b6a-4e05-b77d-98a2c0af9f3b.png\"  data- alt=\"En Allemagne, les cong\u00e9s d'\u00e9t\u00e9 durent six semaines pour quelque 11,4 millions d'\u00e9coliers.\"\/><\/p>\n<p>      En Allemagne, les cong\u00e9s d&rsquo;\u00e9t\u00e9 durent six semaines pour quelque 11,4 millions d&rsquo;\u00e9coliers.<\/p>\n<p>        ats\n      <\/p>\n<p class=\"a-paragraph\" data-t-name=\"Paragraph\">\u00abLa Rh\u00e9nanie du Nord-Westphalie aimerait bien de temps en temps finir l&rsquo;\u00e9cole plus tard\u00bb: avec cette revendication formul\u00e9e d\u00e9but juillet, la ministre de l&rsquo;Education du Land le plus peupl\u00e9, au nord-ouest du pays, a relanc\u00e9 un d\u00e9bat sensible.<\/p>\n<p class=\"a-paragraph\" data-t-name=\"Paragraph\">\u00abNous avons besoin d&rsquo;un syst\u00e8me moderne, juste qui soit adapt\u00e9 aux besoins des familles, des \u00e9coles et des entreprises et pas \u00e0 de vieilles traditions\u00bb, a rapidement abond\u00e9 un responsable r\u00e9gional de Thuringe (centre), \u00e9galement envieux des privil\u00e8ges du Sud.<\/p>\n<p class=\"a-paragraph\" data-t-name=\"Paragraph\">En Allemagne o\u00f9 les cong\u00e9s d&rsquo;\u00e9t\u00e9 durent six semaines pour quelque 11,4 millions d&rsquo;\u00e9coliers, il fut d\u00e9cid\u00e9 dans les ann\u00e9es 1960 de ne pas envoyer les 16 Etats r\u00e9gionaux (L\u00e4nder) en repos en m\u00eame temps, afin d&rsquo;\u00e9viter d&rsquo;avoir des trains bond\u00e9s, des a\u00e9roports surcharg\u00e9s et des autoroutes embouteill\u00e9es.<\/p>\n<p class=\"a-paragraph\" data-t-name=\"Paragraph\">Une rotation est ainsi organis\u00e9e chaque ann\u00e9e: apr\u00e8s avoir \u00e9t\u00e9 en vacances du 6 juillet au 20 ao\u00fbt l&rsquo;an dernier, les \u00e9l\u00e8ves de Rh\u00e9nanie du Nord-Westphalie le sont cet \u00e9t\u00e9 du 11 juillet au 26 ao\u00fbt.<\/p>\n<p>\u00abADN\u00bb<\/p>\n<p class=\"a-paragraph\" data-t-name=\"Paragraph\">Deux r\u00e9gions \u00e9chappent depuis des d\u00e9cennies \u00e0 la r\u00e8gle: la Bavi\u00e8re et le Bade-Wurtemberg o\u00f9 la classe se termine toujours entre fin juillet et d\u00e9but ao\u00fbt pour recommencer \u00e0 la mi-septembre.<\/p>\n<p class=\"a-paragraph\" data-t-name=\"Paragraph\">A l&rsquo;origine de cette exception, l&rsquo;obligation pour nombre d&rsquo;enfants d&rsquo;aider leurs parents \u00e0 la r\u00e9colte dans le sud de l&rsquo;Allemagne qui comptait alors une grande densit\u00e9 d&rsquo;exploitations familiales.<\/p>\n<p class=\"a-paragraph\" data-t-name=\"Paragraph\">Si les temps ont chang\u00e9 et que les responsables du nord r\u00e9clament une solution \u00abadapt\u00e9e \u00e0 notre \u00e9poque\u00bb, leurs voisins du sud se montrent inflexibles: \u00abNous avons notre rythme de vacances, il est pour ainsi dire inscrit dans l&rsquo;ADN des Bavarois\u00bb, a r\u00e9torqu\u00e9 le dirigeant conservateur de cette r\u00e9gion, Markus S\u00f6der.<\/p>\n<p class=\"a-paragraph\" data-t-name=\"Paragraph\">Il se garde d&rsquo;\u00e9voquer l&rsquo;avantage de ceux qui peuvent s&rsquo;offrir en septembre des vacances \u00e0 moindre frais: \u00abEn juillet 2024, un voyage organis\u00e9 co\u00fbtait en moyenne 4977 euros (4643 francs), mais en septembre il \u00e9tait seulement de 4419 euros (4123 francs), soit une baisse de pr\u00e8s de 550 euros! (513 francs)\u00bb, selon le tablo\u00efd Bild qui a fait les calculs pour une famille avec deux enfants.<\/p>\n<p class=\"a-paragraph\" data-t-name=\"Paragraph\">Les dates des vacances d&rsquo;\u00e9t\u00e9 ayant \u00e9t\u00e9 fix\u00e9es jusqu&rsquo;\u00e0 l&rsquo;ann\u00e9e scolaire 2029\/2030, un changement ne sera possible que d&rsquo;ici cinq ans, apr\u00e8s une s\u00e9rie de n\u00e9gociations entre les r\u00e9gions.<\/p>\n","protected":false},"excerpt":{"rendered":"La guerre des vacances scolaires se rallume en Allemagne o\u00f9 les deux riches r\u00e9gions du sud d\u00e9cha\u00eenent l&rsquo;envie&hellip;\n","protected":false},"author":2,"featured_media":255697,"comment_status":"","ping_status":"","sticky":false,"template":"","format":"standard","meta":{"footnotes":""},"categories":[1587],"tags":[11,672,1804,1805,1803,1777,674,1801,12,1802],"class_list":{"0":"post-255696","1":"post","2":"type-post","3":"status-publish","4":"format-standard","5":"has-post-thumbnail","7":"category-allemagne","8":"tag-actualites","9":"tag-allemagne","10":"tag-bundesrepublik-deutschland","11":"tag-de","12":"tag-deutschland","13":"tag-eu","14":"tag-europe","15":"tag-germany","16":"tag-news","17":"tag-republique-federale-dallemagne"},"share_on_mastodon":{"url":"https:\/\/pubeurope.com\/@fr\/114872817017734545","error":""},"_links":{"self":[{"href":"https:\/\/www.europesays.com\/fr\/wp-json\/wp\/v2\/posts\/255696","targetHints":{"allow":["GET"]}}],"collection":[{"href":"https:\/\/www.europesays.com\/fr\/wp-json\/wp\/v2\/posts"}],"about":[{"href":"https:\/\/www.europesays.com\/fr\/wp-json\/wp\/v2\/types\/post"}],"author":[{"embeddable":true,"href":"https:\/\/www.europesays.com\/fr\/wp-json\/wp\/v2\/users\/2"}],"replies":[{"embeddable":true,"href":"https:\/\/www.europesays.com\/fr\/wp-json\/wp\/v2\/comments?post=255696"}],"version-history":[{"count":0,"href":"https:\/\/www.europesays.com\/fr\/wp-json\/wp\/v2\/posts\/255696\/revisions"}],"wp:featuredmedia":[{"embeddable":true,"href":"https:\/\/www.europesays.com\/fr\/wp-json\/wp\/v2\/media\/255697"}],"wp:attachment":[{"href":"https:\/\/www.europesays.com\/fr\/wp-json\/wp\/v2\/media?parent=255696"}],"wp:term":[{"taxonomy":"category","embeddable":true,"href":"https:\/\/www.europesays.com\/fr\/wp-json\/wp\/v2\/categories?post=255696"},{"taxonomy":"post_tag","embeddable":true,"href":"https:\/\/www.europesays.com\/fr\/wp-json\/wp\/v2\/tags?post=255696"}],"curies":[{"name":"wp","href":"https:\/\/api.w.org\/{rel}","templated":true}]}}