{"id":255700,"date":"2025-07-18T06:28:11","date_gmt":"2025-07-18T06:28:11","guid":{"rendered":"https:\/\/www.europesays.com\/fr\/255700\/"},"modified":"2025-07-18T06:28:11","modified_gmt":"2025-07-18T06:28:11","slug":"francois-bayrou-a-eu-raison-de-mettre-les-pieds-dans-le-plat-affirme-la-ministre-du-travail-astrid-panosyan-bouvet-sur-rtl","status":"publish","type":"post","link":"https:\/\/www.europesays.com\/fr\/255700\/","title":{"rendered":"\u00ab\u00a0Fran\u00e7ois Bayrou a eu raison de mettre les pieds dans le plat\u00a0\u00bb, affirme la ministre du Travail, Astrid Panosyan-Bouvet, sur RTL"},"content":{"rendered":"<p class=\"article-p mdl\">Trois jours apr\u00e8s avoir pr\u00e9sent\u00e9 ses pistes pour le budget 2026, le Premier ministre Fran\u00e7ois Bayrou voit sa cote de popularit\u00e9 s&rsquo;effondrer. Un Fran\u00e7ais sur cinq a une bonne opinion du chef du gouvernement, 44% des personnes interrog\u00e9es se disent d\u00e9sormais favorables \u00e0 une dissolution, selon\u00a0 le r\u00e9sultat d&rsquo;un <strong>sondage Ipsos BVA pour RTL.<\/strong><br \/>Sur RTL, ce vendredi 18 juillet,<strong> la ministre du Travail Astrid Panosyan-Bouve<\/strong>t salue<a class=\"link\" href=\"https:\/\/www.rtl.fr\/actu\/politique\/info-rtl-budget-2026-44-des-francais-favorables-a-une-dissolution-apres-les-annonces-de-francois-bayrou-d-apres-notre-sondage-7900524317\" title=\"INFO RTL - Budget 2026 : 44% des Fran\u00e7ais favorables \u00e0 une dissolution apr\u00e8s les annonces de Fran\u00e7ois Bayrou, d\u2019apr\u00e8s notre sondage\" target=\"_blank\" rel=\"noopener\"> les mesures envisag\u00e9es par Fran\u00e7ois Bayrou<\/a>. \u00ab\u00a0Je pense que Fran\u00e7ois Bayrou a eu raison d&rsquo;avoir un discours de v\u00e9rit\u00e9, de mettre les pieds dans le plat\u00a0\u00bb, assure-t-elle.\u00a0<\/p>\n<p class=\"article-p mdl\">\u00ab\u00a0Mettre les pieds dans le plat, pr\u00e9cise-t-elle, c&rsquo;est dire <strong>qu&rsquo;on a aujourd&rsquo;hui trop d&rsquo;endettement\u00a0<\/strong>qui peut nuire tout simplement \u00e0 notre capacit\u00e9 in fine de pouvoir faire des choix et d&rsquo;avoir une marge de man\u0153uvre dans ce monde qui bouge dangereusement. Donc c&rsquo;est une nouvelle qu&rsquo;on n&rsquo;a pas n\u00e9cessairement envie d&rsquo;entendre, mais c&rsquo;est une nouvelle de responsabilit\u00e9\u00a0\u00bb.<\/p>\n<p class=\"article-p mdl\">L&rsquo;une des mesures marquantes propos\u00e9es par le Premier ministre concernant le travail est<a class=\"link\" href=\"https:\/\/www.rtl.fr\/actu\/economie-consommation\/francois-bayrou-tout-savoir-sur-sa-proposition-de-renoncer-aux-conges-payes-7900524201\" title=\"Fran\u00e7ois Bayrou : tout savoir sur sa proposition de renoncer aux cong\u00e9s pay\u00e9s\" target=\"_blank\" rel=\"noopener\"> la mon\u00e9tisation de la cinqui\u00e8me semaine de cong\u00e9s pay\u00e9s<\/a>, \u00e0 lauqelle s&rsquo;ajoute \u00e9galement la suppression de deux jours f\u00e9ri\u00e9s. \u00ab\u00a0Ce ne sont pas tout \u00e0 fait des mesures, nuance la ministre. \u00c7a a \u00e9t\u00e9 pr\u00e9sent\u00e9 effectivement lors du discours, mais ce n&rsquo;\u00e9tait m\u00eame pas des annonces. C&rsquo;est un texte qui est \u00e0 l&rsquo;appr\u00e9ciation des partenaires sociaux puisqu&rsquo;ils doivent commencer les n\u00e9gociations \u00e0 partir du 1er ao\u00fbt\u00a0\u00bb.<\/p>\n<p class=\"article-p mdl\">Cette proposition \u00ab\u00a0est inspir\u00e9e d&rsquo;un dispositif qui existe d\u00e9j\u00e0, qui est la mon\u00e9tisation des RTT. Encore une fois, je veux le dire ici, c&rsquo;est<strong> une proposition qui est faite aux partenaires sociaux de n\u00e9gocier<\/strong>, parce que c&rsquo;est comme \u00e7a que le dialogue social marche. S&rsquo;ils veulent l&rsquo;\u00e9carter, ils l&rsquo;\u00e9cartent. S&rsquo;ils veulent en n\u00e9gocier, ils n\u00e9gocient, comme ce qui a \u00e9t\u00e9 mis sur la table de ce document d&rsquo;orientation sur la transparence ou les aides publiques faites aux entreprises\u00a0\u00bb.<\/p>\n<p>    L&rsquo;\u00e9quipe de l&rsquo;\u00e9mission vous recommande<\/p>\n<p class=\"s-newsletter__title\">\n                L\u2019actualit\u00e9 par la r\u00e9daction de RTL dans votre bo\u00eete mail.\n            <\/p>\n<p class=\"s-newsletter__subtitle\">\n                Gr\u00e2ce \u00e0 votre compte RTL abonnez-vous \u00e0 la newsletter RTL info pour suivre toute l&rsquo;actualit\u00e9 au quotidien\n            <\/p>\n<p>\n                                    Lire la suite\n                                <\/p>\n","protected":false},"excerpt":{"rendered":"Trois jours apr\u00e8s avoir pr\u00e9sent\u00e9 ses pistes pour le budget 2026, le Premier ministre Fran\u00e7ois Bayrou voit sa&hellip;\n","protected":false},"author":2,"featured_media":255701,"comment_status":"","ping_status":"","sticky":false,"template":"","format":"standard","meta":{"footnotes":""},"categories":[1586],"tags":[11,1003,1777,674,1779,107,1011,27,431,12,362,360,25,1778,364],"class_list":{"0":"post-255700","1":"post","2":"type-post","3":"status-publish","4":"format-standard","5":"has-post-thumbnail","7":"category-europe","8":"tag-actualites","9":"tag-budget","10":"tag-eu","11":"tag-europe","12":"tag-european-union","13":"tag-fil-info","14":"tag-fr","15":"tag-france","16":"tag-francois-bayrou","17":"tag-news","18":"tag-replay","19":"tag-replay-integral","20":"tag-republique-francaise","21":"tag-ue","22":"tag-union-europeenne"},"share_on_mastodon":{"url":"https:\/\/pubeurope.com\/@fr\/114872825122757187","error":""},"_links":{"self":[{"href":"https:\/\/www.europesays.com\/fr\/wp-json\/wp\/v2\/posts\/255700","targetHints":{"allow":["GET"]}}],"collection":[{"href":"https:\/\/www.europesays.com\/fr\/wp-json\/wp\/v2\/posts"}],"about":[{"href":"https:\/\/www.europesays.com\/fr\/wp-json\/wp\/v2\/types\/post"}],"author":[{"embeddable":true,"href":"https:\/\/www.europesays.com\/fr\/wp-json\/wp\/v2\/users\/2"}],"replies":[{"embeddable":true,"href":"https:\/\/www.europesays.com\/fr\/wp-json\/wp\/v2\/comments?post=255700"}],"version-history":[{"count":0,"href":"https:\/\/www.europesays.com\/fr\/wp-json\/wp\/v2\/posts\/255700\/revisions"}],"wp:featuredmedia":[{"embeddable":true,"href":"https:\/\/www.europesays.com\/fr\/wp-json\/wp\/v2\/media\/255701"}],"wp:attachment":[{"href":"https:\/\/www.europesays.com\/fr\/wp-json\/wp\/v2\/media?parent=255700"}],"wp:term":[{"taxonomy":"category","embeddable":true,"href":"https:\/\/www.europesays.com\/fr\/wp-json\/wp\/v2\/categories?post=255700"},{"taxonomy":"post_tag","embeddable":true,"href":"https:\/\/www.europesays.com\/fr\/wp-json\/wp\/v2\/tags?post=255700"}],"curies":[{"name":"wp","href":"https:\/\/api.w.org\/{rel}","templated":true}]}}