{"id":255710,"date":"2025-07-18T06:34:11","date_gmt":"2025-07-18T06:34:11","guid":{"rendered":"https:\/\/www.europesays.com\/fr\/255710\/"},"modified":"2025-07-18T06:34:11","modified_gmt":"2025-07-18T06:34:11","slug":"dupont-se-verrait-bien-disputer-les-jeux-olympiques-2028-pour-defendre-le-titre","status":"publish","type":"post","link":"https:\/\/www.europesays.com\/fr\/255710\/","title":{"rendered":"Dupont se verrait bien disputer les Jeux Olympiques 2028 pour \u00ab d\u00e9fendre \u00bb le titre"},"content":{"rendered":"<p>Antoine Dupont se verrait bien retenter l\u2019exp\u00e9rience des Jeux Olympiques, en 2028 \u00e0 Los Angeles. Le Toulousain a v\u00e9cu une ann\u00e9e 2024 exceptionnelle. Apr\u00e8s le douloureux \u00e9chec de la Coupe du monde, le demi de m\u00eal\u00e9e avait d\u00e9cid\u00e9 de sortir des sentiers battus et de pr\u00e9parer les Jeux Olympiques de Paris avec l\u2019\u00e9quipe de France de rugby \u00e0 7. Parfaitement int\u00e9gr\u00e9 apr\u00e8s plusieurs stages et comp\u00e9titions, le capitaine du Stade Toulousain avait rejoint le groupe apr\u00e8s avoir r\u00e9alis\u00e9 le doubl\u00e9 Top 14 \u2013 Champions Cup en club.<\/p>\n<p>\u00ab \u00c7a donne envie d\u2019y revenir\u00a0\u00bb<\/p>\n<p>Son aventure avait alors tourn\u00e9 au r\u00eave, puisque les septistes avaient d\u00e9croch\u00e9 la premi\u00e8re m\u00e9daille d\u2019or fran\u00e7aise de ces Jeux Olympiques de Paris. Actuellement \u00e0 Osaka pour repr\u00e9senter la France lors de l\u2019exposition universelle, Antoine Dupont s\u2019est confi\u00e9 sur les prochaines olympiades, qui se d\u00e9rouleront \u00e0 Los Angeles en 2028.<\/p>\n<p>Dans des propos rapport\u00e9s par <a href=\"https:\/\/www.lequipe.fr\/Rugby-a-7\/Actualites\/-defendre-un-titre-c-est-toujours-excitant-antoine-dupont-ne-s-interdit-pas-de-participer-aux-jeux-olympiques-en-2028\/1578246\" rel=\"nofollow noopener\" target=\"_blank\">L\u2019Equipe<\/a>, le joueur toulousain a ouvert la porte \u00e0 une nouvelle participation\u00a0: \u00ab\u00a0Vu ce que j&rsquo;y ai connu, c&rsquo;est s\u00fbr que \u00e7a donne envie d&rsquo;y revenir.  Il y a d\u00e9j\u00e0 une Coupe du monde 2027 \u00e0 pr\u00e9parer. Apr\u00e8s \u00e7a, je verrai comment seront mon corps et ma t\u00eate. Mais je me laisse l&rsquo;option d&rsquo;essayer de participer \u00e0 ces Jeux de Los Angeles. D\u00e9fendre un titre, c&rsquo;est toujours excitant. Et l\u00e0, je pense qu&rsquo;on aura toujours le potentiel pour \u00eatre comp\u00e9titifs.\u00a0\u00bb<\/p>\n<p>Reste \u00e9galement \u00e0 savoir comment le Stade Toulousain ou le XV de France accueillera la nouvelle puisque cela signifierait une autre longue absence pour le joueur star. En 2024, Antoine Dupont avait ainsi renonc\u00e9 \u00e0 disputer le Tournoi des Six Nations avec les Bleus, tout en manquant plusieurs semaines de comp\u00e9titions et en b\u00e9n\u00e9ficiant d\u2019un calendrier adapt\u00e9 avec les Rouge et Noir. Il avait ainsi manqu\u00e9 le d\u00e9but de saison suivant avec son club, ne reprenant que plus d\u2019un mois et demi apr\u00e8s ses co\u00e9quipiers.<\/p>\n<p>Partagez cette info avec vos amis et vos proches en cliquant ici<br \/>Pour r\u00e9sumer<\/p>\n<p>Antoine Dupont a laiss\u00e9 entendre son envie de participer aux Jeux Olympiques 2028 avec l\u2019\u00e9quipe de France \u00e0 7. L\u2019\u00e9t\u00e9 dernier, il avait remport\u00e9 la m\u00e9daille d\u2019or \u00e0 Paris. Le demi de m\u00eal\u00e9e se laisse le temps de la r\u00e9flexion.<\/p>\n<p> <img decoding=\"async\" width=\"76\" height=\"76\" loading=\"lazy\" src=\"https:\/\/www.europesays.com\/fr\/wp-content\/uploads\/2025\/04\/avatar-quinze.png\" alt=\"Arnaud D\u00e9chelotte\"\/><\/p>\n","protected":false},"excerpt":{"rendered":"Antoine Dupont se verrait bien retenter l\u2019exp\u00e9rience des Jeux Olympiques, en 2028 \u00e0 Los Angeles. Le Toulousain a&hellip;\n","protected":false},"author":2,"featured_media":255711,"comment_status":"","ping_status":"","sticky":false,"template":"","format":"standard","meta":{"footnotes":""},"categories":[1416],"tags":[1011,27,479,1468,60],"class_list":{"0":"post-255710","1":"post","2":"type-post","3":"status-publish","4":"format-standard","5":"has-post-thumbnail","7":"category-rugby","8":"tag-fr","9":"tag-france","10":"tag-rugby","11":"tag-rugby-football","12":"tag-sports"},"share_on_mastodon":{"url":"https:\/\/pubeurope.com\/@fr\/114872848487147745","error":""},"_links":{"self":[{"href":"https:\/\/www.europesays.com\/fr\/wp-json\/wp\/v2\/posts\/255710","targetHints":{"allow":["GET"]}}],"collection":[{"href":"https:\/\/www.europesays.com\/fr\/wp-json\/wp\/v2\/posts"}],"about":[{"href":"https:\/\/www.europesays.com\/fr\/wp-json\/wp\/v2\/types\/post"}],"author":[{"embeddable":true,"href":"https:\/\/www.europesays.com\/fr\/wp-json\/wp\/v2\/users\/2"}],"replies":[{"embeddable":true,"href":"https:\/\/www.europesays.com\/fr\/wp-json\/wp\/v2\/comments?post=255710"}],"version-history":[{"count":0,"href":"https:\/\/www.europesays.com\/fr\/wp-json\/wp\/v2\/posts\/255710\/revisions"}],"wp:featuredmedia":[{"embeddable":true,"href":"https:\/\/www.europesays.com\/fr\/wp-json\/wp\/v2\/media\/255711"}],"wp:attachment":[{"href":"https:\/\/www.europesays.com\/fr\/wp-json\/wp\/v2\/media?parent=255710"}],"wp:term":[{"taxonomy":"category","embeddable":true,"href":"https:\/\/www.europesays.com\/fr\/wp-json\/wp\/v2\/categories?post=255710"},{"taxonomy":"post_tag","embeddable":true,"href":"https:\/\/www.europesays.com\/fr\/wp-json\/wp\/v2\/tags?post=255710"}],"curies":[{"name":"wp","href":"https:\/\/api.w.org\/{rel}","templated":true}]}}