{"id":255712,"date":"2025-07-18T06:35:10","date_gmt":"2025-07-18T06:35:10","guid":{"rendered":"https:\/\/www.europesays.com\/fr\/255712\/"},"modified":"2025-07-18T06:35:10","modified_gmt":"2025-07-18T06:35:10","slug":"les-atp-finals-restent-officiellement-a-turin-pour-ledition-2026","status":"publish","type":"post","link":"https:\/\/www.europesays.com\/fr\/255712\/","title":{"rendered":"Les ATP Finals restent officiellement \u00e0 Turin pour l\u2019\u00e9dition 2026"},"content":{"rendered":"<p>                <img decoding=\"async\" src=\"https:\/\/www.europesays.com\/fr\/wp-content\/uploads\/2025\/07\/xpPw.jpg\" alt=\"Les ATP Finals restent officiellement \u00e0 Turin pour l\u2019\u00e9dition 2026\"\/><\/p>\n<p>Le tournoi des Ma\u00eetres, qui r\u00e9unit les huit meilleurs joueurs de la saison sur le circuit ATP, se joue depuis 2021 \u00e0 Turin, apr\u00e8s douze ann\u00e9es pass\u00e9es \u00e0 Londres (2009-2020).<\/p>\n<p>Angelo Binaghi, pr\u00e9sident de la F\u00e9d\u00e9ration italienne de tennis, a confirm\u00e9 ce jeudi que l\u2019\u00e9dition 2026 des ATP Finals se d\u00e9roulera \u00e0 Turin. Si le contrat qui lie l\u2019ATP \u00e0 la f\u00e9d\u00e9ration italienne court jusqu\u2019\u00e0 2030, des rumeurs circulaient quant \u00e0 un changement de ville pour organiser l\u2019\u00e9v\u00e8nement apr\u00e8s cette saison.<\/p>\n<p>Milan \u00e9tait par exemple cit\u00e9e parmi les villes pr\u00e9tendantes, avec un nouveau stade construit pour les Jeux olympiques d\u2019hiver 2026.<\/p>\n<p>L\u2019ann\u00e9e derni\u00e8re, Jannik Sinner, n\u00b01 mondial, avait remport\u00e9 son premier Masters en ne perdant aucun set en chemin.<\/p>\n","protected":false},"excerpt":{"rendered":"Le tournoi des Ma\u00eetres, qui r\u00e9unit les huit meilleurs joueurs de la saison sur le circuit ATP, se&hellip;\n","protected":false},"author":2,"featured_media":255713,"comment_status":"","ping_status":"","sticky":false,"template":"","format":"standard","meta":{"footnotes":""},"categories":[1415],"tags":[1011,27,60,1467],"class_list":{"0":"post-255712","1":"post","2":"type-post","3":"status-publish","4":"format-standard","5":"has-post-thumbnail","7":"category-tennis","8":"tag-fr","9":"tag-france","10":"tag-sports","11":"tag-tennis"},"share_on_mastodon":{"url":"https:\/\/pubeurope.com\/@fr\/114872852333898885","error":""},"_links":{"self":[{"href":"https:\/\/www.europesays.com\/fr\/wp-json\/wp\/v2\/posts\/255712","targetHints":{"allow":["GET"]}}],"collection":[{"href":"https:\/\/www.europesays.com\/fr\/wp-json\/wp\/v2\/posts"}],"about":[{"href":"https:\/\/www.europesays.com\/fr\/wp-json\/wp\/v2\/types\/post"}],"author":[{"embeddable":true,"href":"https:\/\/www.europesays.com\/fr\/wp-json\/wp\/v2\/users\/2"}],"replies":[{"embeddable":true,"href":"https:\/\/www.europesays.com\/fr\/wp-json\/wp\/v2\/comments?post=255712"}],"version-history":[{"count":0,"href":"https:\/\/www.europesays.com\/fr\/wp-json\/wp\/v2\/posts\/255712\/revisions"}],"wp:featuredmedia":[{"embeddable":true,"href":"https:\/\/www.europesays.com\/fr\/wp-json\/wp\/v2\/media\/255713"}],"wp:attachment":[{"href":"https:\/\/www.europesays.com\/fr\/wp-json\/wp\/v2\/media?parent=255712"}],"wp:term":[{"taxonomy":"category","embeddable":true,"href":"https:\/\/www.europesays.com\/fr\/wp-json\/wp\/v2\/categories?post=255712"},{"taxonomy":"post_tag","embeddable":true,"href":"https:\/\/www.europesays.com\/fr\/wp-json\/wp\/v2\/tags?post=255712"}],"curies":[{"name":"wp","href":"https:\/\/api.w.org\/{rel}","templated":true}]}}