{"id":255714,"date":"2025-07-18T06:37:10","date_gmt":"2025-07-18T06:37:10","guid":{"rendered":"https:\/\/www.europesays.com\/fr\/255714\/"},"modified":"2025-07-18T06:37:10","modified_gmt":"2025-07-18T06:37:10","slug":"motogp-fabio-quartararo-je-ne-pense-pas-quil-y-ait-quelquun-du-niveau-de-marc-marquez-actuellement-et-depuis-dix-ans","status":"publish","type":"post","link":"https:\/\/www.europesays.com\/fr\/255714\/","title":{"rendered":"MotoGP, Fabio Quartararo : \u00ab\u00a0je ne pense pas qu\u2019il y ait quelqu\u2019un du niveau de Marc Marquez actuellement et depuis dix ans\u00a0\u00bb"},"content":{"rendered":"<p><strong>Fabio Quartararo n\u2019est pas le dernier \u00e0 l\u2019avoir<br \/>\nconstat\u00e9\u00a0: Marc Marquez continue de r\u00e9gner sans partage sur le<br \/>\nMotoGP 2025. Vainqueur du Grand Prix d\u2019Allemagne et du Sprint sous<br \/>\nla pluie au Sachsenring, le pilote Ducati compte d\u00e9sormais 83<br \/>\npoints d\u2019avance sur son fr\u00e8re Alex au classement g\u00e9n\u00e9ral. \u00c0<br \/>\nmi-saison, son huiti\u00e8me titre mondial semble presque<br \/>\nacquis.<\/strong><\/p>\n<p>\u00ab Je ne pense pas qu\u2019il y ait quelqu\u2019un du niveau de Marquez<br \/>\nactuellement. Pas seulement maintenant, mais depuis dix ans \u00bb,<br \/>\naffirme <strong>Fabio Quartararo<\/strong> dans les colonnes de<br \/>\n<a href=\"https:\/\/as.com\/motor\/motociclismo\/para-el-futuro-no-quiero-un-proyecto-sino-una-moto-que-este-lista-n\/\" rel=\"nofollow noopener\" target=\"_blank\"><br \/>\nAS<\/a>. \u00ab <strong>Il est bon dans tout : sur le mouill\u00e9, sur le<br \/>\nsec, avec un bras bless\u00e9<\/strong>\u2026 C\u2019est comme FIFA, o\u00f9<br \/>\ntous les joueurs ont une note de 99. \u00bb<\/p>\n<p>Le Fran\u00e7ais, seul autre pilote \u00e0 avoir sign\u00e9 une pole position<br \/>\ncette saison (quatre contre sept pour Marquez), reconna\u00eet toutefois<br \/>\nune faille possible chez l\u2019Espagnol : le sec, o\u00f9 la vitesse pure<br \/>\npeut cr\u00e9er la surprise.<\/p>\n<p>\u00ab Dans des conditions inhabituelles, il est quasiment<br \/>\nimbattable. Mais sur le sec, on pourrait lui poser quelques<br \/>\nprobl\u00e8mes<strong>. En vitesse pure, j\u2019ai le potentiel pour \u00eatre<br \/>\ntr\u00e8s rapide<\/strong>. \u00bb<\/p>\n<p><img loading=\"lazy\" decoding=\"async\" class=\"aligncenter\" src=\"https:\/\/www.europesays.com\/fr\/wp-content\/uploads\/2025\/07\/GettyImages-2224124088-1140x760.jpg\" alt=\"Photo de RONNY HARTMANN\/AFP via Getty Images\" width=\"887\" height=\"591\"\/><\/p>\n<p><strong>Fabio Quartararo\u00a0:<br \/>\n\u00ab\u00a0je connais ma vitesse sur un tour, mais notre moto est<br \/>\ntr\u00e8s fragile\u00a0\u00bb<\/strong><\/p>\n<p>Mais la domination de <strong>Marquez<\/strong> est telle que<br \/>\nm\u00eame ses plus s\u00e9rieux rivaux restent r\u00e9alistes. <strong>Jorge<br \/>\nMartin<\/strong>, chez <strong>Aprilia<\/strong>, doit se relancer,<br \/>\ntandis que <strong>Francesco Bagnaia<\/strong>, co\u00e9quipier de<br \/>\n<strong>Marquez<\/strong> chez <strong>Ducati<\/strong>, pointe \u00e0 147<br \/>\npoints au championnat.<\/p>\n<p>Pour <strong>Quartararo<\/strong>, la frustration est d\u2019autant<br \/>\nplus grande qu\u2019il se bat avec une <strong>Yamaha<\/strong> en<br \/>\nretrait dans le championnat des constructeurs. Loin des sommets de<br \/>\n2021, le Fran\u00e7ais ne masque pas sa lassitude :<\/p>\n<p>\u00ab \u00c7a fait beaucoup plus mal que de tomber. <strong>C\u2019est une<br \/>\nann\u00e9e \u00e9trange et difficile<\/strong>. Je connais ma vitesse sur un<br \/>\ntour, mais notre moto est tr\u00e8s fragile. D\u2019un jour \u00e0 l\u2019autre, selon<br \/>\nla chaleur ou le froid, <strong>elle change<br \/>\ncompl\u00e8tement<\/strong>. \u00bb<\/p>\n<p style=\"text-align: left;\">\u00ab El Diablo \u00bb, <strong>sans victoire<br \/>\ndepuis 2022<\/strong>, menace de quitter <a href=\"https:\/\/www.paddock-gp.com\/motogp-fabio-quartararo-avoue-cest-sur-quavec-yamaha-ca-devient-un-peu-tendu\/\" rel=\"nofollow noopener\" target=\"_blank\"><br \/>\n<strong>Yamaha<\/strong><\/a> si la marque ne lui propose pas une<br \/>\nmachine plus comp\u00e9titive pour 2026. D\u2019ici l\u00e0, il tente de sauver<br \/>\nl\u2019honneur \u00e0 chaque Grand Prix\u2026 tout en constatant, impuissant, la<br \/>\nsup\u00e9riorit\u00e9 \u00e9crasante de <a href=\"https:\/\/www.paddock-gp.com\/motogp-marc-marquez-est-revenu-de-lenfer-pour-a-nouveau-dominer-jetais-devenu-une-autre-personne\/\" rel=\"nofollow noopener\" target=\"_blank\"><br \/>\n<strong>Marc Marquez<\/strong><\/a>.<\/p>\n<p><img loading=\"lazy\" decoding=\"async\" class=\"aligncenter size-full wp-image-1310920\" src=\"https:\/\/www.europesays.com\/fr\/wp-content\/uploads\/2025\/07\/Fabio-Quartararo-2.jpg\" alt=\"Fabio Quartararo \" width=\"600\" height=\"387\"  \/><\/p>\n<p>\u00a0<\/p>\n","protected":false},"excerpt":{"rendered":"Fabio Quartararo n\u2019est pas le dernier \u00e0 l\u2019avoir constat\u00e9\u00a0: Marc Marquez continue de r\u00e9gner sans partage sur le&hellip;\n","protected":false},"author":2,"featured_media":255715,"comment_status":"","ping_status":"","sticky":false,"template":"","format":"standard","meta":{"footnotes":""},"categories":[1413],"tags":[1011,27,1457,1456,60],"class_list":{"0":"post-255714","1":"post","2":"type-post","3":"status-publish","4":"format-standard","5":"has-post-thumbnail","7":"category-moto","8":"tag-fr","9":"tag-france","10":"tag-moto","11":"tag-motocycle","12":"tag-sports"},"share_on_mastodon":{"url":"https:\/\/pubeurope.com\/@fr\/114872860306092896","error":""},"_links":{"self":[{"href":"https:\/\/www.europesays.com\/fr\/wp-json\/wp\/v2\/posts\/255714","targetHints":{"allow":["GET"]}}],"collection":[{"href":"https:\/\/www.europesays.com\/fr\/wp-json\/wp\/v2\/posts"}],"about":[{"href":"https:\/\/www.europesays.com\/fr\/wp-json\/wp\/v2\/types\/post"}],"author":[{"embeddable":true,"href":"https:\/\/www.europesays.com\/fr\/wp-json\/wp\/v2\/users\/2"}],"replies":[{"embeddable":true,"href":"https:\/\/www.europesays.com\/fr\/wp-json\/wp\/v2\/comments?post=255714"}],"version-history":[{"count":0,"href":"https:\/\/www.europesays.com\/fr\/wp-json\/wp\/v2\/posts\/255714\/revisions"}],"wp:featuredmedia":[{"embeddable":true,"href":"https:\/\/www.europesays.com\/fr\/wp-json\/wp\/v2\/media\/255715"}],"wp:attachment":[{"href":"https:\/\/www.europesays.com\/fr\/wp-json\/wp\/v2\/media?parent=255714"}],"wp:term":[{"taxonomy":"category","embeddable":true,"href":"https:\/\/www.europesays.com\/fr\/wp-json\/wp\/v2\/categories?post=255714"},{"taxonomy":"post_tag","embeddable":true,"href":"https:\/\/www.europesays.com\/fr\/wp-json\/wp\/v2\/tags?post=255714"}],"curies":[{"name":"wp","href":"https:\/\/api.w.org\/{rel}","templated":true}]}}