{"id":255718,"date":"2025-07-18T06:39:11","date_gmt":"2025-07-18T06:39:11","guid":{"rendered":"https:\/\/www.europesays.com\/fr\/255718\/"},"modified":"2025-07-18T06:39:11","modified_gmt":"2025-07-18T06:39:11","slug":"vingegaard-et-les-visma-assommes-par-le-numero-de-pogacar-a-hautacam-jonas-est-le-meilleur-des-autres","status":"publish","type":"post","link":"https:\/\/www.europesays.com\/fr\/255718\/","title":{"rendered":"Vingegaard et les Visma assomm\u00e9s par le num\u00e9ro de Pogacar \u00e0 Hautacam\u00a0: \u00ab\u00a0Jonas est le meilleur des autres\u2026\u00a0\u00bb"},"content":{"rendered":"<p class=\"ap-StoryElement ap-StoryElement--mb ap-StoryText\">\u00ab\u00a0On peut \u00e9laborer le meilleur des plans au final, en cyclisme, ce sont toujours les jambes qui comptent\u2026\u00a0\u00bb D&rsquo;apparence triviale, l&rsquo;analyse de Tiesj Benoot r\u00e9sum\u00e9 bien l&rsquo;entr\u00e9e dans les Pyr\u00e9n\u00e9es des Visma | Lease a Bike. \u00c0 la man\u0153uvre dans le Soulor avec un tr\u00e8s solide Campenaerts, les troupes de Vingegaard ont ensuite vu les \u00e9v\u00e9nements leur glisser entre les mains lorsque Kuss d\u00fb d&rsquo;abord lever le pied pour ne pas abandonner trop t\u00f4t Jorgenson et Simon Yates puis lorsque les UAE activ\u00e8rent l&rsquo;essorage dans l&rsquo;approche de la mont\u00e9e de Hautacam.<\/p>\n<p>Pour acc\u00e9der \u00e0 cet article, veuillez vous connecter au r\u00e9seau internet.<\/p>\n","protected":false},"excerpt":{"rendered":"\u00ab\u00a0On peut \u00e9laborer le meilleur des plans au final, en cyclisme, ce sont toujours les jambes qui comptent\u2026\u00a0\u00bb&hellip;\n","protected":false},"author":2,"featured_media":255719,"comment_status":"","ping_status":"","sticky":false,"template":"","format":"standard","meta":{"footnotes":""},"categories":[1411],"tags":[1154,207,1011,27,27884,60,1138],"class_list":{"0":"post-255718","1":"post","2":"type-post","3":"status-publish","4":"format-standard","5":"has-post-thumbnail","7":"category-cyclisme","8":"tag-cycling","9":"tag-cyclisme","10":"tag-fr","11":"tag-france","12":"tag-jonas-vingegaard","13":"tag-sports","14":"tag-tadej-pogacar"},"share_on_mastodon":{"url":"https:\/\/pubeurope.com\/@fr\/114872868116096641","error":""},"_links":{"self":[{"href":"https:\/\/www.europesays.com\/fr\/wp-json\/wp\/v2\/posts\/255718","targetHints":{"allow":["GET"]}}],"collection":[{"href":"https:\/\/www.europesays.com\/fr\/wp-json\/wp\/v2\/posts"}],"about":[{"href":"https:\/\/www.europesays.com\/fr\/wp-json\/wp\/v2\/types\/post"}],"author":[{"embeddable":true,"href":"https:\/\/www.europesays.com\/fr\/wp-json\/wp\/v2\/users\/2"}],"replies":[{"embeddable":true,"href":"https:\/\/www.europesays.com\/fr\/wp-json\/wp\/v2\/comments?post=255718"}],"version-history":[{"count":0,"href":"https:\/\/www.europesays.com\/fr\/wp-json\/wp\/v2\/posts\/255718\/revisions"}],"wp:featuredmedia":[{"embeddable":true,"href":"https:\/\/www.europesays.com\/fr\/wp-json\/wp\/v2\/media\/255719"}],"wp:attachment":[{"href":"https:\/\/www.europesays.com\/fr\/wp-json\/wp\/v2\/media?parent=255718"}],"wp:term":[{"taxonomy":"category","embeddable":true,"href":"https:\/\/www.europesays.com\/fr\/wp-json\/wp\/v2\/categories?post=255718"},{"taxonomy":"post_tag","embeddable":true,"href":"https:\/\/www.europesays.com\/fr\/wp-json\/wp\/v2\/tags?post=255718"}],"curies":[{"name":"wp","href":"https:\/\/api.w.org\/{rel}","templated":true}]}}