{"id":255724,"date":"2025-07-18T06:42:14","date_gmt":"2025-07-18T06:42:14","guid":{"rendered":"https:\/\/www.europesays.com\/fr\/255724\/"},"modified":"2025-07-18T06:42:14","modified_gmt":"2025-07-18T06:42:14","slug":"pres-de-bordeaux-des-oeuvres-vegetales-font-corps-avec-la-nature","status":"publish","type":"post","link":"https:\/\/www.europesays.com\/fr\/255724\/","title":{"rendered":"Pr\u00e8s de Bordeaux, des \u0153uvres v\u00e9g\u00e9tales font corps avec la nature"},"content":{"rendered":"<p>Cette ann\u00e9e encore, l\u2019art s\u2019invite dans les parcs et jardins d\u2019Eysines, principalement aux abords du ch\u00e2teau Lescombes. L\u2019\u00e9dition 2025 du <a href=\"https:\/\/www.eysines.fr\/open-agenda\/fertiles-6540241\/\" target=\"_blank\" rel=\"nofollow noopener\">festival Fertiles<\/a> l\u00e8ve le voile sur les r\u00e9alisations de quatre artistes. <a href=\"https:\/\/www.sudouest.fr\/gironde\/castillon-la-bataille\/castillon-la-bataille-robert-keramsi-propose-des-stages-de-sculpture-23316926.php\" target=\"_blank\" rel=\"follow nofollow noopener\">Robert Keramsi<\/a> et <a href=\"https:\/\/www.facebook.com\/picotinsculptures\/\" target=\"_blank\" rel=\"nofollow noopener\">Carine Picotin<\/a> ont travaill\u00e9 de concert. Le r\u00e9sultat s\u2019intitule Osiris, en r\u00e9f\u00e9rence \u00e0 la divinit\u00e9 du panth\u00e9on \u00e9gyptien associ\u00e9e \u00e0 la mort et \u00e0 la r\u00e9surrection. Trois t\u00eates d\u2019un g\u00e9ant \u00e9mergent progressivement du sol. \u00c0 l\u2019ombre des arbres, la premi\u00e8re, semi-enterr\u00e9e, est encore ensommeill\u00e9e. \u00c9paules sorties, la deuxi\u00e8me s\u2019\u00e9veille au monde. Dans le m\u00eame alignement, la troisi\u00e8me, pench\u00e9e en arri\u00e8re, semble chercher une bouff\u00e9e d\u2019oxyg\u00e8ne.<\/p>\n<p>        <img decoding=\"async\" id=\"25263604\" src=\"https:\/\/www.europesays.com\/fr\/wp-content\/uploads\/2025\/07\/20250703-173407.jpg\" alt=\"Des t\u00eates de g\u00e9ant \u00e9mergent du sol au parc du ch\u00e2teau Lescombes.\" itemprop=\"contentURL\"\/><\/p>\n<p>    Des t\u00eates de g\u00e9ant \u00e9mergent du sol au parc du ch\u00e2teau Lescombes.<\/p>\n<p>O.\u00a0D.<\/p>\n<p>Les sculptures, ou \u00ab\u00a0gueules\u00a0\u00bb, selon Keramsi, pr\u00e9sentent une structure de fer \u00e0 b\u00e9ton, laquelle est habill\u00e9e de grillage model\u00e9 et rempli de broyat. Des restes de branches et de feuilles r\u00e9cup\u00e9r\u00e9s \u00e0 Eysines, \u00e0 l\u2019issue d\u2019une temp\u00eate. \u00ab\u00a0Nous avons travaill\u00e9 avec le service des parcs et jardins\u00a0\u00bb, indique le duo. Recyclage de d\u00e9chets, proximit\u00e9 et large utilisation des mati\u00e8res naturelles s\u2019inscrivent dans les valeurs de Fertiles.<\/p>\n<p>Fleurs s\u00e9ch\u00e9es<\/p>\n<p>        <img decoding=\"async\" id=\"25263628\" src=\"https:\/\/www.europesays.com\/fr\/wp-content\/uploads\/2025\/07\/solanaceae.jpg\" alt=\"La\u00ebtitia Mendoza-Lambert, alias Solanaceae, jongle entre architecture, agriculture et d\u00e9coration\" itemprop=\"contentURL\"\/><\/p>\n<p>    La\u00ebtitia Mendoza-Lambert, alias Solanaceae, jongle entre architecture, agriculture et d\u00e9coration<\/p>\n<p>O.\u00a0D.<\/p>\n<p>La\u00ebtitia Mendoza-Lambert, alias <a href=\"https:\/\/linktr.ee\/solanacea\" target=\"_blank\" rel=\"nofollow noopener\">Solanaceae<\/a>, est la locale de l\u2019\u00e9dition. Architecte, cette fille d\u2019agriculteurs de la zone mara\u00eech\u00e8re a repris il y a peu la propri\u00e9t\u00e9 familiale pour se lancer dans la culture des fleurs. En parall\u00e8le, elle pratique l\u2019artisanat des fleurs s\u00e9ch\u00e9es. Des journ\u00e9es bien remplies, donc. \u00ab\u00a0Je voulais retrouver du sens et de l\u2019\u00e9thique dans la d\u00e9co\u00a0\u00bb, dit-elle. \u00ab\u00a0\u00c9closion suspendue\u00a0\u00bb est une imposante couronne m\u00e9langeant fleurs s\u00e9ch\u00e9es (statices, immortelles \u00e0 bract\u00e9e, etc.), fleurs et graines de sauge officinale, achill\u00e9e millefeuille (plante m\u00e9dicinale), gramin\u00e9es\u2026<\/p>\n<p>        <img decoding=\"async\" id=\"25263636\" src=\"https:\/\/www.europesays.com\/fr\/wp-content\/uploads\/2025\/07\/oeuvre-de-solanaceae-lescombes-eysines.jpg\" alt=\"L\u2019\u0153uvre \u00ab\u00a0\u00c9closion suspendue\u00a0\u00bb se balance dans le parc du ch\u00e2teau Lescombes.\" itemprop=\"contentURL\"\/><\/p>\n<p>    L\u2019\u0153uvre \u00ab\u00a0\u00c9closion suspendue\u00a0\u00bb se balance dans le parc du ch\u00e2teau Lescombes.<\/p>\n<p>O.\u00a0D.<\/p>\n<p>\u00ab\u00a0C\u2019est une repr\u00e9sentation du cercle de la vie dans sa dimension \u00e9ph\u00e9m\u00e8re et r\u00e9siliente gr\u00e2ce aux plantes m\u00e9dicinales.\u00a0\u00bb Les \u00e9l\u00e9ments les plus fragiles vont s\u2019effacer au fil du temps. Des pochons diss\u00e9min\u00e9s sur le cercle en osier contiennent des graines de volubilis qui vont germer puis fleurir, nourries par des r\u00e9tenteurs d\u2019eau et du terreau. \u00ab\u00a0L\u2019id\u00e9e est de faire une \u0153uvre \u00e9volutive\u00a0\u00bb, explique-t-elle. Livr\u00e9e au vent, la couronne vibre au rythme des feuilles. L\u2019h\u00f4te v\u00e9g\u00e9tal, les racines ancr\u00e9es dans le sol, incarne au contraire la stabilit\u00e9, la permanence.<\/p>\n<p>Aiguilleuses<\/p>\n<p>        <img decoding=\"async\" id=\"25263646\" src=\"https:\/\/www.europesays.com\/fr\/wp-content\/uploads\/2025\/07\/xavier-reche.jpg\" alt=\"Xavier R\u00e8che devant une de ses \u00ab\u00a0aiguilleuses\u00a0\u00bb suspendue dans un arbre.\" itemprop=\"contentURL\"\/><\/p>\n<p>    Xavier R\u00e8che devant une de ses \u00ab\u00a0aiguilleuses\u00a0\u00bb suspendue dans un arbre.<\/p>\n<p>O.\u00a0D.<\/p>\n<p><a href=\"https:\/\/www.xavier-reche.fr\/\" target=\"_blank\" rel=\"nofollow noopener\">Xavier R\u00e8che<\/a> a cr\u00e9\u00e9 douze sculptures en bois. Perch\u00e9es dans des arbres, elles invitent \u00e0 lever les yeux dans diff\u00e9rents parcs de la commune\u00a0: Lescombes, bois de la Lesque, Lamothe-Lescure, Derby, Limancet, Vigean. D\u00e9nomm\u00e9es \u00ab\u00a0aiguilleuses\u00a0\u00bb, elles sont li\u00e9es par une direction commune, celle du Sud-Ouest. Ces structures se projettent \u00e0 la mani\u00e8re d\u2019un oiseau qui s\u2019envole, construites selon le principe de tens\u00e9grit\u00e9.<\/p>\n<p>        <img decoding=\"async\" id=\"25263645\" src=\"https:\/\/www.europesays.com\/fr\/wp-content\/uploads\/2025\/07\/les-aiguilleuses-de-xavier-reche.jpg\" alt=\"Les sculptures de Xavier R\u00e8che s\u2019\u00e9lancent et semblent s\u2019arracher \u00e0 la pesanteur terrestre.\" itemprop=\"contentURL\"\/><\/p>\n<p>    Les sculptures de Xavier R\u00e8che s\u2019\u00e9lancent et semblent s\u2019arracher \u00e0 la pesanteur terrestre.<\/p>\n<p>O.\u00a0D.<\/p>\n<p>\u00ab\u00a0C\u2019est une mani\u00e8re de cr\u00e9er des volumes \u00e0 partir d\u2019un r\u00e9seau de c\u00e2bles qui mettent en compression des b\u00e2tons. Cette technique permet d\u2019enjamber un espace. La forme de l\u2019objet communique une \u00e9nergie.\u00a0\u00bb Adepte de la \u00ab\u00a0sculpture dans le paysage\u00a0\u00bb, Xavier R\u00e8che a travaill\u00e9 \u00e0\u00a060\u00a0% avec du bois de collecte (acacia, tro\u00e8ne), l\u00e0 encore r\u00e9cup\u00e9r\u00e9 \u00e0 Eysines.<\/p>\n<p>Festival Fertiles, jusqu\u2019au 4\u00a0septembre \u00e0 Eysines. Renseignements sur <a href=\"https:\/\/www.eysines.fr\/open-agenda\/fertiles-6540241\/\" target=\"_blank\" rel=\"nofollow noopener\">eysines.fr<\/a>.<\/p>\n","protected":false},"excerpt":{"rendered":"Cette ann\u00e9e encore, l\u2019art s\u2019invite dans les parcs et jardins d\u2019Eysines, principalement aux abords du ch\u00e2teau Lescombes. L\u2019\u00e9dition&hellip;\n","protected":false},"author":2,"featured_media":255725,"comment_status":"","ping_status":"","sticky":false,"template":"","format":"standard","meta":{"footnotes":""},"categories":[1358],"tags":[1348,1384,1385,1386,58,59,1011,27],"class_list":{"0":"post-255724","1":"post","2":"type-post","3":"status-publish","4":"format-standard","5":"has-post-thumbnail","7":"category-arts-et-design","8":"tag-arts","9":"tag-arts-and-design","10":"tag-arts-et-design","11":"tag-design","12":"tag-divertissement","13":"tag-entertainment","14":"tag-fr","15":"tag-france"},"share_on_mastodon":{"url":"https:\/\/pubeurope.com\/@fr\/114872880143365204","error":""},"_links":{"self":[{"href":"https:\/\/www.europesays.com\/fr\/wp-json\/wp\/v2\/posts\/255724","targetHints":{"allow":["GET"]}}],"collection":[{"href":"https:\/\/www.europesays.com\/fr\/wp-json\/wp\/v2\/posts"}],"about":[{"href":"https:\/\/www.europesays.com\/fr\/wp-json\/wp\/v2\/types\/post"}],"author":[{"embeddable":true,"href":"https:\/\/www.europesays.com\/fr\/wp-json\/wp\/v2\/users\/2"}],"replies":[{"embeddable":true,"href":"https:\/\/www.europesays.com\/fr\/wp-json\/wp\/v2\/comments?post=255724"}],"version-history":[{"count":0,"href":"https:\/\/www.europesays.com\/fr\/wp-json\/wp\/v2\/posts\/255724\/revisions"}],"wp:featuredmedia":[{"embeddable":true,"href":"https:\/\/www.europesays.com\/fr\/wp-json\/wp\/v2\/media\/255725"}],"wp:attachment":[{"href":"https:\/\/www.europesays.com\/fr\/wp-json\/wp\/v2\/media?parent=255724"}],"wp:term":[{"taxonomy":"category","embeddable":true,"href":"https:\/\/www.europesays.com\/fr\/wp-json\/wp\/v2\/categories?post=255724"},{"taxonomy":"post_tag","embeddable":true,"href":"https:\/\/www.europesays.com\/fr\/wp-json\/wp\/v2\/tags?post=255724"}],"curies":[{"name":"wp","href":"https:\/\/api.w.org\/{rel}","templated":true}]}}