{"id":255728,"date":"2025-07-18T06:44:27","date_gmt":"2025-07-18T06:44:27","guid":{"rendered":"https:\/\/www.europesays.com\/fr\/255728\/"},"modified":"2025-07-18T06:44:27","modified_gmt":"2025-07-18T06:44:27","slug":"anita-secret-story-en-larmes-elle-culpabilise-de-son-geste-apres-une-strategie-assumee-de-constance","status":"publish","type":"post","link":"https:\/\/www.europesays.com\/fr\/255728\/","title":{"rendered":"Anita (Secret Story) en larmes, elle culpabilise de son geste apr\u00e8s une strat\u00e9gie assum\u00e9e de Constance"},"content":{"rendered":"<p>Dans la quotidienne de Secret Story ce jeudi 17 juillet, Constance a bluff\u00e9 Anita qui lui a donc offert 10 000 euros ainsi qu&rsquo;une lettre de ses proches. Un coup dur pour la candidate de l&rsquo;\u00e9quipe de Waras qui s&rsquo;en est \u00e9norm\u00e9ment voulue de se faire rouler dans la farine. En retrouvant ses camarades, elle n&rsquo;a pas pu se retenir de pleurer.<\/p>\n<p>Depuis plus d&rsquo;un mois, <a href=\"https:\/\/www.programme-tv.net\/news\/tele-realite\/380568-secret-story-2025-voici-tous-les-candidats-de-la-saison-13-photos\/\" data-api-deeplink=\"teleloisirs:\/\/news\/380568\" target=\"_blank\" rel=\"noopener\">les candidats de Secret Story<\/a> enqu\u00eatent les uns sur les autres pour esp\u00e9rer d\u00e9masquer des secrets. Mais \u00e0 c\u00f4t\u00e9 de \u00e7a, de nombreuses amiti\u00e9s se font et d\u00e9font, tout comme les histoires d&rsquo;amour. Pimprenelle et Adrien ont v\u00e9cu une courte histoire d&rsquo;amour, <a href=\"https:\/\/www.programme-tv.net\/news\/tele-realite\/383237-j-ai-trop-honte-de-moi-en-larmes-adrien-secret-story-2025-s-excuse-aupres-de-pimprenelle-apres-leur-rupture-brutale\/\" data-api-deeplink=\"teleloisirs:\/\/news\/383237\" target=\"_blank\" rel=\"noopener\">avant de prendre des chemins diff\u00e9rents<\/a>. Quant \u00e0 <a href=\"https:\/\/www.programme-tv.net\/news\/tele-realite\/382685-ca-sera-pas-la-peine-de-regretter-melanie-da-cruz-secret-story-recadre-anita-concernant-son-ex-noah-et-l-avenir-de-leur-relation-a-l-exterieur\/\" data-api-deeplink=\"teleloisirs:\/\/news\/382685\" target=\"_blank\" rel=\"noopener\">Noah et Anita<\/a>, ils continuent de se chercher mais peinent \u00e0 se trouver, n&rsquo;\u00e9tant pas dans la m\u00eame maison depuis deux semaines. Lors de la venue des anciens candidats dont <a href=\"https:\/\/www.programme-tv.net\/news\/tele-realite\/383079-secret-story-la-voix-rend-hommage-a-amelie-neten-pour-les-quinze-ans-de-sa-participation-a-l-emission-et-craque-saisie-par-l-emotion\/\" data-api-deeplink=\"teleloisirs:\/\/news\/383079\" target=\"_blank\" rel=\"noopener\">Am\u00e9lie Neten<\/a>, <a href=\"https:\/\/www.programme-tv.net\/biographie\/290794-da-cruz-melanie\/\" data-link-people=\"5891b6b2-78c7-4330-a29f-5fb313a41c17\" target=\"_blank\" rel=\"noopener\">M\u00e9lanie Da Cruz<\/a> et Vivian, les habitants ont \u00e9t\u00e9 partag\u00e9s en deux maisons, et <a href=\"https:\/\/www.programme-tv.net\/news\/tele-realite\/383324-secret-story-2025-qui-sont-les-candidats-nomines-ce-mardi-15-juillet\/\" data-api-deeplink=\"teleloisirs:\/\/news\/383324\" target=\"_blank\" rel=\"noopener\">cinq candidats ont \u00e9t\u00e9 nomin\u00e9s<\/a> : Ethan, Pimprenelle, Adrien, Constance et Mayer. Deux nomin\u00e9s seront \u00e9limin\u00e9s lors du prime de ce jeudi 17 juillet.<\/p>\n<p>Anita se fait \u00ab\u00a0berner\u00a0\u00bb par Constance dans Secret Story et culpabilise : \u00ab\u00a0Je suis trop \u00e9nerv\u00e9e\u00a0\u00bb<\/p>\n<p>Dans la quotidienne diffus\u00e9e avant le prime, Constance et Anita se sont retrouv\u00e9es face \u00e0 un dilemme tandis qu&rsquo;une lettre de leurs proches et 10 000 euros \u00e9taient en jeu. Apr\u00e8s des minutes d&rsquo;\u00e9change et de n\u00e9gociation, Constance a finalement r\u00e9ussi \u00e0 bluffer son adversaire en lui mettant en avant la nomination d&rsquo;office qu&rsquo;elle a cette semaine \u00e0 cause d&rsquo;elle. Elle s&rsquo;est alors empar\u00e9e de son courrier et de 10 000 euros. Si l&rsquo;amie de Noah a pr\u00e9tendu \u00eatre ok avec ce r\u00e9sultat, de retour dans la Maison de cristal, elle a laiss\u00e9 couler ses larmes. <b>\u00ab\u00a0<\/b><b>J&rsquo;ai encore fait de la m*rde<\/b><b>\u00ab\u00a0<\/b>, a-t-elle confi\u00e9 \u00e0 ses camarades, \u00ab\u00a0Je suis trop \u00e9nerv\u00e9e (&#8230;) je me suis fait compl\u00e8tement berner.\u00a0\u00bb Tr\u00e8s remont\u00e9e, elle s&rsquo;est fait avoir \u00e0 cause de la culpabilit\u00e9 qu&rsquo;elle ressentait suite \u00e0 son geste d&rsquo;envoyer Constance de sas : \u00ab\u00a0J&rsquo;ai \u00e9t\u00e9 d\u00e9bile, je me suis fait berner pour une lettre !\u00a0\u00bb<\/p>\n<p>                        Constance assume son c\u00f4t\u00e9 strat\u00e8ge : \u00ab\u00a0Je ne voulais pas \u00eatre m\u00e9chante\u00a0\u00bb<\/p>\n<p>En salle d&rsquo;interview, Anita n&rsquo;arrive pas \u00e0 passer \u00e0 autre chose : \u00ab\u00a0J&rsquo;ai essay\u00e9 d&rsquo;avoir un c\u0153ur, d&rsquo;\u00eatre gentille (&#8230;) au final, je me suis prise \u00e0 mon propre jeu, je suis vraiment d\u00e9\u00e7ue (&#8230;) \u00c7a me d\u00e9\u00e7oit de moi-m\u00eame\u00a0\u00bb. Quant \u00e0 Constance, elle assume pleinement sa strat\u00e9gie. \u00ab\u00a0Si elle en avait besoin, je lui aurais donn\u00e9 malgr\u00e9 le fait qu&rsquo;elle m&rsquo;ait nomm\u00e9e. Elle a dit qu&rsquo;elle n&rsquo;en voulait pas. C&rsquo;\u00e9tait du pain b\u00e9ni (&#8230;) Je ne voulais pas \u00eatre m\u00e9chante.\u00a0\u00bb De bonne guerre !<\/p>\n","protected":false},"excerpt":{"rendered":"Dans la quotidienne de Secret Story ce jeudi 17 juillet, Constance a bluff\u00e9 Anita qui lui a donc&hellip;\n","protected":false},"author":2,"featured_media":255729,"comment_status":"","ping_status":"","sticky":false,"template":"","format":"standard","meta":{"footnotes":""},"categories":[1356],"tags":[36104,244,39580,58,59,1011,27,37473,37469,37470,37471,37472,29901,37474,39375,37468,252,30052,2175,1364],"class_list":{"0":"post-255728","1":"post","2":"type-post","3":"status-publish","4":"format-standard","5":"has-post-thumbnail","7":"category-television","8":"tag-anita-secret-story-13","9":"tag-commentaire","10":"tag-constance-secret-story-13","11":"tag-divertissement","12":"tag-entertainment","13":"tag-fr","14":"tag-france","15":"tag-la-quotidienne-1099514145","16":"tag-la-quotidienne-1099539196","17":"tag-la-quotidienne-1099553915","18":"tag-la-quotidienne-1099565530","19":"tag-la-quotidienne-1099565538","20":"tag-secret-story","21":"tag-secret-story-1099553929","22":"tag-secret-story-1099644188","23":"tag-secret-story-40318845","24":"tag-television","25":"tag-tfx","26":"tag-tl-story","27":"tag-tv"},"share_on_mastodon":{"url":"https:\/\/pubeurope.com\/@fr\/114872887775940180","error":""},"_links":{"self":[{"href":"https:\/\/www.europesays.com\/fr\/wp-json\/wp\/v2\/posts\/255728","targetHints":{"allow":["GET"]}}],"collection":[{"href":"https:\/\/www.europesays.com\/fr\/wp-json\/wp\/v2\/posts"}],"about":[{"href":"https:\/\/www.europesays.com\/fr\/wp-json\/wp\/v2\/types\/post"}],"author":[{"embeddable":true,"href":"https:\/\/www.europesays.com\/fr\/wp-json\/wp\/v2\/users\/2"}],"replies":[{"embeddable":true,"href":"https:\/\/www.europesays.com\/fr\/wp-json\/wp\/v2\/comments?post=255728"}],"version-history":[{"count":0,"href":"https:\/\/www.europesays.com\/fr\/wp-json\/wp\/v2\/posts\/255728\/revisions"}],"wp:featuredmedia":[{"embeddable":true,"href":"https:\/\/www.europesays.com\/fr\/wp-json\/wp\/v2\/media\/255729"}],"wp:attachment":[{"href":"https:\/\/www.europesays.com\/fr\/wp-json\/wp\/v2\/media?parent=255728"}],"wp:term":[{"taxonomy":"category","embeddable":true,"href":"https:\/\/www.europesays.com\/fr\/wp-json\/wp\/v2\/categories?post=255728"},{"taxonomy":"post_tag","embeddable":true,"href":"https:\/\/www.europesays.com\/fr\/wp-json\/wp\/v2\/tags?post=255728"}],"curies":[{"name":"wp","href":"https:\/\/api.w.org\/{rel}","templated":true}]}}