{"id":255734,"date":"2025-07-18T06:47:10","date_gmt":"2025-07-18T06:47:10","guid":{"rendered":"https:\/\/www.europesays.com\/fr\/255734\/"},"modified":"2025-07-18T06:47:10","modified_gmt":"2025-07-18T06:47:10","slug":"un-gaz-dhopital-contre-alzheimer-des-chercheurs-decouvrent-un-effet-inattendu-dun-anesthesiant-utilise-depuis-des-decennies","status":"publish","type":"post","link":"https:\/\/www.europesays.com\/fr\/255734\/","title":{"rendered":"\u00ab Un gaz d\u2019h\u00f4pital contre Alzheimer \u00bb : des chercheurs d\u00e9couvrent un effet inattendu d\u2019un anesth\u00e9siant utilis\u00e9 depuis des d\u00e9cennies"},"content":{"rendered":"<tr>\n<td><strong>EN BREF<\/strong><\/td>\n<\/tr>\n<tr>\n<td>\n<ul>\n<li>\ud83e\udde0 La maladie d\u2019Alzheimer provoque une <strong>perte progressive<\/strong> de la m\u00e9moire et des capacit\u00e9s cognitives.<\/li>\n<li>\ud83d\udd2c Les traitements actuels se concentrent sur la <strong>gestion des sympt\u00f4mes<\/strong> sans stopper la progression.<\/li>\n<li>\ud83d\udca1 Le <strong>x\u00e9non<\/strong> traverse la barri\u00e8re h\u00e9matoenc\u00e9phalique et active une r\u00e9ponse immunitaire protectrice.<\/li>\n<li>\ud83d\udd0d Des essais cliniques sont en pr\u00e9paration pour tester l\u2019efficacit\u00e9 du x\u00e9non chez l\u2019Homme.<\/li>\n<\/ul>\n<\/td>\n<\/tr>\n<p><strong>La maladie d\u2019Alzheimer<\/strong>, une des formes de d\u00e9mence les plus r\u00e9pandues, continue de d\u00e9fier la m\u00e9decine moderne. Elle affecte des millions de personnes, entra\u00eenant une perte progressive de la m\u00e9moire et des capacit\u00e9s cognitives. Alors que les traitements actuels visent principalement \u00e0 g\u00e9rer les sympt\u00f4mes, une nouvelle piste de recherche suscite l\u2019espoir : l\u2019utilisation du <strong>x\u00e9non<\/strong>, un gaz anesth\u00e9siant. Cette d\u00e9couverte pourrait transformer notre approche de la maladie et offrir de nouvelles perspectives pour ralentir, voire stopper, sa progression. Explorons les potentiels du x\u00e9non et les avanc\u00e9es r\u00e9centes dans ce domaine.<\/p>\n<p>Comprendre Alzheimer et les limites des traitements pr\u00e9sents<\/p>\n<p>La maladie d\u2019Alzheimer se caract\u00e9rise par des changements c\u00e9r\u00e9braux importants, perturbant gravement les fonctions cognitives. Parmi les sympt\u00f4mes notables, on retrouve la perte de m\u00e9moire, les difficult\u00e9s \u00e0 penser clairement et l\u2019incapacit\u00e9 \u00e0 effectuer des t\u00e2ches quotidiennes. Ces sympt\u00f4mes sont principalement caus\u00e9s par la <strong>formation de plaques amylo\u00efdes<\/strong>, des agr\u00e9gats de prot\u00e9ines mal repli\u00e9es qui s\u2019accumulent dans le cerveau. Cette accumulation perturbe la communication entre les neurones, entra\u00eenant inflammation et d\u00e9g\u00e9n\u00e9rescence neuronale, et provoque ainsi la mort cellulaire et l\u2019atrophie des tissus c\u00e9r\u00e9braux.<\/p>\n<p>Actuellement, les traitements se concentrent sur la <strong>gestion des sympt\u00f4mes<\/strong>. Les inhibiteurs de la cholinest\u00e9rase, par exemple, augmentent la quantit\u00e9 de neurotransmetteurs dans le cerveau pour am\u00e9liorer la transmission des signaux nerveux. Les antagonistes des r\u00e9cepteurs NMDA, quant \u00e0 eux, r\u00e9gulent l\u2019activit\u00e9 neuronale anormale, en particulier chez les patients \u00e0 un stade avanc\u00e9. Cependant, ces traitements n\u2019offrent qu\u2019un soulagement temporaire et ne ralentissent pas la progression de la maladie. La recherche de nouveaux traitements capables de pr\u00e9venir ou inverser les dommages c\u00e9r\u00e9braux est donc cruciale.<\/p>\n<blockquote class=\"wp-embedded-content\" data-secret=\"zJpOBs9O0P\">\n<p><a href=\"https:\/\/www.le-gaz.fr\/2025\/05\/27\/chauffage-au-gaz-la-fin-dune-ere\/\" rel=\"nofollow noopener\" target=\"_blank\">Chauffage au gaz : la fin d\u2019une \u00e8re ?<\/a><\/p>\n<\/blockquote>\n<p>Le x\u00e9non : un gaz aux propri\u00e9t\u00e9s prometteuses<\/p>\n<p>Le <strong>x\u00e9non<\/strong>, connu pour ses propri\u00e9t\u00e9s anesth\u00e9siques, est d\u00e9j\u00e0 utilis\u00e9 en m\u00e9decine pour l\u2019anesth\u00e9sie et l\u2019imagerie. Toutefois, ses applications pourraient s\u2019\u00e9tendre bien au-del\u00e0. Des \u00e9tudes r\u00e9centes ont d\u00e9montr\u00e9 que le x\u00e9non peut traverser la <strong>barri\u00e8re h\u00e9matoenc\u00e9phalique<\/strong>, permettant ainsi aux m\u00e9dicaments de p\u00e9n\u00e9trer dans le cerveau, ce qui est un d\u00e9fi majeur pour le traitement des maladies c\u00e9r\u00e9brales.<\/p>\n<p>Une \u00e9tude men\u00e9e par des chercheurs du Brigham and Women\u2019s Hospital et de l\u2019universit\u00e9 de Washington a explor\u00e9 les effets du x\u00e9non sur des souris g\u00e9n\u00e9tiquement modifi\u00e9es pour d\u00e9velopper une forme d\u2019Alzheimer. Les r\u00e9sultats ont montr\u00e9 que le x\u00e9non active une r\u00e9ponse immunitaire protectrice dans le cerveau, en stimulant l\u2019activit\u00e9 des microglies, des cellules immunitaires essentielles \u00e0 la protection et la r\u00e9paration du tissu c\u00e9r\u00e9bral. Cette activation a permis de <strong>r\u00e9duire l\u2019inflammation<\/strong> et de ralentir le r\u00e9tr\u00e9cissement du cerveau, tout en diminuant la formation de plaques amylo\u00efdes.<\/p>\n<blockquote class=\"wp-embedded-content\" data-secret=\"VMToZjJx46\">\n<p><a href=\"https:\/\/www.le-gaz.fr\/2025\/07\/03\/les-prix-chutent-mais-pas-vos-factures-la-hausse-cachee-du-gaz-en-france-malgre-la-tendance-mondiale-a-la-baisse\/\" rel=\"nofollow noopener\" target=\"_blank\">\u00ab Les prix chutent, mais pas vos factures \u00bb : la hausse cach\u00e9e du gaz en France malgr\u00e9 la tendance mondiale \u00e0 la baisse<\/a><\/p>\n<\/blockquote>\n<p>Le m\u00e9canisme d\u2019action du x\u00e9non<\/p>\n<p>Le x\u00e9non agit en activant les <strong>microglies<\/strong>, contribuant \u00e0 \u00e9liminer les d\u00e9bris cellulaires et \u00e0 r\u00e9duire l\u2019inflammation dans le cerveau. Ce processus est crucial pour emp\u00eacher l\u2019aggravation des l\u00e9sions neuronales, permettant ainsi aux cellules c\u00e9r\u00e9brales de rester fonctionnelles plus longtemps. En outre, la capacit\u00e9 unique du x\u00e9non \u00e0 traverser la barri\u00e8re h\u00e9matoenc\u00e9phalique en fait un outil potentiel pour d\u00e9livrer des traitements directement vers les zones affect\u00e9es du cerveau.<\/p>\n<p>Les chercheurs, encourag\u00e9s par les r\u00e9sultats obtenus chez les souris, se pr\u00e9parent d\u00e9sormais \u00e0 lancer des <strong>essais cliniques<\/strong> chez l\u2019Homme. Un essai de phase I est pr\u00e9vu pour \u00e9valuer la s\u00e9curit\u00e9 et l\u2019efficacit\u00e9 du x\u00e9non chez des sujets humains en bonne sant\u00e9. Si ces essais sont concluants, le x\u00e9non pourrait r\u00e9volutionner le traitement de la maladie d\u2019Alzheimer et d\u2019autres affections neurologiques.<\/p>\n<p>Perspectives d\u2019avenir et implications<\/p>\n<p>Les r\u00e9sultats prometteurs des recherches sur le x\u00e9non ouvrent de nouvelles perspectives pour le traitement de la maladie d\u2019Alzheimer. En r\u00e9duisant l\u2019inflammation et la formation de plaques amylo\u00efdes, le x\u00e9non pourrait non seulement ralentir la progression de la maladie, mais aussi offrir une protection \u00e0 long terme aux neurones. Cependant, le passage des r\u00e9sultats pr\u00e9cliniques \u00e0 la pratique clinique reste un d\u00e9fi majeur.<\/p>\n<p>Les essais cliniques \u00e0 venir seront cruciaux pour d\u00e9terminer l\u2019applicabilit\u00e9 et l\u2019efficacit\u00e9 du x\u00e9non chez les patients humains. Si ces essais sont r\u00e9ussis, cela pourrait marquer une avanc\u00e9e significative dans la lutte contre la maladie d\u2019Alzheimer. Reste \u00e0 savoir comment cette nouvelle approche sera int\u00e9gr\u00e9e dans les protocoles de traitement actuels et quelle sera son acceptation par la communaut\u00e9 m\u00e9dicale et les patients. Quel sera l\u2019impact du x\u00e9non sur l\u2019avenir des traitements neurod\u00e9g\u00e9n\u00e9ratifs ?<\/p>\n<p>Cet article s\u2019appuie sur des sources v\u00e9rifi\u00e9es et l\u2019assistance de technologies \u00e9ditoriales.<\/p>\n<p id=\"rating\">\u00c7a vous a plu ?\u00a04.6\/5 (23)<\/p>\n","protected":false},"excerpt":{"rendered":"EN BREF \ud83e\udde0 La maladie d\u2019Alzheimer provoque une perte progressive de la m\u00e9moire et des capacit\u00e9s cognitives. \ud83d\udd2c&hellip;\n","protected":false},"author":2,"featured_media":255735,"comment_status":"","ping_status":"","sticky":false,"template":"","format":"standard","meta":{"footnotes":""},"categories":[10],"tags":[1011,27,72,71],"class_list":{"0":"post-255734","1":"post","2":"type-post","3":"status-publish","4":"format-standard","5":"has-post-thumbnail","7":"category-sante","8":"tag-fr","9":"tag-france","10":"tag-health","11":"tag-sante"},"share_on_mastodon":{"url":"https:\/\/pubeurope.com\/@fr\/114872899547598861","error":""},"_links":{"self":[{"href":"https:\/\/www.europesays.com\/fr\/wp-json\/wp\/v2\/posts\/255734","targetHints":{"allow":["GET"]}}],"collection":[{"href":"https:\/\/www.europesays.com\/fr\/wp-json\/wp\/v2\/posts"}],"about":[{"href":"https:\/\/www.europesays.com\/fr\/wp-json\/wp\/v2\/types\/post"}],"author":[{"embeddable":true,"href":"https:\/\/www.europesays.com\/fr\/wp-json\/wp\/v2\/users\/2"}],"replies":[{"embeddable":true,"href":"https:\/\/www.europesays.com\/fr\/wp-json\/wp\/v2\/comments?post=255734"}],"version-history":[{"count":0,"href":"https:\/\/www.europesays.com\/fr\/wp-json\/wp\/v2\/posts\/255734\/revisions"}],"wp:featuredmedia":[{"embeddable":true,"href":"https:\/\/www.europesays.com\/fr\/wp-json\/wp\/v2\/media\/255735"}],"wp:attachment":[{"href":"https:\/\/www.europesays.com\/fr\/wp-json\/wp\/v2\/media?parent=255734"}],"wp:term":[{"taxonomy":"category","embeddable":true,"href":"https:\/\/www.europesays.com\/fr\/wp-json\/wp\/v2\/categories?post=255734"},{"taxonomy":"post_tag","embeddable":true,"href":"https:\/\/www.europesays.com\/fr\/wp-json\/wp\/v2\/tags?post=255734"}],"curies":[{"name":"wp","href":"https:\/\/api.w.org\/{rel}","templated":true}]}}