{"id":255744,"date":"2025-07-18T06:52:10","date_gmt":"2025-07-18T06:52:10","guid":{"rendered":"https:\/\/www.europesays.com\/fr\/255744\/"},"modified":"2025-07-18T06:52:10","modified_gmt":"2025-07-18T06:52:10","slug":"la-presidence-accuse-les-combattants-druzes-de-soueida-de-violer-le-cessez-le-feu-en-se-livrant-a-des-violences-horribles","status":"publish","type":"post","link":"https:\/\/www.europesays.com\/fr\/255744\/","title":{"rendered":"la pr\u00e9sidence accuse les combattants druzes de Soue\u00efda de violer le cessez-le-feu en se livrant \u00e0 des \u00abviolences horribles\u00bb"},"content":{"rendered":"<p><strong>LE POINT SUR LA SITUATION &#8211;<\/strong> Les \u00c9tats-Unis, alli\u00e9s d\u2019Isra\u00ebl et qui affichent leur soutien au nouveau dirigeant syrien Ahmad al-Charaa, avaient annonc\u00e9 ce mercredi un accord pour r\u00e9tablir le calme en Syrie, sc\u00e8ne de violents affrontements depuis dimanche.<\/p>\n<p class=\"fig-paragraph\">La ville syrienne<a href=\"http:\/\/www.lefigaro.fr\/international\/qui-sont-les-druzes-minorite-du-moyen-orient-victime-d-exactions-en-syrie-20250716\" target=\"_blank\" data-fig-type=\"NewsFlash\" rel=\"noopener\" data-gtm-custom-categorie=\"navigation\" data-gtm-custom-action=\"crossclick\" data-gtm-custom-label=\"Contextuel\" data-gtm-event=\"customEventSPE\" data-fig-domain=\"LEFIGARO\">\u00a0\u00e0 majorit\u00e9 druze<\/a>\u00a0de Soue\u00efda compte ses morts apr\u00e8s le retrait des troupes gouvernementales, d\u00e9cid\u00e9 par le pr\u00e9sident int\u00e9rimaire\u00a0<a href=\"http:\/\/www.lefigaro.fr\/international\/syrie-apres-des-violences-inedites-ahmad-al-chareh-appelle-a-l-unite-20250309\" target=\"_blank\" data-fig-type=\"NewsFlash\" rel=\"noopener\" data-gtm-custom-categorie=\"navigation\" data-gtm-custom-action=\"crossclick\" data-gtm-custom-label=\"Contextuel\" data-gtm-event=\"customEventSPE\" data-fig-domain=\"LEFIGARO\">Ahmad al-Charaa<\/a>\u00a0pour \u00e9viter selon lui une \u00abguerre ouverte\u00bb avec Isra\u00ebl.<\/p>\n<p class=\"fig-paragraph\">Mais la pr\u00e9sidence syrienne a accus\u00e9 ce jeudi les combattants druzes de Soue\u00efda de violer le cessez-le-feu.<\/p>\n<p>                                    <a class=\"fig-a11y-skip a11y-hidden\" href=\"#fig-a11y-skip-main-inarticle\"><br \/>\n        Passer la publicit\u00e9<br \/>\n    <\/a><\/p>\n<p class=\"fig-paragraph\">Elle a aussi mis en garde contre \u00abl&rsquo;interf\u00e9rence isra\u00e9lienne flagrante (qui) continue dans les affaires internes de la Syrie, qui ne conduit qu&rsquo;\u00e0 davantage de chaos et de destruction et complique plus encore la situation r\u00e9gionale\u00bb.<\/p>\n<p class=\"fig-paragraph\">Le Figaro fait le point de la situation.<\/p>\n<p><strong>La pr\u00e9sidence\u00a0syrienne accuse les combattants druzes de violer le cessez-le-feu<\/strong><\/p>\n<p class=\"fig-paragraph\">La pr\u00e9sidence syrienne a accus\u00e9 jeudi les combattants druzes de\u00a0Soue\u00efda\u00a0de violer le cessez-le-feu qui a conduit au retrait des forces gouvernementales de la province, dans le sud du pays.<\/p>\n<p class=\"fig-paragraph\">Dans une d\u00e9claration, la pr\u00e9sidence a accus\u00e9 les \u00abforces hors-la-loi\u00bb &#8211; le terme utilis\u00e9 par le gouvernement pour d\u00e9signer les factions druzes de Soue\u00efda &#8211; de violer l\u2019accord en se livrant \u00e0 des \u00abviolences horribles\u00bb contre les civils, y compris des \u00abcrimes qui contreviennent compl\u00e8tement aux obligations de m\u00e9diation, menacent directement la paix civile et poussent vers le chaos et l\u2019effondrement de la s\u00e9curit\u00e9\u00bb.<\/p>\n<p class=\"fig-body-link\">\n            \u00c0 lire aussi<br \/>\n        <a class=\"fig-body-link__link fig-premium-mark\" href=\"http:\/\/www.lefigaro.fr\/international\/fiasco-des-troupes-syriennes-face-aux-druzes-soutenus-par-israel-tout-comprendre-au-conflit-qui-a-enflamme-soueida-20250717\" data-fig-type=\"Article\" data-gtm-custom-categorie=\"navigation\" data-gtm-custom-action=\"crossclick\" data-gtm-custom-label=\"Contextuel\" data-gtm-event=\"customEventSPE\" data-fig-domain=\"LEFIGARO\" target=\"_blank\" rel=\"noopener\">Fiasco des troupes syriennes face aux Druzes soutenus par Isra\u00ebl\u00a0: tout comprendre au conflit qui a enflamm\u00e9 Soue\u00efda<br \/>\n    <\/a>\n<\/p>\n<p><strong>L\u2019agence\u00a0syrienne fait \u00e9tat d\u2019un raid isra\u00e9lien dans le sud de la\u00a0Syrie<\/strong><\/p>\n<p class=\"fig-paragraph\"><a href=\"http:\/\/www.lefigaro.fr\/international\/en-reponse-a-des-affrontements-entre-druzes-et-troupes-syriennes-israel-bombarde-damas-20250716\" target=\"_blank\" data-fig-type=\"Article\" rel=\"noopener\" data-gtm-custom-categorie=\"navigation\" data-gtm-custom-action=\"crossclick\" data-gtm-custom-label=\"Contextuel\" data-gtm-event=\"customEventSPE\" data-fig-domain=\"LEFIGARO\">Isra\u00ebl\u00a0<\/a>a menac\u00e9 mercredi d&rsquo;intensifier ses frappes si les forces syriennes ne quittaient pas cette province du sud de la Syrie, o\u00f9 les combats ont fait pr\u00e8s de 600 morts selon une ONG. Jeudi soir, l&rsquo;agence officielle Sana a fait \u00e9tat d&rsquo;un raid isra\u00e9lien pr\u00e8s de Soue\u00efda, le premier depuis le retrait syrien.<\/p>\n<p>                                    <a class=\"fig-a11y-skip a11y-hidden\" href=\"#fig-a11y-skip-main-inarticle_mtf\"><br \/>\n        Passer la publicit\u00e9<br \/>\n    <\/a><\/p>\n<p class=\"fig-paragraph\">Les habitants de Soue\u00efda ont d\u00e9couvert une ville sinistr\u00e9e. Un correspondant de l&rsquo;AFP a compt\u00e9 15 cadavres gisant dans le centre. \u00abC&rsquo;est comme si Soue\u00efda sortait d&rsquo;une catastrophe naturelle ou d&rsquo;une inondation\u00bb, a racont\u00e9 Hanadi Obeid, un m\u00e9decin de 39 ans.<\/p>\n<p class=\"fig-paragraph\">Devant l&rsquo;h\u00f4pital principal, des familles cherchent leurs proches dans un climat de col\u00e8re et de peur. Selon le bureau des affaires humanitaires de l&rsquo;ONU (Ocha), \u00abpr\u00e8s de 2000 familles ont \u00e9t\u00e9 d\u00e9plac\u00e9es\u00bb en raison des violences \u00e0 travers la province, qui ont \u00e9clat\u00e9 dimanche entre tribus b\u00e9douines sunnites et des combattants druzes.<\/p>\n<p>Un cessez-le-feu obtenu \u00abpar la force\u00bb, selon Benyamin Netanyahou<\/p>\n<p class=\"fig-paragraph\">Cette escalade \u00e9branle davantage le pouvoir de Charaa, qui a renvers\u00e9, \u00e0 la t\u00eate d&rsquo;une coalition de groupes rebelles islamistes le pr\u00e9sident\u00a0<a href=\"http:\/\/www.lefigaro.fr\/international\/syrie-pour-la-premiere-fois-depuis-la-chute-de-bachar-al-assad-un-membre-du-congres-americain-recu-a-damas-20250419\" target=\"_blank\" data-fig-type=\"NewsFlash\" rel=\"noopener\" data-gtm-custom-categorie=\"navigation\" data-gtm-custom-action=\"crossclick\" data-gtm-custom-label=\"Contextuel\" data-gtm-event=\"customEventSPE\" data-fig-domain=\"LEFIGARO\">Bachar el-Assad<\/a>\u00a0en d\u00e9cembre, dans un pays meurtri par pr\u00e8s de 14 ans de guerre civile.<\/p>\n<p class=\"fig-paragraph\">Des membres des forces gouvernementales ont affirm\u00e9 qu&rsquo;ils avaient re\u00e7u l&rsquo;ordre de se retirer de la province de Soue\u00efda peu avant minuit mercredi et qu&rsquo;ils avaient achev\u00e9 leur retrait \u00e0 l&rsquo;aube. Dans un discours t\u00e9l\u00e9vis\u00e9 dans la nuit, Ahmad al-Charaa a annonc\u00e9 le transfert \u00ab\u00e0 des groupes locaux\u00bb et des dignitaires religieux druzes de la responsabilit\u00e9 du maintien de la s\u00e9curit\u00e9 \u00e0 Soue\u00efda.<\/p>\n<p class=\"fig-paragraph\">\u00abNous avons donn\u00e9 la priorit\u00e9 \u00e0 l&rsquo;int\u00e9r\u00eat des Syriens plut\u00f4t qu&rsquo;au chaos et \u00e0 la destruction\u00bb, a-t-il d\u00e9clar\u00e9, disant avoir voulu \u00e9viter \u00abune guerre ouverte\u00bb avec Isra\u00ebl dont il a condamn\u00e9 l&rsquo;intervention. Mercredi, Isra\u00ebl a bombard\u00e9 plusieurs cibles au c\u0153ur de Damas dont le QG de l&rsquo;arm\u00e9e, faisant trois morts selon les autorit\u00e9s. Le Premier ministre isra\u00e9lien Benyamin Netanyahou a dit jeudi que le cessez-le-feu avait \u00e9t\u00e9 obtenu \u00abpar la force\u00bb.<\/p>\n<p>                                    <a class=\"fig-a11y-skip a11y-hidden\" href=\"#fig-a11y-skip-main-inarticle_btf\"><br \/>\n        Passer la publicit\u00e9<br \/>\n    <\/a><\/p>\n<p>Washington \u00abn\u2019a pas soutenu les r\u00e9centes frappes isra\u00e9liennes\u00bb, selon le d\u00e9partement d\u2019\u00c9tat am\u00e9ricain<\/p>\n<p class=\"fig-paragraph\">Ahmad al-Charaa a soulign\u00e9 que \u00abl&rsquo;intervention efficace de la m\u00e9diation am\u00e9ricaine, arabe et turque, a sauv\u00e9 la r\u00e9gion d&rsquo;un sort inconnu\u00bb. Les\u00a0<a href=\"https:\/\/www.lefigaro.fr\/international\/attaque-du-hamas-contre-israel-les-etats-unis-sur-le-pied-de-guerre-a-cote-de-leur-allie-israelien-20231011\" target=\"_blank\" data-fig-type=\"Article\" rel=\"noopener\" data-gtm-custom-categorie=\"navigation\" data-gtm-custom-action=\"crossclick\" data-gtm-custom-label=\"Contextuel\" data-gtm-event=\"customEventSPE\" data-fig-domain=\"LEFIGARO\">\u00c9tats-Unis, alli\u00e9s d&rsquo;Isra\u00ebl<\/a>\u00a0et qui affichent leur soutien au nouveau dirigeant syrien malgr\u00e9 son pass\u00e9 jihadiste, avaient annonc\u00e9 mercredi un accord pour r\u00e9tablir le calme en Syrie.<\/p>\n<p class=\"fig-paragraph\">Le d\u00e9partement d&rsquo;\u00c9tat, Tammy Bruce, avait dans le m\u00eame temps appel\u00e9 le pouvoir syrien \u00e0 se retirer de la zone de conflit afin d&rsquo;apaiser les tensions avec Isra\u00ebl. Washington \u00abn&rsquo;a pas soutenu les r\u00e9centes frappes isra\u00e9liennes\u00bb, a d\u00e9clar\u00e9 ce dernier jeudi. La Maison Blanche a elle mit en avant le r\u00f4le des \u00c9tats-Unis dans la d\u00e9sescalade, qui \u00absemble continuer\u00bb.<\/p>\n<p class=\"fig-paragraph\">Les ministres des Affaires \u00e9trang\u00e8res des \u00c9mirats, de Jordanie, de Bahre\u00efn, de Turquie, d&rsquo;Arabie saoudite, d&rsquo;Irak, d&rsquo;Oman, du Qatar, de Kowe\u00eft, du Liban et d&rsquo;\u00c9gypte ont affirm\u00e9 dans un communiqu\u00e9 conjoint leur \u00abcondamnation la plus ferme et leur rejet cat\u00e9gorique des attaques isra\u00e9liennes r\u00e9p\u00e9t\u00e9es sur la Syrie qui sont une violation manifeste de la loi internationale et une attaque flagrante contre la souverainet\u00e9 syrienne\u00bb.<\/p>\n<p>Le bilan s\u2019alourdit \u00e0 594 morts, dont 300 druzes de Soue\u00efda<\/p>\n<p class=\"fig-paragraph\">Selon l&rsquo;OSDH, les violences ont fait 594 morts: 300 druzes de Soue\u00efda, dont 154 civils y compris 83 \u00abex\u00e9cut\u00e9s sommairement par des membres (des forces relevant) des minist\u00e8res de la D\u00e9fense et de l&rsquo;Int\u00e9rieur\u00bb. Les combats ont \u00e9galement co\u00fbt\u00e9 la vie \u00e0 257 membres du gouvernement et 18 combattants b\u00e9douins sunnites, outre trois membres de tribus \u00abex\u00e9cut\u00e9s sommairement par des combattants druzes\u00bb, selon cette source.<\/p>\n<p class=\"fig-paragraph\">Selon Ahmad al-Charaa, les auteurs d&rsquo;exactions contre \u00abnotre peuple druze, qui est sous la protection et la responsabilit\u00e9 de l&rsquo;\u00c9tat\u00bb, \u00abrendront des comptes\u00bb. Il avait fait la m\u00eame promesse apr\u00e8s le massacre de centaines de membres de la communaut\u00e9 alaouite, dont est issu le pr\u00e9sident syrien, d\u00e9but mars sur le littoral syrien. Mais une commission d&rsquo;enqu\u00eate sur ces massacres n&rsquo;a jamais rendu ses conclusions.<\/p>\n<p class=\"fig-paragraph\">Pr\u00e9sente principalement \u00e0 Soue\u00efda, la communaut\u00e9 druze de Syrie comptait avant la guerre civile quelque 700.000 personnes. Cette minorit\u00e9 \u00e9sot\u00e9rique issue d&rsquo;une branche de l&rsquo;islam est aussi implant\u00e9e au\u00a0<a href=\"http:\/\/www.lefigaro.fr\/international\/douze-enfants-druzes-tues-israel-menace-le-hezbollah-d-une-guerre-au-liban-20240728\" target=\"_blank\" data-fig-type=\"Article\" rel=\"noopener\" data-gtm-custom-categorie=\"navigation\" data-gtm-custom-action=\"crossclick\" data-gtm-custom-label=\"Contextuel\" data-gtm-event=\"customEventSPE\" data-fig-domain=\"LEFIGARO\">Liban\u00a0<\/a>et en Isra\u00ebl.<\/p>\n","protected":false},"excerpt":{"rendered":"LE POINT SUR LA SITUATION &#8211; Les \u00c9tats-Unis, alli\u00e9s d\u2019Isra\u00ebl et qui affichent leur soutien au nouveau dirigeant&hellip;\n","protected":false},"author":2,"featured_media":255745,"comment_status":"","ping_status":"","sticky":false,"template":"","format":"standard","meta":{"footnotes":""},"categories":[5],"tags":[11,221,1011,27,14,664,12,32,28],"class_list":{"0":"post-255744","1":"post","2":"type-post","3":"status-publish","4":"format-standard","5":"has-post-thumbnail","7":"category-international","8":"tag-actualites","9":"tag-cessez-le-feu","10":"tag-fr","11":"tag-france","12":"tag-international","13":"tag-israel","14":"tag-news","15":"tag-syrie","16":"tag-world"},"share_on_mastodon":{"url":"https:\/\/pubeurope.com\/@fr\/114872919221256660","error":""},"_links":{"self":[{"href":"https:\/\/www.europesays.com\/fr\/wp-json\/wp\/v2\/posts\/255744","targetHints":{"allow":["GET"]}}],"collection":[{"href":"https:\/\/www.europesays.com\/fr\/wp-json\/wp\/v2\/posts"}],"about":[{"href":"https:\/\/www.europesays.com\/fr\/wp-json\/wp\/v2\/types\/post"}],"author":[{"embeddable":true,"href":"https:\/\/www.europesays.com\/fr\/wp-json\/wp\/v2\/users\/2"}],"replies":[{"embeddable":true,"href":"https:\/\/www.europesays.com\/fr\/wp-json\/wp\/v2\/comments?post=255744"}],"version-history":[{"count":0,"href":"https:\/\/www.europesays.com\/fr\/wp-json\/wp\/v2\/posts\/255744\/revisions"}],"wp:featuredmedia":[{"embeddable":true,"href":"https:\/\/www.europesays.com\/fr\/wp-json\/wp\/v2\/media\/255745"}],"wp:attachment":[{"href":"https:\/\/www.europesays.com\/fr\/wp-json\/wp\/v2\/media?parent=255744"}],"wp:term":[{"taxonomy":"category","embeddable":true,"href":"https:\/\/www.europesays.com\/fr\/wp-json\/wp\/v2\/categories?post=255744"},{"taxonomy":"post_tag","embeddable":true,"href":"https:\/\/www.europesays.com\/fr\/wp-json\/wp\/v2\/tags?post=255744"}],"curies":[{"name":"wp","href":"https:\/\/api.w.org\/{rel}","templated":true}]}}