{"id":255764,"date":"2025-07-18T07:03:14","date_gmt":"2025-07-18T07:03:14","guid":{"rendered":"https:\/\/www.europesays.com\/fr\/255764\/"},"modified":"2025-07-18T07:03:14","modified_gmt":"2025-07-18T07:03:14","slug":"y-a-t-il-eu-un-effet-tour-de-france-chez-les-commercants-de-rouen","status":"publish","type":"post","link":"https:\/\/www.europesays.com\/fr\/255764\/","title":{"rendered":"Y a-t-il eu un \u00ab effet Tour de France \u00bb chez les commer\u00e7ants de Rouen\u00a0?"},"content":{"rendered":"<p>            Par<br \/>\n        <strong><br \/>\n            <a href=\"https:\/\/actu.fr\/auteur\/adrien-tisserand\" title=\"Consulter tous les articles de Adrien Tisserand\" rel=\"nofollow noopener\" target=\"_blank\">Adrien Tisserand<\/a><br \/>\n        <\/strong><\/p>\n<p>        Publi\u00e9 le<\/p>\n<p>            18 juil. 2025 \u00e0 8h14        <\/p>\n<p>Un jour pas comme les autres. Mardi 8 juillet, <a href=\"https:\/\/actu.fr\/normandie\/rouen_76540\" rel=\"nofollow noopener\" target=\"_blank\">Rouen<\/a> accueillait la quatri\u00e8me \u00e9tape du <a href=\"https:\/\/actu.fr\/76actu\/sports\/cyclisme\" rel=\"nofollow noopener\" target=\"_blank\">Tour de France<\/a>, avec une arriv\u00e9e dans les rues de la ville. <strong>Une belle occasion pour les commer\u00e7ants d\u2019attirer du monde<\/strong> en marge de l\u2019\u00e9v\u00e8nement ? On fait le bilan avec eux.<\/p>\n<p>Des commerces vides ou ferm\u00e9s le jour J<\/p>\n<p class=\" wall-content\">Pas vraiment si l\u2019on en croit Jos\u00e9 Ortuzar, le vice-pr\u00e9sident des Vitrines de Rouen. Il dresse un premier bilan de l\u2019\u00e9v\u00e8nement pour les commer\u00e7ants : \u00ab\u00a0Nous n\u2019avons pas eu de pic de fr\u00e9quentation ce jour-l\u00e0. <strong>Beaucoup de magasins \u00e9taient vides ou ferm\u00e9s<\/strong>, y compris ceux situ\u00e9s sur le trac\u00e9\u00a0\u00bb. Il note tout de m\u00eame que \u00ab\u00a0quelques <strong>restaurants avec une terrasse<\/strong> en ont bien profit\u00e9 le soir\u00a0\u00bb. Le commer\u00e7ant y voit une explication simple : \u00ab\u00a0Les rues \u00e9taient d\u00e9sertes jusqu\u2019en d\u00e9but d\u2019apr\u00e8s-midi, <a href=\"https:\/\/actu.fr\/normandie\/rouen_76540\/tour-de-france-2025-a-rouen-voici-ou-on-ne-pourra-pas-circuler-et-se-garer-des-le-2-juillet_62761195.html\" rel=\"nofollow noopener\" target=\"_blank\">l\u2019acc\u00e8s \u00e0 Rouen \u00e9tait paralys\u00e9<\/a> depuis la veille\u00a0\u00bb.<\/p>\n<p class=\" wall-content\">Au niveau des r\u00e9servations d\u2019h\u00f4tels, <strong>pas d\u2019effet de levier important<\/strong> du Tour non plus selon lui : \u00ab\u00a0Nous n\u2019\u00e9tions pas une ville d\u00e9part, contrairement \u00e0 Caen par exemple. Tr\u00e8s peu de gens arrivent la veille de l\u2019\u00e9tape, et beaucoup repartent aussit\u00f4t\u00a0\u00bb.\u00a0<\/p>\n<p>Et les magasins de v\u00e9lo ?\u00a0<\/p>\n<p class=\" wall-content\">Certaines enseignes du centre-ville sp\u00e9cialis\u00e9es dans le v\u00e9lo, comme <strong>Cyclable<\/strong>, n\u2019ont pas non plus constat\u00e9 une hausse de leur fr\u00e9quentation avec le Tour de France. Un employ\u00e9 d\u00e9taille : \u00ab\u00a0Nous sommes tr\u00e8s charg\u00e9s au niveau de l\u2019atelier de r\u00e9paration, mais pas plus que les autres ann\u00e9es. Le v\u00e9lo, c\u2019est quand m\u00eame tr\u00e8s saisonnier, donc on est souvent <strong>complet en juin<\/strong> et d\u00e9but juillet, avec les beaux jours, et en pr\u00e9vision des vacances d\u2019\u00e9t\u00e9\u00a0\u00bb.\u00a0<\/p>\n<p class=\" wall-content\"><a href=\"https:\/\/actu.fr\/normandie\/isneauville_76377\/pres-de-rouen-il-importe-des-velos-hollandais-d-occasion-pour-les-revendre-a-petits-prix_42505928.html\" rel=\"nofollow noopener\" target=\"_blank\">Le magasin Zenavelo\u00a0<\/a>a tout de m\u00eame pu se servir de la Grande Boucle pour <strong>se faire conna\u00eetre<\/strong>. Le g\u00e9rant, Frank Van Dravik, indique : \u00ab\u00a0On observe tout de m\u00eame une hausse de la vente de v\u00e9los plus sportifs. On voit aussi une augmentation de la fr\u00e9quentation de notre site Internet, donc le Tour est b\u00e9n\u00e9fique pour nous\u00a0\u00bb.<\/p>\n<p>Un coup de pouce pour l\u2019image de la ville\u00a0<\/p>\n<p class=\" wall-content\">Il ajoute : \u00ab\u00a0Avec le Tour de France, nous avons <strong>davantage de clients \u00e9trangers<\/strong>, comme un touriste argentin, qui est venu sp\u00e9cialement pour louer un v\u00e9lo et tourner dans Rouen\u00a0\u00bb. Un constat partag\u00e9 par Jos\u00e9 Ortuzar : \u00ab\u00a0\u00c7a permet surtout aux \u00e9trangers de pouvoir d\u00e9couvrir notre ville\u00a0\u00bb. Pour rappel, le Tour de France est le troisi\u00e8me \u00e9v\u00e8nement sportif le plus suivi au monde, <a href=\"https:\/\/www.francesportexpertise.fr\/realisations\/tour-de-france\/#:~:text=Cela%20en%20fait%20le%20seul,l&#039;ensemble%20de%20la%20course.\" rel=\"nofollow noopener\" target=\"_blank\">avec plus de 3 milliards de spectateurs dans 190 pays<\/a>.\u00a0<\/p>\n<p class=\" wall-content\">L\u2019Office de Tourisme de Rouen tiendra, en ce sens, un <strong>bilan chiffr\u00e9<\/strong> des r\u00e9servations de nuit\u00e9es lors du Tour de France au mois de septembre.\u00a0<\/p>\n<p>Suivez l\u2019actualit\u00e9 de Rouen <a href=\"https:\/\/www.whatsapp.com\/channel\/0029VaKfnf99hXF2ddApFB1D\" rel=\"nofollow noopener\" target=\"_blank\">sur notre cha\u00eene WhatsApp<\/a> et <a href=\"https:\/\/www.tiktok.com\/@76actu.fr?lang=fr\" rel=\"nofollow noopener\" target=\"_blank\">sur notre compte TikTok<\/a><\/p>\n<p class=\" wall-content\">Suivez toute l\u2019actualit\u00e9 de vos villes et m\u00e9dias favoris en vous inscrivant \u00e0 <a href=\"https:\/\/moncompte.actu.fr\" title=\"D\u00e9couvez Mon Actu\" rel=\"nofollow noopener\" data-trk=\"{&quot;cta&quot;:{&quot;action&quot;:&quot;https:\\\/\\\/moncompte.actu.fr&quot;,&quot;category&quot;:&quot;mon compte&quot;,&quot;from&quot;:&quot;article footer&quot;,&quot;name&quot;:&quot;Mon actu&quot;,&quot;type&quot;:&quot;cta&quot;}}\" target=\"_blank\">Mon Actu<\/a>.<\/p>\n<p>                    <script async src=\"\/\/www.tiktok.com\/embed.js\"><\/script><\/p>\n","protected":false},"excerpt":{"rendered":"Par Adrien Tisserand Publi\u00e9 le 18 juil. 2025 \u00e0 8h14 Un jour pas comme les autres. Mardi 8&hellip;\n","protected":false},"author":2,"featured_media":255765,"comment_status":"","ping_status":"","sticky":false,"template":"","format":"standard","meta":{"footnotes":""},"categories":[9587],"tags":[1111,11,215,33,1777,674,1011,27,12,5161,25,9590,2116,208],"class_list":{"0":"post-255764","1":"post","2":"type-post","3":"status-publish","4":"format-standard","5":"has-post-thumbnail","7":"category-rouen","8":"tag-actu","9":"tag-actualites","10":"tag-commerce","11":"tag-economie","12":"tag-eu","13":"tag-europe","14":"tag-fr","15":"tag-france","16":"tag-news","17":"tag-normandie","18":"tag-republique-francaise","19":"tag-rouen","20":"tag-tour-de-france-2025","21":"tag-velo"},"share_on_mastodon":{"url":"https:\/\/pubeurope.com\/@fr\/114872962542445182","error":""},"_links":{"self":[{"href":"https:\/\/www.europesays.com\/fr\/wp-json\/wp\/v2\/posts\/255764","targetHints":{"allow":["GET"]}}],"collection":[{"href":"https:\/\/www.europesays.com\/fr\/wp-json\/wp\/v2\/posts"}],"about":[{"href":"https:\/\/www.europesays.com\/fr\/wp-json\/wp\/v2\/types\/post"}],"author":[{"embeddable":true,"href":"https:\/\/www.europesays.com\/fr\/wp-json\/wp\/v2\/users\/2"}],"replies":[{"embeddable":true,"href":"https:\/\/www.europesays.com\/fr\/wp-json\/wp\/v2\/comments?post=255764"}],"version-history":[{"count":0,"href":"https:\/\/www.europesays.com\/fr\/wp-json\/wp\/v2\/posts\/255764\/revisions"}],"wp:featuredmedia":[{"embeddable":true,"href":"https:\/\/www.europesays.com\/fr\/wp-json\/wp\/v2\/media\/255765"}],"wp:attachment":[{"href":"https:\/\/www.europesays.com\/fr\/wp-json\/wp\/v2\/media?parent=255764"}],"wp:term":[{"taxonomy":"category","embeddable":true,"href":"https:\/\/www.europesays.com\/fr\/wp-json\/wp\/v2\/categories?post=255764"},{"taxonomy":"post_tag","embeddable":true,"href":"https:\/\/www.europesays.com\/fr\/wp-json\/wp\/v2\/tags?post=255764"}],"curies":[{"name":"wp","href":"https:\/\/api.w.org\/{rel}","templated":true}]}}