{"id":255766,"date":"2025-07-18T07:04:16","date_gmt":"2025-07-18T07:04:16","guid":{"rendered":"https:\/\/www.europesays.com\/fr\/255766\/"},"modified":"2025-07-18T07:04:16","modified_gmt":"2025-07-18T07:04:16","slug":"un-drame-pour-les-enfants-a-rouen-nutriset-alerte-sur-la-chute-de-laide-humanitaire-mondiale","status":"publish","type":"post","link":"https:\/\/www.europesays.com\/fr\/255766\/","title":{"rendered":"\u00ab\u00a0Un drame pour les enfants\u00a0\u00bb\u00a0: \u00e0 Rouen, Nutriset alerte sur la chute de l\u2019aide humanitaire mondiale"},"content":{"rendered":"<p class=\"paragraph text_align_left lp-f-body-02\">L\u2019urgence est l\u00e0 ! 45 millions d\u2019enfants souffrent de malnutrition aigu\u00eb s\u00e9v\u00e8re (MAS) dans le monde et 150 millions de retard de croissance dans les pays sous-d\u00e9velopp\u00e9s \u00e0 cause principalement des guerres et de la crise climatique. Depuis 1986,<a href=\"https:\/\/www.leparisien.fr\/seine-maritime-76\/en-seine-maritime-nutriset-specialisee-dans-la-malnutrition-dans-le-monde-embauche-tous-azimuts-10-01-2023-NVVI3TFLRNHUVECC55TO74WPDI.php\" target=\"_self\" rel=\"noopener\"> l\u2019entreprise Nutriset d\u00e9veloppe, fabrique et distribue des solutions nutritionnelles<\/a> dont la plus connue est le Plumpy\u2019Nut afin de pr\u00e9venir et traiter ce fl\u00e9au aupr\u00e8s des populations vuln\u00e9rables. Elle passe \u00e0 travers des ONG (World food programme, Unicef, M\u00e9decins sans fronti\u00e8res, Action contre la faim, le Comit\u00e9 international de la Croix-Rouge, etc.) principalement \u00e0 partir de son usine de Malaunay (pr\u00e8s de Rouen) qui emploie 250 personnes.<\/p>\n<p>Un imp\u00e9ratif moral<\/p>\n<p class=\"paragraph text_align_left lp-f-body-02\">Seulement, la soci\u00e9t\u00e9 a vu sa production chuter de 60 000 tonnes en 2023 \u00e0 32 000 tonnes cette ann\u00e9e. En cause, selon le site de M\u00e9decins du monde, \u00ab l\u2019administration Trump qui, en moins de trois mois, a suspendu plus de 80 % des financements de l\u2019Agence des \u00c9tats-Unis pour le d\u00e9veloppement international (USAID) &#8211; plus grand bailleur de fonds humanitaires au monde qui repr\u00e9sentait plus de 40 % de l\u2019aide mondiale en 2024 -, et les baisses drastiques de l\u2019aide publique au d\u00e9veloppement de nombreux pays europ\u00e9ens : 2 milliards d\u2019euros en moins en France, 900 millions en Allemagne, mais aussi au Royaume-Uni, en Su\u00e8de, en Suisse ou encore aux Pays-Bas. \u00bb<\/p>\n<p class=\"paragraph text_align_left lp-f-body-02\">Et Nutriset en ressent d\u00e9j\u00e0 les effets : \u00ab Les cons\u00e9quences sont catastrophiques, d\u00e9plore Adeline Lescanne-Gautier. Nous avons d\u00e9j\u00e0 d\u00fb licencier pr\u00e8s de 15 % de nos salari\u00e9s. Normalement, dans cette p\u00e9riode, nous avons envoy\u00e9 tous les produits. L\u00e0, il n\u2019y a pas de commandes. \u00bb<\/p>\n<p class=\"paragraph text_align_left lp-f-body-02\">\u00c0 l\u2019invitation des ONG Action sant\u00e9 mondiale, Alima et M\u00e9decins sans fronti\u00e8res, quatre d\u00e9put\u00e9es &#8211; Sabrina Sebaihi d\u2019Europe \u00c9cologie Les Verts, Sandrine Josso du Modem, Marie-Agn\u00e8s Poussier Winsback d\u2019Horizon et B\u00e9atrice Piron d\u2019Horizon &#8211; ont d\u00e9couvert, le 10 juillet dernier, les enjeux de l\u2019aide alimentaire dans le monde et le r\u00f4le de Nutriset \u00e0 travers une visite compl\u00e8te de ses unit\u00e9s de R&amp;D et de production, et surtout les impacts des choix politiques des pays donateurs. \u00ab D\u00e8s janvier, nous avons eu un arr\u00eat complet des commandes et m\u00eame certaines annul\u00e9es. Si les ONG n\u2019ont plus d\u2019argent, c\u2019est un drame pour les enfants et pour nos industries \u00bb, a d\u00e9clar\u00e9 Adeline Lescanne-Gautier, pr\u00e9sidente du groupe Nutriset.<\/p>\n<p class=\"paragraph text_align_left lp-f-body-02\">\u00ab Les parlementaires ont besoin d\u2019arguments contre les anti aides, a insist\u00e9 St\u00e9phane Doyon, responsable programme pour M\u00e9decins sans fronti\u00e8res. Comment peut-on laisser mourir des enfants alors que nous avons des solutions efficaces produites localement ? Au-del\u00e0 de l\u2019imp\u00e9ratif moral, il y a aussi un imp\u00e9ratif \u00e9conomique en France et l\u00e0-bas. Avec 1 dollar dans la malnutrition, c\u2019est 23 dollars en retour d\u2019investissement. C\u2019est strat\u00e9gique. C\u2019est aussi un moyen de lutter contre les migrations, contre les conflits et les d\u00e9stabilisations. En investissant dans la malnutrition on investit dans la s\u00e9curit\u00e9 et la stabilit\u00e9 mondiale. Alors, c\u2019est le moment d\u2019\u00eatre coh\u00e9rent. La France aurait un r\u00f4le \u00e0 jouer d\u2019autant plus que du c\u00f4t\u00e9 des \u00c9tats-Unis, qui ont montr\u00e9 la voie, c\u2019est fini ! Il faut que quelqu\u2019un reprenne le flambeau. C\u2019est un plaidoyer pour que la copie budg\u00e9taire 2026 soit moins raide que celle de 2025 (le pr\u00e9sident de la R\u00e9publique a promis 750 millions d\u2019euros sur 5 ans contre 800 millions auparavant, NDLR). \u00bb<\/p>\n<p>\u00ab Un danger pour le monde entier \u00bb<\/p>\n<p class=\"paragraph text_align_left lp-f-body-02\">Gautier Centlivre, coordinateur d\u2019Action sant\u00e9 mondiale, rench\u00e9rit : \u00ab Nous avons des solutions innovantes d\u00e9velopp\u00e9es par une soci\u00e9t\u00e9 fran\u00e7aise qui b\u00e9n\u00e9ficie \u00e0 des millions d\u2019enfants. Si on poursuit la baisse des financements, c\u2019est un danger pour le monde entier. Hier, 9 millions d\u2019enfants \u00e9taient pris en charge. Aujourd\u2019hui, ils ne seront plus de 6,5 millions. \u00bb<\/p>\n<p class=\"paragraph text_align_left lp-f-body-02\">De son c\u00f4t\u00e9, Marie-Agn\u00e8s Poussier Winsback, d\u00e9put\u00e9e de Seine-Maritime, a annonc\u00e9 : \u00ab Nous allons avoir des discussions \u00e2pres \u00e0 la rentr\u00e9e sur le budget. Il va falloir trouver 40\/45 milliards d\u2019euros. Il va falloir faire des choix et il sera important de bien en mesurer les cons\u00e9quences. On voit que cela va avoir des incidences sur nos entreprises. Nous devons \u00eatre porteurs de ce message. Nous allons pouvoir batailler collectivement. \u00bb Des propos repris par Sandrine Josso qui a d\u00e9clar\u00e9 que \u00ab les d\u00e9cisions qui seront prises engageront un \u00e9quilibre ou un d\u00e9s\u00e9quilibre dans le monde. Nous devons savoir en parler. \u00bb<\/p>\n","protected":false},"excerpt":{"rendered":"L\u2019urgence est l\u00e0 ! 45 millions d\u2019enfants souffrent de malnutrition aigu\u00eb s\u00e9v\u00e8re (MAS) dans le monde et 150&hellip;\n","protected":false},"author":2,"featured_media":255767,"comment_status":"","ping_status":"","sticky":false,"template":"","format":"standard","meta":{"footnotes":""},"categories":[9587],"tags":[1111,917,11,459,1777,674,1011,27,12,5161,25,9590,11074,104],"class_list":{"0":"post-255766","1":"post","2":"type-post","3":"status-publish","4":"format-standard","5":"has-post-thumbnail","7":"category-rouen","8":"tag-actu","9":"tag-actu-locale","10":"tag-actualites","11":"tag-departements-horsidfo","12":"tag-eu","13":"tag-europe","14":"tag-fr","15":"tag-france","16":"tag-news","17":"tag-normandie","18":"tag-republique-francaise","19":"tag-rouen","20":"tag-seine-maritime-76","21":"tag-societe"},"share_on_mastodon":{"url":"https:\/\/pubeurope.com\/@fr\/114872966550589259","error":""},"_links":{"self":[{"href":"https:\/\/www.europesays.com\/fr\/wp-json\/wp\/v2\/posts\/255766","targetHints":{"allow":["GET"]}}],"collection":[{"href":"https:\/\/www.europesays.com\/fr\/wp-json\/wp\/v2\/posts"}],"about":[{"href":"https:\/\/www.europesays.com\/fr\/wp-json\/wp\/v2\/types\/post"}],"author":[{"embeddable":true,"href":"https:\/\/www.europesays.com\/fr\/wp-json\/wp\/v2\/users\/2"}],"replies":[{"embeddable":true,"href":"https:\/\/www.europesays.com\/fr\/wp-json\/wp\/v2\/comments?post=255766"}],"version-history":[{"count":0,"href":"https:\/\/www.europesays.com\/fr\/wp-json\/wp\/v2\/posts\/255766\/revisions"}],"wp:featuredmedia":[{"embeddable":true,"href":"https:\/\/www.europesays.com\/fr\/wp-json\/wp\/v2\/media\/255767"}],"wp:attachment":[{"href":"https:\/\/www.europesays.com\/fr\/wp-json\/wp\/v2\/media?parent=255766"}],"wp:term":[{"taxonomy":"category","embeddable":true,"href":"https:\/\/www.europesays.com\/fr\/wp-json\/wp\/v2\/categories?post=255766"},{"taxonomy":"post_tag","embeddable":true,"href":"https:\/\/www.europesays.com\/fr\/wp-json\/wp\/v2\/tags?post=255766"}],"curies":[{"name":"wp","href":"https:\/\/api.w.org\/{rel}","templated":true}]}}