{"id":255768,"date":"2025-07-18T07:05:49","date_gmt":"2025-07-18T07:05:49","guid":{"rendered":"https:\/\/www.europesays.com\/fr\/255768\/"},"modified":"2025-07-18T07:05:49","modified_gmt":"2025-07-18T07:05:49","slug":"entreprises-les-rames-des-trams-de-grenoble-assemblees-dans-les-pyrenees-delaware-simplante-en-suisse-leur-actu-en-bref","status":"publish","type":"post","link":"https:\/\/www.europesays.com\/fr\/255768\/","title":{"rendered":"Entreprises. Les rames des trams de Grenoble assembl\u00e9es dans les Pyr\u00e9n\u00e9es, Delaware s&rsquo;implante en Suisse&#8230; Leur actu en bref"},"content":{"rendered":"<p>  &#13;<br \/>\n      <a href=\"https:\/\/cdn-s-www.ledauphine.com\/images\/210954df-7409-4921-81a8-51c876b2de66\/NW_raw\/photo-le-dl-jean-benoit-vigny-1751628927.jpg\" title=\"Photo Le DL\/Jean Benoit Vigny\" class=\"chocolat-image GA-tracking\" data-ga_type=\"click\" data-ga_category=\"D\u00e9tail\" data-ga_action=\"zoomer\" data-ga_label=\"agrandir image\" target=\"_blank\" rel=\"noopener\">&#13;<br \/>\n          <img loading=\"lazy\" decoding=\"async\" src=\"https:\/\/www.europesays.com\/fr\/wp-content\/uploads\/2025\/07\/photo-le-dl-jean-benoit-vigny-1751628927.jpg\" data-mobile=\"NW_listC_M|1751628927\" data-base=\"NW_listC|1751628927\" alt=\"Photo Le DL\/Jean Benoit Vigny\"\/>&#13;<br \/>\n      <\/a>&#13;<\/p>\n<p>Photo Le DL\/Jean Benoit Vigny<\/p>\n<p>&#13;<\/p>\n<p>  Is\u00e8re : les rames des trams de Grenoble seront\u00a0assembl\u00e9es dans les Pyr\u00e9n\u00e9es<\/p>\n<p>Alors que <a href=\"https:\/\/www.ledauphine.com\/transport\/2025\/07\/03\/isere-metropole-de-grenoble-200-millions-sur-la-table-pour-renouveler-les-tramways\" target=\"_blank\" rel=\"noopener\">plus de la moiti\u00e9 des rames des tramways grenoblois arrivent en limite d&rsquo;\u00e2ge<\/a>, un contrat\u00a0a \u00e9t\u00e9 signe par\u00a0le Syndicat Mixte des Mobilit\u00e9s de l\u2019Aire Grenobloise, portant sur la fourniture de 38 rames de tramway Urbos assorti d\u2019une option pouvant aller jusqu\u2019\u00e0 9 rames suppl\u00e9mentaires.<\/p>\n<p>Ce contrat a \u00e9t\u00e9 pass\u00e9 avec le\u00a0constructeur ferroviaire espagnol CAF (14\u00a0300 collaborateurs, dont 1 000 en France).<\/p>\n<p>Les rames seront assembl\u00e9es \u00e0 Bagn\u00e8res-de-Bigorre (Hautes-Pyr\u00e9n\u00e9es), centre d\u2019expertise tramways de CAF en France, qui a remport\u00e9 r\u00e9cemment les contrats pour les tramways de Marseille, Montpellier et Tours.<\/p>\n<p>  Rh\u00f4ne\u00a0:\u00a0Delaware ouvre une agence en Suisse<\/p>\n<p>L\u2019entreprise de services num\u00e9rique Delaware poursuit son expansion en ouvrant une nouvelle agence en Suisse. Une implantation strat\u00e9gique qui r\u00e9pond \u00e0 la croissance du nombre de clients suisses accompagn\u00e9s par le groupe et au\u00a0potentiel du march\u00e9.<\/p>\n<p>Thomas Verdier, nomm\u00e9 directeur des ventes et responsable du march\u00e9 suisse, aura pour mission de d\u00e9velopper des relations durables avec les clients locaux. Les secteurs cibl\u00e9s ? Les sciences de la vie, la pharmaceutique, l\u2019automobile, l\u2019industrie, la cosm\u00e9tique et l\u2019enseignement priv\u00e9.\u00a0<\/p>\n<p>L&rsquo;entreprise Delaware embauche quelque 450 collaborateurs en France.<\/p>\n<p>  &#13;<br \/>\n      <a href=\"https:\/\/cdn-s-www.ledauphine.com\/images\/fb8323b0-3812-4b32-a117-d8d5614e145d\/NW_raw\/le-studio-de-jeux-mobile-million-victories-developpeur-du-jeu-de-strategie-multijoueur-million-lords-a-annonce-la-finalisation-d-une-levee-de-fonds-de-pres-de-40-millions-de-dollars-photo-afp-juan-barreto-1420348188.jpg\" title=\"Le studio de jeux mobile Million Victories, d\u00e9veloppeur du jeu de strat\u00e9gie multijoueur Million Lords, a annonc\u00e9\u00a0 la finalisation d\u2019une lev\u00e9e de fonds de pr\u00e8s de 40 millions de dollars. Photo AFP\/Juan Barreto\" class=\"chocolat-image GA-tracking\" data-ga_type=\"click\" data-ga_category=\"D\u00e9tail\" data-ga_action=\"zoomer\" data-ga_label=\"agrandir image\" target=\"_blank\" rel=\"noopener\">&#13;<br \/>\n          <img loading=\"lazy\" decoding=\"async\" src=\"https:\/\/www.europesays.com\/fr\/wp-content\/uploads\/2025\/07\/le-studio-de-jeux-mobile-million-victories-developpeur-du-jeu-de-strategie-multijoueur-million-lords.jpeg\" data-mobile=\"NW_listC_M|1420348188\" data-base=\"NW_listC|1420348188\" alt=\"Le studio de jeux mobile Million Victories, d\u00e9veloppeur du jeu de strat\u00e9gie multijoueur Million Lords, a annonc\u00e9\u00a0 la finalisation d\u2019une lev\u00e9e de fonds de pr\u00e8s de 40 millions de dollars. Photo AFP\/Juan Barreto\"\/>&#13;<br \/>\n      <\/a>&#13;<\/p>\n<p>Le studio de jeux mobile Million Victories, d\u00e9veloppeur du jeu de strat\u00e9gie multijoueur Million Lords, a annonc\u00e9\u00a0 la finalisation d\u2019une lev\u00e9e de fonds de pr\u00e8s de 40 millions de dollars. Photo AFP\/Juan Barreto<\/p>\n<p>&#13;<\/p>\n<p>  Rh\u00f4ne\u00a0:\u00a0le studio lyonnais de jeux vid\u00e9o Million Victories l\u00e8ve 40 millions de dollars<\/p>\n<p>Le studio de jeux mobile Million Victories, d\u00e9veloppeur du jeu de strat\u00e9gie multijoueur Million Lords, a annonc\u00e9\u00a0 la finalisation d\u2019une lev\u00e9e de fonds de pr\u00e8s de 40 millions de dollars, comprenant des investissements primaires et secondaires r\u00e9alis\u00e9s par le fonds d\u2019investissement am\u00e9ricain Haveli Investments.<\/p>\n<p>Fond\u00e9 en 2017, Million Victories\u00a0a doubl\u00e9 son chiffre d\u2019affaires chaque ann\u00e9e et pr\u00e9voit d\u2019utiliser ce financement pour renforcer ses op\u00e9rations et acc\u00e9l\u00e9rer son d\u00e9veloppement \u00e0 l\u2019\u00e9chelle mondiale.<\/p>\n<p>L&rsquo;objectif de cette lev\u00e9e de fonds\u00a0: mettre l\u2019accent sur le recrutement de talents strat\u00e9giques et l\u2019augmentation des investissements en production, en marketing et acquisition de joueurs sur ses march\u00e9s cl\u00e9s : les \u00c9tats-Unis, la France, l\u2019Allemagne et le Royaume-Uni. Le studio souhaite \u00e9galement se d\u00e9velopper sur les march\u00e9s asiatiques \u00e0 fort potentiel, particuli\u00e8rement en Cor\u00e9e du Sud et au Japon.<\/p>\n<p>Dans cette logique de croissance, Million Victories pr\u00e9voit de doubler ses effectifs d\u2019ici 2027.<\/p>\n<p>  Rh\u00f4ne\u00a0:\u00a0Dream On Technology l\u00e8ve 1,3\u00a0M\u20ac pour r\u00e9volutionner la gestion de crise avec l&rsquo;IA<\/p>\n<p>Dream On Technology, startup lyonnaise sp\u00e9cialis\u00e9e dans l&rsquo;\u00e9dition de solutions de cybers\u00e9curit\u00e9, a annonc\u00e9 la r\u00e9alisation de sa premi\u00e8re lev\u00e9e de fonds de 1,3 million d&rsquo;euros.<\/p>\n<p>Une\u00a0op\u00e9ration, men\u00e9e aupr\u00e8s de fonds priv\u00e9s et institutionnels de premier plan, qui doit permettre \u00e0 l&rsquo;entreprise d&rsquo;acc\u00e9l\u00e9rer le d\u00e9ploiement de PanicSafe : la premi\u00e8re application SaaS de gestion de crise en entreprise\u00a0boost\u00e9e \u00e0 l&rsquo;intelligence artificielle.<\/p>\n<p>Celle-ci doit\u00a0permetre aux organisations de d\u00e9tecter, analyser et r\u00e9agir plus efficacement aux incidents de s\u00e9curit\u00e9, en automatisant les processus de r\u00e9ponse et en fournissant des recommandations intelligentes en temps r\u00e9el.<\/p>\n<p>  &#13;<br \/>\n      <a href=\"https:\/\/cdn-s-www.ledauphine.com\/images\/cafac0f9-a948-4b84-be64-d950c9e440d7\/NW_raw\/chaque-produit-de-ratio-est-confectionne-a-partir-de-materiaux-neufs-recuperes-chez-des-grands-industriels-regionaux-du-textile-photo-le-dl-c-a-1697651336.jpg\" title=\"Chaque produit de Ratio est confectionn\u00e9 \u00e0 partir de mat\u00e9riaux neufs r\u00e9cup\u00e9r\u00e9s chez des grands industriels r\u00e9gionaux du textile.\u00a0 Photo Le DL \/C.A.\" class=\"chocolat-image GA-tracking\" data-ga_type=\"click\" data-ga_category=\"D\u00e9tail\" data-ga_action=\"zoomer\" data-ga_label=\"agrandir image\" target=\"_blank\" rel=\"noopener\">&#13;<br \/>\n          <img loading=\"lazy\" decoding=\"async\" src=\"https:\/\/www.europesays.com\/fr\/wp-content\/uploads\/2025\/07\/chaque-produit-de-ratio-est-confectionne-a-partir-de-materiaux-neufs-recuperes-chez-des-grands-indus.jpeg\" data-mobile=\"NW_listC_M|1697651336\" data-base=\"NW_listC|1697651336\" alt=\"Chaque produit de Ratio est confectionn\u00e9 \u00e0 partir de mat\u00e9riaux neufs r\u00e9cup\u00e9r\u00e9s chez des grands industriels r\u00e9gionaux du textile.\u00a0 Photo Le DL \/C.A.\"\/>&#13;<br \/>\n      <\/a>&#13;<\/p>\n<p>Chaque produit de Ratio est confectionn\u00e9 \u00e0 partir de mat\u00e9riaux neufs r\u00e9cup\u00e9r\u00e9s chez des grands industriels r\u00e9gionaux du textile.\u00a0 Photo Le DL \/C.A.<\/p>\n<p>&#13;<\/p>\n<p>  Is\u00e8re :\u00a0Ratio finaliste de l&rsquo;appel \u00e0 projet \u00ab\u00a0Impact+\u00a0\u00bb<\/p>\n<p>Ratio, entreprise is\u00e9roise\u00a0<a href=\"https:\/\/www.ledauphine.com\/economie\/2023\/10\/19\/eco-confection-produits-garantis-a-vie-la-mode-durable-selon-ratio\" target=\"_blank\" rel=\"noopener\">qui fabrique\u00a0ses sacs \u00e0 dos et accessoires sans\u00a0produire de mati\u00e8re<\/a>, vient d&rsquo;acc\u00e9der \u00e0 la finale de l&rsquo;appel \u00e0 projet \u00ab\u00a0Impact+\u00a0\u00bb, propos\u00e9 par Initiative France et la Banque de France aux entreprises labellis\u00e9es \u00ab\u00a0Initiative Remarquable\u00a0\u00bb.<\/p>\n<p>Cet appel \u00e0 projet vise \u00e0 amplifier l\u2019impact \u00e9conomique, territorial, soci\u00e9tal et environnemental des projets retenus. \u00ab\u00a0Chez Ratio, nous pla\u00e7ons le d\u00e9veloppement durable et le soutien de solidarit\u00e9s territoriales au c\u0153ur de notre action\u00a0\u00bb, partage la start-up sur son compte LinkedIn.<\/p>\n<p>L&rsquo;annonce des laur\u00e9ats aura lieu le lundi 8 septembre au si\u00e8ge de la Banque de France, \u00e0 Paris.<\/p>\n<p>Cet appel \u00e0 projet vise \u00e0 amplifier l\u2019impact \u00e9conomique, territorial, soci\u00e9tal et environnemental des projets retenus.<\/p>\n<p>  R\u00e9gion\u00a0: Crit lance une grande campagne de recrutement saisonni\u00e8re<\/p>\n<p>En cette pleine saison d&rsquo;activit\u00e9 estivale, l&rsquo;agence d&rsquo;int\u00e9rim Crit a lanc\u00e9 une\u00a0campagne de recrutement de grande ampleur en Auvergne-Rh\u00f4ne-Alpes. \u00a0<\/p>\n<p>Plus de 400 postes saisonniers sont \u00e0 pourvoir dans les principales zones \u00e9conomiques de la r\u00e9gion : Lyon, Grenoble, Annecy, Chamb\u00e9ry et Clermont-Ferrand.<\/p>\n<p>Deux besoins majeurs motivent ces embauches : faire face \u00e0 l&rsquo;afflux touristique dans les zones de montagne et les villes attractives et remplacer les salari\u00e9s en cong\u00e9s.<\/p>\n<p>Les postes concernent des secteurs vari\u00e9s : logistique, BTP, industries\u00a0agroalimentaire, commerce et plasturgie. Parmi les profils recherch\u00e9s : pr\u00e9parateurs de commandes, op\u00e9rateurs de production, man\u0153uvres BTP et caristes.<\/p>\n","protected":false},"excerpt":{"rendered":"&#13; &#13; &#13; &#13; Photo Le DL\/Jean Benoit Vigny &#13; Is\u00e8re : les rames des trams de Grenoble&hellip;\n","protected":false},"author":2,"featured_media":255769,"comment_status":"","ping_status":"","sticky":false,"template":"","format":"standard","meta":{"footnotes":""},"categories":[9566],"tags":[1111,11,2738,4646,2430,9810,2730,33,1777,674,1011,27,2731,4638,693,5015,108,3367,12,25,2429,5508,216],"class_list":{"0":"post-255768","1":"post","2":"type-post","3":"status-publish","4":"format-standard","5":"has-post-thumbnail","7":"category-grenoble","8":"tag-actu","9":"tag-actualites","10":"tag-ain","11":"tag-ardeche","12":"tag-auvergne-rhone-alpes","13":"tag-direct-entreprises","14":"tag-drome","15":"tag-economie","16":"tag-eu","17":"tag-europe","18":"tag-fr","19":"tag-france","20":"tag-grenoble","21":"tag-haute-savoie","22":"tag-industrie","23":"tag-innovation-et-start-up","24":"tag-isere","25":"tag-loire","26":"tag-news","27":"tag-republique-francaise","28":"tag-rhone","29":"tag-savoie","30":"tag-vie-des-entreprises"},"share_on_mastodon":{"url":"https:\/\/pubeurope.com\/@fr\/114872974388629774","error":""},"_links":{"self":[{"href":"https:\/\/www.europesays.com\/fr\/wp-json\/wp\/v2\/posts\/255768","targetHints":{"allow":["GET"]}}],"collection":[{"href":"https:\/\/www.europesays.com\/fr\/wp-json\/wp\/v2\/posts"}],"about":[{"href":"https:\/\/www.europesays.com\/fr\/wp-json\/wp\/v2\/types\/post"}],"author":[{"embeddable":true,"href":"https:\/\/www.europesays.com\/fr\/wp-json\/wp\/v2\/users\/2"}],"replies":[{"embeddable":true,"href":"https:\/\/www.europesays.com\/fr\/wp-json\/wp\/v2\/comments?post=255768"}],"version-history":[{"count":0,"href":"https:\/\/www.europesays.com\/fr\/wp-json\/wp\/v2\/posts\/255768\/revisions"}],"wp:featuredmedia":[{"embeddable":true,"href":"https:\/\/www.europesays.com\/fr\/wp-json\/wp\/v2\/media\/255769"}],"wp:attachment":[{"href":"https:\/\/www.europesays.com\/fr\/wp-json\/wp\/v2\/media?parent=255768"}],"wp:term":[{"taxonomy":"category","embeddable":true,"href":"https:\/\/www.europesays.com\/fr\/wp-json\/wp\/v2\/categories?post=255768"},{"taxonomy":"post_tag","embeddable":true,"href":"https:\/\/www.europesays.com\/fr\/wp-json\/wp\/v2\/tags?post=255768"}],"curies":[{"name":"wp","href":"https:\/\/api.w.org\/{rel}","templated":true}]}}