{"id":255772,"date":"2025-07-18T07:07:12","date_gmt":"2025-07-18T07:07:12","guid":{"rendered":"https:\/\/www.europesays.com\/fr\/255772\/"},"modified":"2025-07-18T07:07:12","modified_gmt":"2025-07-18T07:07:12","slug":"pluie-inondation-le-departement-de-lille-et-vilaine-place-en-vigilance-orange-a-partir-de-ce-vendredi-soir","status":"publish","type":"post","link":"https:\/\/www.europesays.com\/fr\/255772\/","title":{"rendered":"Pluie-inondation\u00a0: le d\u00e9partement de l\u2019Ille-et-Vilaine plac\u00e9 en vigilance orange \u00e0 partir de ce vendredi soir"},"content":{"rendered":"<p>Un \u00e9pisode pluvio-orageux va toucher l\u2019est de la Bretagne, ce vendredi 18 juillet 2025 dans la soir\u00e9e. \u00ab De forts cumuls de pluie \u00bb sont pr\u00e9vus jusqu\u2019\u00e0 samedi matin, informe M\u00e9t\u00e9o France.<\/p>\n<p>En cons\u00e9quence, <a href=\"https:\/\/www.letelegramme.fr\/ille-et-vilaine\/\" target=\"_blank\" rel=\"noopener\">l\u2019Ille-et-Vilaine<\/a>, ainsi que le Calvados et la Manche, sont plac\u00e9s en vigilance orange \u00e0 compter de 22 h et jusqu\u2019\u00e0 6 h samedi.<\/p>\n<p>\u00ab Intensit\u00e9s pluvieuses \u00bb et rafales jusqu\u2019\u00e0 80 km\/h<\/p>\n<p>\u00ab Une d\u00e9pression autour des Pays de la Loire engendre le d\u00e9veloppement de cellules orageuses peu mobiles d\u00e8s cet apr\u00e8s-midi, formant un amas pluvio-orageux en soir\u00e9e et la nuit prochaine de l\u2019Ille-et-Vilaine au Calvados \u00bb, d\u00e9taille M\u00e9t\u00e9o France.<\/p>\n<p>Les averses orageuses s\u2019accompagneront \u00ab de rafales proches de 50 \u00e0 70 km\/h, voire 80 km\/h \u00bb, et \u00ab de chutes de gr\u00eale petite \u00e0 moyenne \u00bb.<\/p>\n<p>\u00ab L\u2019\u00e9l\u00e9ment le plus marquant concernera les intensit\u00e9s pluvieuses. Celles-ci pourront atteindre parfois 20 \u00e0 30 mm en une heure, pr\u00e9cise le service m\u00e9t\u00e9orologique. Des ph\u00e9nom\u00e8nes de ruissellement sont possibles par endroits. \u00bb<\/p>\n","protected":false},"excerpt":{"rendered":"Un \u00e9pisode pluvio-orageux va toucher l\u2019est de la Bretagne, ce vendredi 18 juillet 2025 dans la soir\u00e9e. \u00ab&hellip;\n","protected":false},"author":2,"featured_media":255773,"comment_status":"","ping_status":"","sticky":false,"template":"","format":"standard","meta":{"footnotes":""},"categories":[2821],"tags":[1111,11,829,765,1777,674,1011,27,848,4458,21570,12,584,25],"class_list":{"0":"post-255772","1":"post","2":"type-post","3":"status-publish","4":"format-standard","5":"has-post-thumbnail","7":"category-rennes","8":"tag-actu","9":"tag-actualites","10":"tag-bretagne","11":"tag-en-continu","12":"tag-eu","13":"tag-europe","14":"tag-fr","15":"tag-france","16":"tag-ille-et-vilaine","17":"tag-inondation","18":"tag-meteo-en-bretagne","19":"tag-news","20":"tag-rennes","21":"tag-republique-francaise"},"share_on_mastodon":{"url":"https:\/\/pubeurope.com\/@fr\/114872978297851048","error":""},"_links":{"self":[{"href":"https:\/\/www.europesays.com\/fr\/wp-json\/wp\/v2\/posts\/255772","targetHints":{"allow":["GET"]}}],"collection":[{"href":"https:\/\/www.europesays.com\/fr\/wp-json\/wp\/v2\/posts"}],"about":[{"href":"https:\/\/www.europesays.com\/fr\/wp-json\/wp\/v2\/types\/post"}],"author":[{"embeddable":true,"href":"https:\/\/www.europesays.com\/fr\/wp-json\/wp\/v2\/users\/2"}],"replies":[{"embeddable":true,"href":"https:\/\/www.europesays.com\/fr\/wp-json\/wp\/v2\/comments?post=255772"}],"version-history":[{"count":0,"href":"https:\/\/www.europesays.com\/fr\/wp-json\/wp\/v2\/posts\/255772\/revisions"}],"wp:featuredmedia":[{"embeddable":true,"href":"https:\/\/www.europesays.com\/fr\/wp-json\/wp\/v2\/media\/255773"}],"wp:attachment":[{"href":"https:\/\/www.europesays.com\/fr\/wp-json\/wp\/v2\/media?parent=255772"}],"wp:term":[{"taxonomy":"category","embeddable":true,"href":"https:\/\/www.europesays.com\/fr\/wp-json\/wp\/v2\/categories?post=255772"},{"taxonomy":"post_tag","embeddable":true,"href":"https:\/\/www.europesays.com\/fr\/wp-json\/wp\/v2\/tags?post=255772"}],"curies":[{"name":"wp","href":"https:\/\/api.w.org\/{rel}","templated":true}]}}