{"id":255786,"date":"2025-07-18T07:15:11","date_gmt":"2025-07-18T07:15:11","guid":{"rendered":"https:\/\/www.europesays.com\/fr\/255786\/"},"modified":"2025-07-18T07:15:11","modified_gmt":"2025-07-18T07:15:11","slug":"un-eleveur-de-moutons-se-fait-voler-un-cinquieme-de-son-troupeau-au-nord-de-nantes","status":"publish","type":"post","link":"https:\/\/www.europesays.com\/fr\/255786\/","title":{"rendered":"un \u00e9leveur de moutons se fait voler un cinqui\u00e8me de son troupeau, au nord de Nantes"},"content":{"rendered":"<p>Un fermier de La Grigonnais, pr\u00e8s de Nozay en Loire-Atlantique, s\u2019est fait voler 23 b\u00eates dans la nuit du 13 au 14 juillet 2025. Solidaire, le reste de la fili\u00e8re ovine exprime son ras-le-bol face \u00e0 l\u2019impunit\u00e9 des mis en cause.<\/p>\n<p class=\"fig-paragraph\">Cette fois, il ne s\u2019agissait pas seulement d\u2019une ou de deux b\u00eates. \u00c0 une trentaine de kilom\u00e8tres au nord\u00a0<a href=\"https:\/\/www.lefigaro.fr\/nantes\" target=\"_blank\" data-fig-type=\"Section\" rel=\"noopener nofollow\" data-gtm-custom-categorie=\"navigation\" data-gtm-custom-action=\"crossclick\" data-gtm-custom-label=\"Contextuel\" data-gtm-event=\"customEventSPE\" data-fig-domain=\"LEFIGARO\">de Nantes<\/a>\u00a0(Loire-Atlantique),\u00a0<a href=\"http:\/\/www.lefigaro.fr\/actualite-france\/les-eleveurs-de-brebis-bientot-mieux-proteges-des-attaques-de-loups-20240428\" target=\"_blank\" data-fig-type=\"Article\" rel=\"noopener nofollow\" data-gtm-custom-categorie=\"navigation\" data-gtm-custom-action=\"crossclick\" data-gtm-custom-label=\"Contextuel\" data-gtm-event=\"customEventSPE\" data-fig-domain=\"LEFIGARO\">un \u00e9levage ovin<\/a>\u00a0de La Grigonnais a \u00e9t\u00e9 forc\u00e9 dans la nuit du dimanche 13 au lundi 14 juillet. Un ou plusieurs individus se sont infiltr\u00e9s sur le terrain de l\u2019exploitation et en sont repartis avec 23 animaux\u00a0: 22 brebis et un b\u00e9lier de s\u00e9lection. Soit un cinqui\u00e8me du troupeau de l\u2019\u00e9leveur vol\u00e9, sp\u00e9cialis\u00e9 dans le mouton de race vend\u00e9enne.<\/p>\n<p class=\"fig-paragraph\">\u00ab\u00c7a a \u00e9t\u00e9 un choc. Je ne trouve plus le sommeil depuis qu\u2019on m\u2019a vol\u00e9 mes b\u00eates ; je me l\u00e8ve pour un rien, d\u00e8s que j\u2019ai l\u2019impression qu\u2019il se passe quelque chose sur mon terrain\u00bb, t\u00e9moigne Ga\u00ebtan Lefeuvre, propri\u00e9taire de l\u2019exploitation vis\u00e9e. D\u00e9j\u00e0 victime d\u2019un vol en 2017, l\u2019\u00e9leveur navigue d\u00e9sormais \u00abentre stress et col\u00e8re\u00bb, rong\u00e9 par le malaise. \u00abOn culpabilise, on se dit qu\u2019on n\u2019est pas parvenu \u00e0 prot\u00e9ger ses brebis, alors qu\u2019on n\u2019y est pour rien\u00bb, glisse-t-il.<\/p>\n<p>                                    <a class=\"fig-a11y-skip a11y-hidden\" href=\"#fig-a11y-skip-main-inarticle\"><br \/>\n        Passer la publicit\u00e9<br \/>\n    <\/a><\/p>\n<p>\u00abC\u2019est dramatique\u00bb<\/p>\n<p class=\"fig-paragraph\">Plusieurs tentatives d\u2019intrusions avaient \u00e9t\u00e9 d\u00e9tect\u00e9es plus t\u00f4t dans l\u2019ann\u00e9e. En avril, Ga\u00ebtan Lefeuvre \u00e9tait parvenu \u00e0 identifier \u00e0 temps une voiture suspecte pr\u00e8s de sa propri\u00e9t\u00e9. Des barri\u00e8res avaient \u00e9t\u00e9 ouvertes lors de ces coups d\u2019essai. Selon ses comptes, les 23 moutons d\u00e9rob\u00e9s le week-end dernier \u00e9taient estim\u00e9s \u00e0 11.500 euros. \u00c0 cette perte directe s\u2019ajoute le pr\u00e9judice li\u00e9 au vol des brebis, qui devaient mettre bas des agneaux pour P\u00e2ques. Une enqu\u00eate a \u00e9t\u00e9 ouverte \u00e0 la gendarmerie de Nozay. Le fermier indique porter plainte d\u2019ici la fin de la semaine.<\/p>\n<blockquote class=\"fig-quote&#10;    \">\n<p class=\"fig-quote__text\">On vient nous enlever en une nuit des moutons qu\u2019on \u00e9l\u00e8ve sur des g\u00e9n\u00e9rations<\/p>\n<p>            S\u00e9bastien H\u00e9as, pr\u00e9sident du collectif des \u00e9leveurs pill\u00e9s de Loire-Atlantique\n    <\/p><\/blockquote>\n<p class=\"fig-paragraph\">Engag\u00e9 aux c\u00f4t\u00e9s des professionnels victimes de vols, par l\u2019interm\u00e9diaire du collectif des \u00e9leveurs pill\u00e9s de Loire-Atlantique, S\u00e9bastien H\u00e9as s\u2019insurge contre la disparition des moutons de son confr\u00e8re. \u00abC\u2019est dramatique. On vient nous enlever en une nuit des moutons qu\u2019on \u00e9l\u00e8ve sur des g\u00e9n\u00e9rations\u00bb, r\u00e9agit-il. Longtemps anecdotiques dans le d\u00e9partement, les vols de cheptel ont mont\u00e9 en fl\u00e8che entre 2020 et 2022, atteignant quelque 800 b\u00eates disparues par an. La situation s\u2019est, depuis, partiellement apais\u00e9e,\u00a0<a href=\"http:\/\/www.lefigaro.fr\/nantes\/en-loire-atlantique-les-annees-passent-les-voleurs-de-moutons-restent-20241216\" target=\"_blank\" data-fig-type=\"NewsFlash\" rel=\"noopener nofollow\" data-gtm-custom-categorie=\"navigation\" data-gtm-custom-action=\"crossclick\" data-gtm-custom-label=\"Contextuel\" data-gtm-event=\"customEventSPE\" data-fig-domain=\"LEFIGARO\">tout en restant \u00e0 un niveau inacceptable pour les professionnels<\/a>. Depuis janvier, le collectif des \u00e9leveurs pill\u00e9s a ainsi recens\u00e9 quelque 200 animaux vol\u00e9s sur le d\u00e9partement.<\/p>\n<p class=\"fig-paragraph\">\u00abC\u2019est malheureusement encore beaucoup trop. On continue de nous piller all\u00e9grement et en toute impunit\u00e9. Cela dure depuis des ann\u00e9es. Notre production d\u00e9partementale s\u2019en trouve aujourd\u2019hui sinistr\u00e9e\u00bb, observe S\u00e9bastien H\u00e9las, qui esp\u00e8re que la fili\u00e8re pourra un jour compter sur les progr\u00e8s des\u00a0<a href=\"http:\/\/www.lefigaro.fr\/actualite-france\/apres-l-experimentation-durant-les-jo-la-videosurveillance-algorithmique-va-se-generaliser-20241002\" target=\"_blank\" data-fig-type=\"NewsFlash\" rel=\"noopener nofollow\" data-gtm-custom-categorie=\"navigation\" data-gtm-custom-action=\"crossclick\" data-gtm-custom-label=\"Contextuel\" data-gtm-event=\"customEventSPE\" data-fig-domain=\"LEFIGARO\">cam\u00e9ras intelligentes<\/a>\u00a0ou sur les drones pour garder un \u0153il plus efficace sur les cheptels. Une surveillance des \u00e9levages les plus menac\u00e9s, ceux qui ont d\u00e9j\u00e0 \u00e9t\u00e9 visit\u00e9s par le pass\u00e9, a \u00e9t\u00e9 mise en place \u00e0 l\u2019initiative de la pr\u00e9fecture. Le dispositif, qui se manifeste par des patrouilles accrues de la gendarmerie nationale lors de p\u00e9riodes \u00e0 risques, telle celle de P\u00e2ques, \u00e0 vocation \u00e0 produire un effet dissuasif.<\/p>\n","protected":false},"excerpt":{"rendered":"Un fermier de La Grigonnais, pr\u00e8s de Nozay en Loire-Atlantique, s\u2019est fait voler 23 b\u00eates dans la nuit&hellip;\n","protected":false},"author":2,"featured_media":255787,"comment_status":"","ping_status":"","sticky":false,"template":"","format":"standard","meta":{"footnotes":""},"categories":[2818],"tags":[1111,11,19398,1777,674,1011,27,766,12,2636,25,1175],"class_list":{"0":"post-255786","1":"post","2":"type-post","3":"status-publish","4":"format-standard","5":"has-post-thumbnail","7":"category-nantes","8":"tag-actu","9":"tag-actualites","10":"tag-elevage","11":"tag-eu","12":"tag-europe","13":"tag-fr","14":"tag-france","15":"tag-nantes","16":"tag-news","17":"tag-pays-de-la-loire","18":"tag-republique-francaise","19":"tag-vol"},"share_on_mastodon":{"url":"https:\/\/pubeurope.com\/@fr\/114873009702559300","error":""},"_links":{"self":[{"href":"https:\/\/www.europesays.com\/fr\/wp-json\/wp\/v2\/posts\/255786","targetHints":{"allow":["GET"]}}],"collection":[{"href":"https:\/\/www.europesays.com\/fr\/wp-json\/wp\/v2\/posts"}],"about":[{"href":"https:\/\/www.europesays.com\/fr\/wp-json\/wp\/v2\/types\/post"}],"author":[{"embeddable":true,"href":"https:\/\/www.europesays.com\/fr\/wp-json\/wp\/v2\/users\/2"}],"replies":[{"embeddable":true,"href":"https:\/\/www.europesays.com\/fr\/wp-json\/wp\/v2\/comments?post=255786"}],"version-history":[{"count":0,"href":"https:\/\/www.europesays.com\/fr\/wp-json\/wp\/v2\/posts\/255786\/revisions"}],"wp:featuredmedia":[{"embeddable":true,"href":"https:\/\/www.europesays.com\/fr\/wp-json\/wp\/v2\/media\/255787"}],"wp:attachment":[{"href":"https:\/\/www.europesays.com\/fr\/wp-json\/wp\/v2\/media?parent=255786"}],"wp:term":[{"taxonomy":"category","embeddable":true,"href":"https:\/\/www.europesays.com\/fr\/wp-json\/wp\/v2\/categories?post=255786"},{"taxonomy":"post_tag","embeddable":true,"href":"https:\/\/www.europesays.com\/fr\/wp-json\/wp\/v2\/tags?post=255786"}],"curies":[{"name":"wp","href":"https:\/\/api.w.org\/{rel}","templated":true}]}}