{"id":255792,"date":"2025-07-18T07:18:16","date_gmt":"2025-07-18T07:18:16","guid":{"rendered":"https:\/\/www.europesays.com\/fr\/255792\/"},"modified":"2025-07-18T07:18:16","modified_gmt":"2025-07-18T07:18:16","slug":"albi-auch-rodez-comment-cette-cooperation-avec-le-chu-change-la-donne-dans-vos-hopitaux","status":"publish","type":"post","link":"https:\/\/www.europesays.com\/fr\/255792\/","title":{"rendered":"Albi, Auch, Rodez\u2026 Comment cette coop\u00e9ration avec le CHU change la donne dans vos h\u00f4pitaux"},"content":{"rendered":"<p><strong>Cr\u00e9\u00e9e il y a deux ans, l\u2019association H2O (H\u00f4pitaux d\u2019Occitanie Ouest) r\u00e9unit le CHU de Toulouse et les 50 h\u00f4pitaux de l\u2019ex-r\u00e9gion Midi-Pyr\u00e9n\u00e9es autour de l\u2019am\u00e9lioration de l\u2019acc\u00e8s aux soins. Une collaboration in\u00e9dite \u00e0 cette \u00e9chelle qui fait d\u00e9j\u00e0 ses preuves. <\/strong><\/p>\n<p><img fetchpriority=\"high\" decoding=\"async\" width=\"1200\" height=\"797\" src=\"https:\/\/www.europesays.com\/fr\/wp-content\/uploads\/2025\/07\/chu.jpg\" alt=\"chu\"  \/><\/p>\n<p>Le CHU de Toulouse coop\u00e8re avec les 50 h\u00f4pitaux de l\u2019Occitanie Ouest \u00a9 spech \/ Depositphotos.com<\/p>\n<p>\u00ab Nous voyons d\u00e9j\u00e0 de premiers r\u00e9sultats dans beaucoup de disciplines et de d\u00e9partements. Ce que nous avons sem\u00e9 depuis deux ans\u00a0commence \u00e0 sortir de terre et il faut continuer en ce sens. Paris ne s\u2019est pas fait en trois\u00a0jours, mais manifestement, nous sentons d\u00e9j\u00e0 les pr\u00e9mices d\u2019une\u00a0synergie entre le CHU et les h\u00f4pitaux de l\u2019ancienne r\u00e9gion Midi-Pyr\u00e9n\u00e9es \u00bb, affirme le professeur Didier Carri\u00e9 en \u00e9voquant l\u2019association H2O (H\u00f4pitaux d\u2019Occitanie Ouest), dont il est le pr\u00e9sident. Cette derni\u00e8re <strong>r\u00e9unit le CHU de Toulouse et les 50 h\u00f4pitaux de l\u2019ex-r\u00e9gion autour d\u2019un objectif : l\u2019acc\u00e8s aux soins pour tous<\/strong>. \u00ab C\u2019est un sujet majeur \u00bb, souligne Jean-Fran\u00e7ois Lefebvre, directeur g\u00e9n\u00e9ral du CHU. Surtout \u00e0 l\u2019heure o\u00f9 les h\u00f4pitaux, <a href=\"https:\/\/www.lejournaltoulousain.fr\/occitanie\/actualites-occitanie\/deserts-medicaux-28-zones-occitanie-326893\/\" target=\"_blank\" rel=\"noopener\">comme la ville<\/a>, font face \u00e0 un manque criant de m\u00e9decins. Jean-Fran\u00e7ois Lefebvre voit ainsi surgir \u00ab de grandes difficult\u00e9s dans certains\u00a0centres hospitaliers \u00bb.<\/p>\n<p>\u00ab L\u2019accessibilit\u00e9 aux soins devient de plus en plus compliqu\u00e9e\u00a0dans tous les territoires. C\u2019est li\u00e9 \u00e0 la d\u00e9mographie m\u00e9dicale qui diminue,\u00a0mais aussi aux aspirations de la nouvelle g\u00e9n\u00e9ration qui changent \u00bb, rapporte le docteur J\u00e9r\u00f4me Roustan, pr\u00e9sident de la\u00a0Commission m\u00e9dicale\u00a0d\u2019\u00e9tablissement (CME) du centre hospitalier de Montauban, l\u2019un des \u00e9tablissements fondateurs. H2O permet ainsi d\u2019activer plusieurs leviers pour renforcer la\u00a0qualit\u00e9\u00a0des soins\u00a0et la gestion des ressources m\u00e9dicales. \u00ab Le CHU\u00a0s\u2019associe aux centres hospitaliers pour conforter et\u00a0d\u00e9velopper leur organisation en termes de soins,\u00a0en privil\u00e9giant des \u00e9quipes m\u00e9dicales partag\u00e9es \u00bb, d\u00e9clare Jean-Fran\u00e7ois Lefebvre. Et ce, de mani\u00e8re \u00ab \u00e0 ce que\u00a0<strong>tout patient puisse \u00eatre pris en charge dans un centre hospitalier \u00e0 c\u00f4t\u00e9 de\u00a0son domicile<\/strong> ou, \u00e0 d\u00e9faut, qu\u2019il soit\u00a0bien orient\u00e9 dans un plus gros h\u00f4pital \u00e0 proximit\u00e9 ou vers <a href=\"https:\/\/www.chu-toulouse.fr\/\" target=\"_blank\" rel=\"noreferrer noopener\">le CHU de Toulouse<\/a> \u00bb, indique son directeur g\u00e9n\u00e9ral.<\/p>\n<p>300 m\u00e9decins mobilis\u00e9s entre le CHU et les autres h\u00f4pitaux <\/p>\n<p>Ainsi, <strong>300 m\u00e9decins partagent leur temps aujourd\u2019hui\u00a0entre le CHU et les centres hospitaliers<\/strong>. \u00ab Cela concerne les urgences, la radiologie, la neurologie, la cardiologie ou la\u00a0n\u00e9phrologie \u00bb, pr\u00e9cise Jean-Fran\u00e7ois Lefebvre. Autant de \u00ab fili\u00e8res fragilis\u00e9es \u00bb dans les h\u00f4pitaux de l\u2019ex-r\u00e9gion Midi-Pyr\u00e9n\u00e9es, rel\u00e8ve le docteur J\u00e9r\u00f4me Roustan. \u00ab Nous sommes de petits \u00e9tablissements et n\u2019avons pas forc\u00e9ment le volume\u00a0d\u2019activit\u00e9s n\u00e9cessaire pour des temps complets.\u00a0Et puis, ces temps partag\u00e9s permettent de rassurer les jeunes praticiens qui ne se sentent pas l\u00e2ch\u00e9s en plein d\u00e9sert\u00a0en gardant un lien avec leur CHU de formation \u00bb, consid\u00e8re Sonia Neurrisse, directrice g\u00e9n\u00e9rale du centre hospitalier de Cahors. Ce qui participe \u00e0 l\u2019attractivit\u00e9 des h\u00f4pitaux. \u00ab Quand\u00a0ils sont pass\u00e9s dans ce territoire ils arrivent plus facilement \u00e0 se projeter sur l\u2019avenir dans\u00a0l\u2019exercice \u00e0 distance du CHU \u00bb, consid\u00e8re le docteur J\u00e9r\u00f4me Roustan. <\/p>\n<p>Une association qualifi\u00e9e de \u00ab remarquable \u00bb par Christian Dubl\u00e9, directeur du centre hospitalier\u00a0Tarbes-Lourdes. \u00ab La ressource m\u00e9dicale\u00a0est rare, il fallait la r\u00e9partir de mani\u00e8re intelligente, adapt\u00e9e,\u00a0coh\u00e9rente et homog\u00e8ne entre les \u00e9tablissements \u00bb, ajoute-t-il. En somme, H2O, c\u2019est presque\u00a0\u00ab de la haute couture pour construire une offre de soins territoriales \u00bb, comme le souligne Vincent Pr\u00e9voteau, directeur des h\u00f4pitaux du Nord-Aveyron. <strong>Rien \u00e0 voir avec \u00ab les rustines mises \u00e0 droite et \u00e0 gauche \u00bb<\/strong>, comme cela pouvait \u00eatre le cas auparavant. \u00ab Depuis\u00a010-15 ans, c\u2019est ce que nous, les chefs de service et coordonnateurs, devions faire parce qu\u2019on nous appelait en urgence quand il manquait un m\u00e9decin ici ou l\u00e0. Nous faisions ce que nous pouvions, mais ce n\u2019\u00e9tait pas suffisant, conc\u00e8de le professeur Didier Carri\u00e9 pour qui H2O \u00e9tait \u00ab un r\u00eave \u00bb. \u00ab Je ne pensais pas que nous arriverions \u00e0 faire \u00e7a \u00bb, confie-t-il. <\/p>\n<p>Outre les soins, cette coop\u00e9ration passe aussi par la formation et la recherche avec, notamment la mise en commun de comp\u00e9tences et le financement d\u2019activit\u00e9s. \u00ab Nous avons ainsi r\u00e9cup\u00e9r\u00e9 plus d\u2019un million d\u2019euros\u00a0qui financent des ressources,\u00a0en particulier humaines, d\u00e9di\u00e9es \u00e0 la recherche\u00a0dans l\u2019ensemble de nos centres hospitaliers \u00bb, annonce Jean-Fran\u00e7ois Lefebvre. Si H2O n\u2019est <strong>pas la premi\u00e8re coop\u00e9ration publique, elle est \u00ab unique \u00bb \u00e0 cette \u00e9chelle<\/strong>, d\u2019apr\u00e8s Didier Jaffre, le pr\u00e9sident de l\u2019Agence r\u00e9gionale de sant\u00e9 Occitanie. \u00ab Il peut y avoir des r\u00e9gions o\u00f9 le CHU aspire les comp\u00e9tences.\u00a0L\u00e0, au contraire, il les irrigue, et par capillarit\u00e9,\u00a0nous nous sentons, de mois en mois, toujours un peu plus renforc\u00e9s \u00bb, t\u00e9moigne Sonia Neurrisse qui ne manque pas de noter \u00ab le tr\u00e8s haut niveau de responsabilit\u00e9 du CHU dans ce maillage territorial \u00bb. <\/p>\n<p>Les projets men\u00e9s depuis la cr\u00e9ation de l\u2019association<\/p>\n<p>Plusieurs projets concrets ont ainsi pu voir le jour sur le territoire depuis la cr\u00e9ation de l\u2019association H2O. Le centre hospitalier Tarbes-Lourdes accueille notamment <strong>un repr\u00e9sentant m\u00e9dical du CHU de Toulouse en neurologie<\/strong> \u00ab qui assure une\u00a0coordination et un appui aux \u00e9quipes \u00bb, indique son directeur. Le centre hospitalier intercommunal des vall\u00e9es de l\u2019Ari\u00e8ge (CHIVA) a, lui, obtenu <strong>un chef de clinique de territoire en pneumologie<\/strong>. L\u2019h\u00f4pital de Cahors, qui en a aussi un en ORL d\u00e9sormais, a par ailleurs pu <strong>remonter une \u00e9quipe de cardiologie<\/strong>. \u00ab Nous sommes en train de construire, depuis le 1er juillet, le m\u00eame exercice avec une \u00e9quipe\u00a0territoriale en gyn\u00e9co-obst\u00e9trique pour consolider notre maternit\u00e9 \u00bb, d\u00e9voile Sonia Neurrisse, sa directrice. Du c\u00f4t\u00e9 de l\u2019h\u00f4pital de Rodez, les m\u00e9decins anesth\u00e9sistes\u00a0r\u00e9animateurs ont b\u00e9n\u00e9fici\u00e9 d\u2019<strong>une formation \u00e0 l\u2019anesth\u00e9sie p\u00e9diatrique<\/strong>. \u00ab Nous avons la possibilit\u00e9 de nous appuyer sur le CHU pour former nos m\u00e9decins. Ce qui nous permet d\u2019avoir une offre de soins de proximit\u00e9\u00a0qui r\u00e9ponde aux besoins de la population \u00bb, rapporte Vincent Pr\u00e9voteau. <\/p>\n<p><img loading=\"lazy\" decoding=\"async\" width=\"1200\" height=\"799\" src=\"https:\/\/www.europesays.com\/fr\/wp-content\/uploads\/2025\/07\/reanimation.jpg\" alt=\"\"  \/><\/p>\n<p>Les m\u00e9decins anesth\u00e9sistes\u00a0r\u00e9animateurs de Rodez ont b\u00e9n\u00e9fici\u00e9 d\u2019une formation \u00e0 l\u2019anesth\u00e9sie p\u00e9diatrique \u00a9 beerkoff1 \/ Depositphotos.com<\/p>\n<p>Cette association a aussi permis <strong>l\u2019ouverture d\u2019un service sp\u00e9cialis\u00e9 en urologie<\/strong> au centre hospitalier\u00a0d\u2019Auch. \u00ab Jusqu\u2019en 2023, il y avait une clinique dans la commune avec pour sp\u00e9cialit\u00e9s l\u2019ophtalmologie, l\u2019ORL, le vasculaire et l\u2019urologie. L\u2019h\u00f4pital a r\u00e9cup\u00e9r\u00e9 les trois premi\u00e8res, mais nous avons eu des difficult\u00e9s pour la derni\u00e8re. Les urologues de la clinique ne voulaient travailler que dans le priv\u00e9. Nous nous sommes alors tourn\u00e9s vers le CHU de Toulouse\u00a0parce qu\u2019il nous paraissait impensable de ne pas offrir une activit\u00e9\u00a0m\u00e9dicale d\u2019urologie sur le d\u00e9partement. Ainsi, deux urologues ont \u00e9t\u00e9 mobilis\u00e9s pour une consultation tous les vendredis \u00e0 l\u2019h\u00f4pital au d\u00e9but et, maintenant, l\u2019un d\u2019eux a pour projet de s\u2019installer pour une grande partie de son temps\u00a0sur l\u2019h\u00f4pital d\u2019Auch \u00bb, se f\u00e9licite Sylvie Lacarri\u00e8re, la directrice du centre hospitalier qui devrait ouvrir des lits en urologie \u00ab dans un avenir assez proche \u00bb. De m\u00eame, l\u2019h\u00f4pital d\u2019Albi a pu recruter une \u00e9quipe ORL dans \u00ab un environnement o\u00f9 la concurrence avec le secteur\u00a0de la sant\u00e9 priv\u00e9 est important \u00bb, indique Alexandre Fritsch, le directeur de l\u2019h\u00f4pital. <\/p>\n<p>Quel avenir pour cette coop\u00e9ration entre les h\u00f4pitaux ?<\/p>\n<p>Des avanc\u00e9es qui ont l\u2019air de satisfaire les repr\u00e9sentants des diff\u00e9rents h\u00f4pitaux. \u00ab C\u2019est d\u00e9j\u00e0 une forme de coop\u00e9ration aboutie.\u00a0Et nous n\u2019en sommes qu\u2019au d\u00e9but \u00bb, rel\u00e8ve Christian Dubl\u00e9, le directeur du centre hospitalier\u00a0Tarbes-Lourdes. Selon lui, \u00ab de nouvelles possibilit\u00e9s de coop\u00e9ration \u00bb pourront \u00eatre d\u00e9ploy\u00e9es. Et les autres chefs d\u2019\u00e9tablissements sont du m\u00eame avis. \u00ab Le champ des\u00a0possibles est tellement infini. Finalement, nous disposons d\u2019une\u00a0feuille de route pour de nombreuses ann\u00e9es au b\u00e9n\u00e9fice de l\u2019organisation\u00a0de l\u2019offre de soins de nos territoires et d\u2019une attractivit\u00e9 commune \u00bb, d\u00e9clare Aur\u00e9lie\u00a0Channet, directrice par int\u00e9rim du CHIVA. D\u00e9j\u00e0, les actions mises en place ces deux derni\u00e8res ann\u00e9es vont \u00eatre b\u00e9n\u00e9fiques \u00e0 long terme \u00e0 en croire Didier Jaffre. \u00ab Je pense que les d\u00e9cisions qui ont \u00e9t\u00e9 prises dans le cadre de H2O <strong>garantissent le fonctionnement de notre syst\u00e8me de sant\u00e9\u00a0pour les 10-20 ans \u00e0 venir<\/strong> \u00bb, estime le directeur de l\u2019ARS Occitanie.<\/p>\n","protected":false},"excerpt":{"rendered":"Cr\u00e9\u00e9e il y a deux ans, l\u2019association H2O (H\u00f4pitaux d\u2019Occitanie Ouest) r\u00e9unit le CHU de Toulouse et les&hellip;\n","protected":false},"author":2,"featured_media":255793,"comment_status":"","ping_status":"","sticky":false,"template":"","format":"standard","meta":{"footnotes":""},"categories":[2816],"tags":[1111,11,16802,39582,1777,674,1011,27,12,2680,25,33484,2312],"class_list":{"0":"post-255792","1":"post","2":"type-post","3":"status-publish","4":"format-standard","5":"has-post-thumbnail","7":"category-toulouse","8":"tag-actu","9":"tag-actualites","10":"tag-auch","11":"tag-cahorsu2026-comment-cette-coopu00e9ration-avec-le-chu-change-la-donne-dans-vos-hu00f4pitaux","12":"tag-eu","13":"tag-europe","14":"tag-fr","15":"tag-france","16":"tag-news","17":"tag-occitanie","18":"tag-republique-francaise","19":"tag-tarbes","20":"tag-toulouse"},"share_on_mastodon":{"url":"https:\/\/pubeurope.com\/@fr\/114873021613904483","error":""},"_links":{"self":[{"href":"https:\/\/www.europesays.com\/fr\/wp-json\/wp\/v2\/posts\/255792","targetHints":{"allow":["GET"]}}],"collection":[{"href":"https:\/\/www.europesays.com\/fr\/wp-json\/wp\/v2\/posts"}],"about":[{"href":"https:\/\/www.europesays.com\/fr\/wp-json\/wp\/v2\/types\/post"}],"author":[{"embeddable":true,"href":"https:\/\/www.europesays.com\/fr\/wp-json\/wp\/v2\/users\/2"}],"replies":[{"embeddable":true,"href":"https:\/\/www.europesays.com\/fr\/wp-json\/wp\/v2\/comments?post=255792"}],"version-history":[{"count":0,"href":"https:\/\/www.europesays.com\/fr\/wp-json\/wp\/v2\/posts\/255792\/revisions"}],"wp:featuredmedia":[{"embeddable":true,"href":"https:\/\/www.europesays.com\/fr\/wp-json\/wp\/v2\/media\/255793"}],"wp:attachment":[{"href":"https:\/\/www.europesays.com\/fr\/wp-json\/wp\/v2\/media?parent=255792"}],"wp:term":[{"taxonomy":"category","embeddable":true,"href":"https:\/\/www.europesays.com\/fr\/wp-json\/wp\/v2\/categories?post=255792"},{"taxonomy":"post_tag","embeddable":true,"href":"https:\/\/www.europesays.com\/fr\/wp-json\/wp\/v2\/tags?post=255792"}],"curies":[{"name":"wp","href":"https:\/\/api.w.org\/{rel}","templated":true}]}}