{"id":255800,"date":"2025-07-18T07:23:10","date_gmt":"2025-07-18T07:23:10","guid":{"rendered":"https:\/\/www.europesays.com\/fr\/255800\/"},"modified":"2025-07-18T07:23:10","modified_gmt":"2025-07-18T07:23:10","slug":"martine-vassal-nen-veut-plus-la-ville-en-appelle-a-letat","status":"publish","type":"post","link":"https:\/\/www.europesays.com\/fr\/255800\/","title":{"rendered":"Martine Vassal n&rsquo;en \u00ab\u00a0veut plus\u00a0\u00bb, la Ville en appelle \u00e0 l&rsquo;\u00c9tat"},"content":{"rendered":"<p>\u00ab\u00a0Les MNA, je n\u2019en veux plus.\u00a0\u00bb Alors que <a href=\"https:\/\/www.laprovence.com\/article\/region\/4473538384865914\/marseille-une-quinzaine-de-migrants-mineurs-habitent-le-kiosque-des-reformes-les-associations-se-mobilisent\" target=\"_blank\" rel=\"noopener\">40 jeunes exil\u00e9s dorment depuis pr\u00e8s de deux semaines sous le kiosque de la place L\u00e9on-Blum (1er)<\/a>, la pr\u00e9sidente (DVD) du D\u00e9partement affiche clairement sa volont\u00e9 de se d\u00e9barrasser de l\u2019une des comp\u00e9tences de son institution. Les Conseils d\u00e9partementaux doivent en effet prendre en charge les mineurs non accompagn\u00e9s dans le cadre de l\u2019Aide sociale \u00e0 l\u2019enfance. <a href=\"https:\/\/www.laprovence.com\/article\/region\/1235432507828115\/transports-education-aide-sociale-a-lenfance-martine-vassal-repond-aux-questions-des-lecteurs-de-la-provence\" target=\"_blank\" rel=\"noopener\">Martine Vassal<\/a> s\u2019appuie sur le fait que les jeunes du kiosque n\u2019ont pas \u00e9t\u00e9 reconnus mineurs (lors des \u00e9valuations que le CD13 sous-traite \u00e0 l\u2019association Addap 13) et va plus loin en refusant d\u00e9sormais d\u2019endosser cette responsabilit\u00e9.<\/p>\n<p>\u00ab\u00a0On n\u2019est plus capables d\u2019accueillir toute la mis\u00e8re du monde. Au kiosque des R\u00e9form\u00e9s, ce ne sont que des majeurs. Je dis stop, a-t-elle martel\u00e9 en marge de la pr\u00e9sentation de <a href=\"https:\/\/www.laprovence.com\/article\/politique\/1030049381189415\/pour-martine-vassal-un-bilan-de-mi-mandat-aux-airs-de-pre-campagne\" target=\"_blank\" rel=\"noopener\">son bilan de mi-mandat<\/a>, mardi. Je mets d\u2019abord en avant les enfants qui me sont confi\u00e9s par les juges, les orphelins et les enfants plac\u00e9s victimes de violences intrafamiliales. Les &lsquo;mineurs-majeurs&rsquo;, je n\u2019en veux plus. La loi est compl\u00e8tement d\u00e9voy\u00e9e. Ils sont l\u00e0 pour utiliser le syst\u00e8me. Il y en a assez. Il faut le dire.\u00a0\u00bb Martine Vassal se risquant m\u00eame \u00e0 indiquer que \u00ab\u00a080% des faits de d\u00e9linquance dans le centre-ville de Marseille sont commis par des \u00e9trangers\u00a0\u00bb.<\/p>\n<p>\u00ab\u00a0Un Conseil d\u00e9partemental d\u00e9faillant\u00a0\u00bb<\/p>\n<p>Des \u00ab\u00a0propos scandaleux\u00a0\u00bb d\u00e9nonc\u00e9s par <a href=\"https:\/\/www.laprovence.com\/article\/societe\/10637877854724\/interview-la-pauvrete-le-cheval-de-bataille-de-ladjointe-au-maire-de-marseille-audrey-garino\" target=\"_blank\" rel=\"noopener\">Audrey Garino<\/a>, adjointe au maire (PCF), en charge de la solidarit\u00e9. \u00ab\u00a0Nous avons affaire \u00e0 un Conseil d\u00e9partemental d\u00e9faillant, qui est <a href=\"https:\/\/www.laprovence.com\/article\/edition-marseille\/6001471\/mineurs-a-la-rue-la-justice-condamne-le-departement.html\" target=\"_blank\" rel=\"noopener\">le plus condamn\u00e9 de France pour ses d\u00e9fauts de prise en charge<\/a>, rappelle l\u2019\u00e9lue. Aujourd\u2019hui, sa pr\u00e9sidente revendique de refuser cette comp\u00e9tence obligatoire. Elle y ajoute un amalgame douteux sur les faits de d\u00e9linquance. C\u2019est scandaleux et d\u2019un cynisme confondant.\u00a0\u00bb<\/p>\n","protected":false},"excerpt":{"rendered":"\u00ab\u00a0Les MNA, je n\u2019en veux plus.\u00a0\u00bb Alors que 40 jeunes exil\u00e9s dorment depuis pr\u00e8s de deux semaines sous&hellip;\n","protected":false},"author":2,"featured_media":255801,"comment_status":"","ping_status":"","sticky":false,"template":"","format":"standard","meta":{"footnotes":""},"categories":[2814],"tags":[17,39583,1111,11,1777,674,1011,27,884,10203,6636,39584,12,2828,882,16,25,14243],"class_list":{"0":"post-255800","1":"post","2":"type-post","3":"status-publish","4":"format-standard","5":"has-post-thumbnail","7":"category-marseille","8":"tag-17","9":"tag-accompagnes","10":"tag-actu","11":"tag-actualites","12":"tag-eu","13":"tag-europe","14":"tag-fr","15":"tag-france","16":"tag-marseille","17":"tag-martine","18":"tag-mineurs","19":"tag-nen","20":"tag-news","21":"tag-non","22":"tag-provence-alpes-cote-dazur","23":"tag-region","24":"tag-republique-francaise","25":"tag-vassal"},"share_on_mastodon":{"url":"https:\/\/pubeurope.com\/@fr\/114873041734498876","error":""},"_links":{"self":[{"href":"https:\/\/www.europesays.com\/fr\/wp-json\/wp\/v2\/posts\/255800","targetHints":{"allow":["GET"]}}],"collection":[{"href":"https:\/\/www.europesays.com\/fr\/wp-json\/wp\/v2\/posts"}],"about":[{"href":"https:\/\/www.europesays.com\/fr\/wp-json\/wp\/v2\/types\/post"}],"author":[{"embeddable":true,"href":"https:\/\/www.europesays.com\/fr\/wp-json\/wp\/v2\/users\/2"}],"replies":[{"embeddable":true,"href":"https:\/\/www.europesays.com\/fr\/wp-json\/wp\/v2\/comments?post=255800"}],"version-history":[{"count":0,"href":"https:\/\/www.europesays.com\/fr\/wp-json\/wp\/v2\/posts\/255800\/revisions"}],"wp:featuredmedia":[{"embeddable":true,"href":"https:\/\/www.europesays.com\/fr\/wp-json\/wp\/v2\/media\/255801"}],"wp:attachment":[{"href":"https:\/\/www.europesays.com\/fr\/wp-json\/wp\/v2\/media?parent=255800"}],"wp:term":[{"taxonomy":"category","embeddable":true,"href":"https:\/\/www.europesays.com\/fr\/wp-json\/wp\/v2\/categories?post=255800"},{"taxonomy":"post_tag","embeddable":true,"href":"https:\/\/www.europesays.com\/fr\/wp-json\/wp\/v2\/tags?post=255800"}],"curies":[{"name":"wp","href":"https:\/\/api.w.org\/{rel}","templated":true}]}}