{"id":25581,"date":"2025-04-15T01:07:16","date_gmt":"2025-04-15T01:07:16","guid":{"rendered":"https:\/\/www.europesays.com\/fr\/25581\/"},"modified":"2025-04-15T01:07:16","modified_gmt":"2025-04-15T01:07:16","slug":"apple-sappreterait-enfin-a-liberer-la-puissance-de-lipad","status":"publish","type":"post","link":"https:\/\/www.europesays.com\/fr\/25581\/","title":{"rendered":"Apple s\u2019appr\u00eaterait enfin \u00e0 lib\u00e9rer la puissance de l&rsquo;iPad"},"content":{"rendered":"<p>Tiraill\u00e9 entre l\u2019univers du Mac et celui de l\u2019iPhone depuis sa sortie, l\u2019iPad pourrait bien devenir une machine beaucoup plus int\u00e9ressante dans peu de temps. iPadOS\u00a019 offrirait enfin \u00e0 la tablette d\u2019Apple des fonctionnalit\u00e9s inspir\u00e9es des ordinateurs.<\/p>\n<p><img decoding=\"async\" class=\"wp-image wp-image\" src=\"https:\/\/www.europesays.com\/fr\/wp-content\/uploads\/2025\/04\/ipados-16-frandroid-img-2161.jpg\" alt=\"\"\/>Cr\u00e9dit : Frandroid<\/p>\n<p>C\u2019est une \u00e9volution que beaucoup d\u2019utilisateurs et d\u2019utilisatrices demandaient depuis longtemps. <a href=\"https:\/\/www.bloomberg.com\/news\/newsletters\/2025-04-13\/apple-vision-pro-2-details-low-latency-headset-ar-glasses-ipados-19-details-m9flf1fd\" target=\"_blank\" rel=\"noreferrer noopener\">D\u2019apr\u00e8s Bloomberg<\/a>, iPadOS devrait conna\u00eetre un bouleversement majeur dans quelques mois en s\u2019inspirant de ce qui se fait sur les Mac.<\/p>\n<p><a href=\"https:\/\/www.frandroid.com\/produits-android\/tablette\/2016836_ipad-pro-m4-2024-malgre-ces-avancees-ce-sont-toujours-des-ipad-limites-par-ipados-et-ses-applications\" target=\"_blank\" rel=\"noopener\">Apr\u00e8s des ann\u00e9es \u00e0 \u00eatre brid\u00e9 par leurs OS<\/a>, les tablettes Apple pourraient enfin laisser libre cours \u00e0 leurs puissances avec un environnement logiciel plus adapt\u00e9.<\/p>\n<p>Un changement bienvenu<\/p>\n<p>On en sait encore peu sur les d\u00e9tails de cette \u00e9volution logicielle, mais d\u2019apr\u00e8s Mark Gurman, iPadOS\u00a019 mettra l\u2019accent sur \u00ab\u2009la productivit\u00e9, le multit\u00e2che et la gestion des fen\u00eatres\u2009\u00bb. D\u2019apr\u00e8s les sources toujours tr\u00e8s bien inform\u00e9es du journaliste, l\u2019id\u00e9e serait de faire en sorte que \u00ab\u2009l\u2019appareil se rapproche du Mac dans son fonctionnement\u2009\u00bb. Une \u00e9volution tr\u00e8s attendue.<\/p>\n<p>En effet, depuis la sortie de l\u2019iPad ou presque, les propri\u00e9taires de tablettes pomm\u00e9es esp\u00e8rent voir un jour leurs appareils s\u2019\u00e9manciper de la logique de l\u2019iPhone, o\u00f9 deux applications ne sont jamais (ou presque) ouvertes en parall\u00e8le. Avec son grand \u00e9cran et ses puces toujours plus puissantes, l\u2019iPad a de quoi jouer dans la cour des grands depuis longtemps maintenant, particuli\u00e8rement <a href=\"https:\/\/www.frandroid.com\/marques\/apple\/943739_test-de-lapple-ipad-pro-11-2021-m1\" target=\"_blank\" rel=\"noopener\">depuis que la tablette est dot\u00e9e des m\u00eames processeurs que les Mac en bonne et due forme d\u2019Apple<\/a>.<\/p>\n<p><img class=\"wp-image\" decoding=\"async\" src=\"https:\/\/www.europesays.com\/fr\/wp-content\/uploads\/2025\/04\/16052024-dsc00096apple-ipad-pro-m4-2024-frandroid-1200x800.jpg\" alt=\"\"\/>L\u2019iPad Pro M4 ressemble diablement \u00e0 un Mac avec son clavier \/\/ Cr\u00e9dit Frandroid<\/p>\n<p>Comme nous le relevions dans notre test de l\u2019iPad Pro\u00a0M4 de 2024, <a href=\"https:\/\/www.frandroid.com\/marques\/apple\/2031810_test-du-apple-ipad-pro-m4#logiciel\" target=\"_blank\" rel=\"noopener\">la tablette d\u2019Apple \u00e9tait plus que jamais brid\u00e9e par son syst\u00e8me d\u2019exploitation<\/a>. Un d\u00e9faut d\u2019autant plus g\u00eanant que le prix de cette derni\u00e8re va clairement chasser du c\u00f4t\u00e9 des Mac et certaines applications laissent entrevoir un futur o\u00f9 les tablettes pourraient \u00eatre de vraies alternatives au PC plut\u00f4t que de simples smartphones sous st\u00e9ro\u00efdes.<\/p>\n<p>L\u2019iPad restera l\u2019iPad<\/p>\n<p>Ce n\u2019est pas la premi\u00e8re fois qu\u2019Apple tente de transformer l\u2019exp\u00e9rience logicielle de l\u2019iPad. Avec iOS\u00a016, <a href=\"https:\/\/www.frandroid.com\/comment-faire\/tutoriaux\/tutoriels-pc\/1517680_comment-activer-stage-manager-sur-votre-ipad-pour-utiliser-le-multitache-multifenetres\" target=\"_blank\" rel=\"noopener\">la firme avait pr\u00e9sent\u00e9 Stage Manager<\/a>, un outil cens\u00e9 lib\u00e9rer un peu la puissance de ses tablettes en leur permettant de faire tourner plusieurs applications en simultan\u00e9es, chacune dans leurs fen\u00eatres respectives. Comme sur un PC en somme. Mais l\u2019impl\u00e9mentation de cette fonctionnalit\u00e9 (<a href=\"https:\/\/www.frandroid.com\/marques\/apple\/1721319_lipad-se-rapproche-encore-un-peu-plus-des-mac-grace-a-ipados-17\" target=\"_blank\" rel=\"noopener\">am\u00e9lior\u00e9e avec iPadOS\u00a017<\/a>) laisse encore \u00e0 d\u00e9sirer en raison de limitations encore souvent trop strictes.<\/p>\n<p class=\"shortcode-container see-more\">\n    Pour aller plus loin<br \/><a href=\"https:\/\/www.frandroid.com\/marques\/apple\/692786_meilleur-ipad-selection\" target=\"_blank\" rel=\"noopener\">Quel iPad choisir en 2025 ? Voici les meilleures tablettes d\u2019Apple<\/a>\n            <\/p>\n<p>Il faudra donc voir ce qu\u2019Apple pr\u00e9pare donc avec iPadOS\u00a019, mais sans doute qu\u2019il ne faut pas non plus s\u2019attendre \u00e0 voir macOS d\u00e9barquer sur iPad. La firme a toujours d\u00e9fendu l\u2019id\u00e9e que <a href=\"https:\/\/www.frandroid.com\/marques\/apple\/2019726_apple-explique-encore-une-fois-pourquoi-il-na-jamais-lance-de-mac-tactile\" target=\"_blank\" rel=\"noopener\">l\u2019exp\u00e9rience logicielle du Mac et celle de l\u2019iPad n\u2019\u00e9taient pas vou\u00e9es \u00e0 se m\u00e9langer<\/a>.<\/p>\n<p>Envie de retrouver les meilleurs articles de Frandroid sur Google News ? Vous pouvez suivre <strong><a href=\"https:\/\/news.google.com\/publications\/CAAqBggKMICKMDCuyQU?oc=3\" target=\"_blank\" rel=\"noopener null noreferrer\">Frandroid sur Google News<\/a> en un clic.<\/strong><\/p>\n","protected":false},"excerpt":{"rendered":"Tiraill\u00e9 entre l\u2019univers du Mac et celui de l\u2019iPhone depuis sa sortie, l\u2019iPad pourrait bien devenir une machine&hellip;\n","protected":false},"author":2,"featured_media":25582,"comment_status":"","ping_status":"","sticky":false,"template":"","format":"standard","meta":{"footnotes":""},"categories":[7],"tags":[9200,9201,1011,27,8214,269,4240,43,40,41,39,42,44],"class_list":{"0":"post-25581","1":"post","2":"type-post","3":"status-publish","4":"format-standard","5":"has-post-thumbnail","7":"category-sciences-et-technologies","8":"tag-apple-ipad-air-m3-11-2025","9":"tag-bloomberg","10":"tag-fr","11":"tag-france","12":"tag-ipad","13":"tag-ipados-19","14":"tag-mark-gurman","15":"tag-science","16":"tag-science-and-technology","17":"tag-sciences","18":"tag-sciences-et-technologies","19":"tag-technologies","20":"tag-technology"},"share_on_mastodon":{"url":"https:\/\/pubeurope.com\/@fr\/114339305631240715","error":""},"_links":{"self":[{"href":"https:\/\/www.europesays.com\/fr\/wp-json\/wp\/v2\/posts\/25581","targetHints":{"allow":["GET"]}}],"collection":[{"href":"https:\/\/www.europesays.com\/fr\/wp-json\/wp\/v2\/posts"}],"about":[{"href":"https:\/\/www.europesays.com\/fr\/wp-json\/wp\/v2\/types\/post"}],"author":[{"embeddable":true,"href":"https:\/\/www.europesays.com\/fr\/wp-json\/wp\/v2\/users\/2"}],"replies":[{"embeddable":true,"href":"https:\/\/www.europesays.com\/fr\/wp-json\/wp\/v2\/comments?post=25581"}],"version-history":[{"count":0,"href":"https:\/\/www.europesays.com\/fr\/wp-json\/wp\/v2\/posts\/25581\/revisions"}],"wp:featuredmedia":[{"embeddable":true,"href":"https:\/\/www.europesays.com\/fr\/wp-json\/wp\/v2\/media\/25582"}],"wp:attachment":[{"href":"https:\/\/www.europesays.com\/fr\/wp-json\/wp\/v2\/media?parent=25581"}],"wp:term":[{"taxonomy":"category","embeddable":true,"href":"https:\/\/www.europesays.com\/fr\/wp-json\/wp\/v2\/categories?post=25581"},{"taxonomy":"post_tag","embeddable":true,"href":"https:\/\/www.europesays.com\/fr\/wp-json\/wp\/v2\/tags?post=25581"}],"curies":[{"name":"wp","href":"https:\/\/api.w.org\/{rel}","templated":true}]}}