{"id":255826,"date":"2025-07-18T07:36:13","date_gmt":"2025-07-18T07:36:13","guid":{"rendered":"https:\/\/www.europesays.com\/fr\/255826\/"},"modified":"2025-07-18T07:36:13","modified_gmt":"2025-07-18T07:36:13","slug":"en-allemagne-polemique-autour-dune-juriste-pressentie-pour-la-cour-constitutionnelle","status":"publish","type":"post","link":"https:\/\/www.europesays.com\/fr\/255826\/","title":{"rendered":"En Allemagne, pol\u00e9mique autour d\u2019une juriste pressentie pour la Cour constitutionnelle"},"content":{"rendered":"\n<p>Un juge a-t-il le droit d\u2019avoir des opinions politiques\u00a0? Cette question est au c\u0153ur des d\u00e9bats sur la possible nomination de la constitutionnaliste Frauke Brosius-Gersdorf au Tribunal constitutionnel f\u00e9d\u00e9ral d\u2019Allemagne. Cette cour, situ\u00e9e \u00e0 Karlsruhe, est la plus haute institution juridique d\u2019outre-Rhin. Et elle fait d\u00e9sormais l\u2019objet d\u2019une attention m\u00e9diatique accrue.<\/p>\n<p>Le Bundestag aurait d\u00fb nommer trois des seize juges de la cour il y a une dizaine de jours. Mais \u201cla chambre basse du Parlement n\u2019est pas parvenue \u00e0 remplir cette mission, <a href=\"https:\/\/www.dw.com\/de\/bundesverfassungsgericht-spielball-der-politik\/a-73244603\" rel=\"nofollow noopener\" target=\"_blank\">assure la cha\u00eene<strong> Deutsche Welle<\/strong><\/a><strong>. <\/strong>Elle devait se prononcer sur trois candidats mais le vote a \u00e9t\u00e9 soudain supprim\u00e9 de l\u2019ordre du jour.\u201d La raison\u00a0? Les \u00e9lus allemands n\u2019auraient pas r\u00e9ussi \u00e0 rassembler une majorit\u00e9 des deux tiers concernant la nomination de Frauke Brosius-Gersdorf.<\/p>\n<p>\u00c2g\u00e9e de 54\u00a0ans, la juriste \u2013 dont la candidature \u00e9tait propos\u00e9e par le Parti social-d\u00e9mocrate (SPD) au pouvoir \u2013 est notamment consid\u00e9r\u00e9e avec m\u00e9fiance par la droite chr\u00e9tienne, \u00e9galement repr\u00e9sent\u00e9e au gouvernement. Des divisions qui fragilisent la coalition men\u00e9e par le <a href=\"https:\/\/www.courrierinternational.com\/sujet\/friedrich-merz\" rel=\"nofollow noopener\" target=\"_blank\">chancelier chr\u00e9tien-d\u00e9mocrate Friedrich Merz<\/a>. Et qui montrent que la justice est le nouveau \u201cjouet de la politique\u201d allemande, selon les termes employ\u00e9s par la Deutsche Welle.<\/p>\n<p>Mais Frauke Brosius-Ge<\/p>\n","protected":false},"excerpt":{"rendered":"Un juge a-t-il le droit d\u2019avoir des opinions politiques\u00a0? Cette question est au c\u0153ur des d\u00e9bats sur la&hellip;\n","protected":false},"author":2,"featured_media":255827,"comment_status":"","ping_status":"","sticky":false,"template":"","format":"standard","meta":{"footnotes":""},"categories":[1587],"tags":[11,672,1804,1805,1803,1777,674,6429,7610,1801,303,12,316,1802],"class_list":{"0":"post-255826","1":"post","2":"type-post","3":"status-publish","4":"format-standard","5":"has-post-thumbnail","7":"category-allemagne","8":"tag-actualites","9":"tag-allemagne","10":"tag-bundesrepublik-deutschland","11":"tag-de","12":"tag-deutschland","13":"tag-eu","14":"tag-europe","15":"tag-extru00eame-droite","16":"tag-extru00eame-droite-en-allemagne","17":"tag-germany","18":"tag-justice","19":"tag-news","20":"tag-politique","21":"tag-republique-federale-dallemagne"},"share_on_mastodon":{"url":"https:\/\/pubeurope.com\/@fr\/114873092218321848","error":""},"_links":{"self":[{"href":"https:\/\/www.europesays.com\/fr\/wp-json\/wp\/v2\/posts\/255826","targetHints":{"allow":["GET"]}}],"collection":[{"href":"https:\/\/www.europesays.com\/fr\/wp-json\/wp\/v2\/posts"}],"about":[{"href":"https:\/\/www.europesays.com\/fr\/wp-json\/wp\/v2\/types\/post"}],"author":[{"embeddable":true,"href":"https:\/\/www.europesays.com\/fr\/wp-json\/wp\/v2\/users\/2"}],"replies":[{"embeddable":true,"href":"https:\/\/www.europesays.com\/fr\/wp-json\/wp\/v2\/comments?post=255826"}],"version-history":[{"count":0,"href":"https:\/\/www.europesays.com\/fr\/wp-json\/wp\/v2\/posts\/255826\/revisions"}],"wp:featuredmedia":[{"embeddable":true,"href":"https:\/\/www.europesays.com\/fr\/wp-json\/wp\/v2\/media\/255827"}],"wp:attachment":[{"href":"https:\/\/www.europesays.com\/fr\/wp-json\/wp\/v2\/media?parent=255826"}],"wp:term":[{"taxonomy":"category","embeddable":true,"href":"https:\/\/www.europesays.com\/fr\/wp-json\/wp\/v2\/categories?post=255826"},{"taxonomy":"post_tag","embeddable":true,"href":"https:\/\/www.europesays.com\/fr\/wp-json\/wp\/v2\/tags?post=255826"}],"curies":[{"name":"wp","href":"https:\/\/api.w.org\/{rel}","templated":true}]}}