{"id":255834,"date":"2025-07-18T07:40:10","date_gmt":"2025-07-18T07:40:10","guid":{"rendered":"https:\/\/www.europesays.com\/fr\/255834\/"},"modified":"2025-07-18T07:40:10","modified_gmt":"2025-07-18T07:40:10","slug":"lannee-blanche-de-2026-menace-les-plus-fragiles-retraites-allocataires-et-foyers-modestes-risquent-de-tout-perdre-sans-preavis","status":"publish","type":"post","link":"https:\/\/www.europesays.com\/fr\/255834\/","title":{"rendered":"L\u2019ann\u00e9e blanche de 2026 menace les plus fragiles : retrait\u00e9s, allocataires et foyers modestes risquent de tout perdre sans pr\u00e9avis"},"content":{"rendered":"<tr>\n<td><strong>EN BREF<\/strong><\/td>\n<\/tr>\n<tr>\n<td>\n<ul>\n<li>\ud83d\udca1 Fran\u00e7ois Bayrou propose une \u00ab ann\u00e9e blanche \u00bb en 2026, gelant le bar\u00e8me des imp\u00f4ts, les prestations sociales et les <strong>retraites<\/strong>.<\/li>\n<li>\ud83d\udd0d Les \u00e9conomistes de l\u2019IPP estiment que cette mesure permettrait de r\u00e9aliser <strong>5,7 milliards d\u2019euros d\u2019\u00e9conomies<\/strong> pour l\u2019\u00c9tat.<\/li>\n<li>\u26a0\ufe0f Les m\u00e9nages les plus modestes seraient les plus touch\u00e9s, avec une diminution de <strong>1%<\/strong> de leur niveau de vie pour certains.<\/li>\n<li>\ud83d\udcc9 Les <strong>retrait\u00e9s<\/strong> et les ch\u00f4meurs subiraient des pertes significatives, accentuant les in\u00e9galit\u00e9s sociales.<\/li>\n<\/ul>\n<\/td>\n<\/tr>\n<p>Fran\u00e7ois Bayrou a r\u00e9cemment annonc\u00e9 une mesure audacieuse pour 2026 : une \u00ab ann\u00e9e blanche \u00bb sur le bar\u00e8me des imp\u00f4ts, les prestations sociales et les pensions. Ce gel des revalorisations, destin\u00e9 \u00e0 r\u00e9aliser des \u00e9conomies budg\u00e9taires, suscite de nombreuses interrogations et inqui\u00e9tudes. L\u2019\u00c9tat esp\u00e8re ainsi \u00e9conomiser des milliards, mais les cons\u00e9quences pour les citoyens, notamment les plus vuln\u00e9rables, pourraient \u00eatre significatives. Quelles sont les implications de cette d\u00e9cision et qui en seront les plus grands perdants ?<\/p>\n<p>Les propos de Fran\u00e7ois Bayrou<\/p>\n<p>Lors de son annonce, Fran\u00e7ois Bayrou a clairement expos\u00e9 les mesures envisag\u00e9es pour 2026. L\u2019objectif est de maintenir \u00e0 leur niveau actuel les retraites, les prestations sociales et le bar\u00e8me de l\u2019imp\u00f4t sur le revenu. \u00ab On aura exactement le m\u00eame montant des retraites pour chaque pensionn\u00e9 que celles qu\u2019on avait en 2025 \u00bb, a-t-il d\u00e9clar\u00e9. Cette d\u00e9cision vise \u00e0 r\u00e9aliser des \u00e9conomies importantes pour le budget de l\u2019\u00c9tat. Toutefois, cette initiative doit encore \u00eatre valid\u00e9e par le Parlement lors du vote du budget 2026. L\u2019enjeu est de taille, puisqu\u2019il s\u2019agit de combler un d\u00e9ficit budg\u00e9taire en r\u00e9alisant <strong>40 milliards d\u2019euros d\u2019\u00e9conomies<\/strong>. En gelant ces revalorisations, l\u2019\u00c9tat esp\u00e8re retrouver une certaine stabilit\u00e9 financi\u00e8re, mais cela se fera au d\u00e9triment de nombreux citoyens. Comment cette mesure sera-t-elle accueillie par les parlementaires et les citoyens ?<\/p>\n<blockquote class=\"wp-embedded-content\" data-secret=\"h9oZNXVeRC\">\n<p><a href=\"https:\/\/www.lejournaleconomique.com\/2025\/07\/03\/des-milliers-de-retraites-francais-pieges-cette-revalorisation-cruciale-de-leurs-pensions-echappe-a-de-nombreux-foyers-en-detresse-economique-des-aujourdhui\/\" target=\"_blank\" rel=\"noopener\">Des milliers de retrait\u00e9s fran\u00e7ais pi\u00e9g\u00e9s : cette revalorisation cruciale de leurs pensions \u00e9chappe \u00e0 de nombreux foyers en d\u00e9tresse \u00e9conomique d\u00e8s aujourd\u2019hui<\/a><\/p>\n<\/blockquote>\n<p>Les \u00e9conomies attendues d\u2019une ann\u00e9e blanche<\/p>\n<p>Les \u00e9conomistes de l\u2019Institut des politiques publiques (IPP) ont estim\u00e9 que cette \u00ab ann\u00e9e blanche \u00bb pourrait g\u00e9n\u00e9rer jusqu\u2019\u00e0 <strong>5,7 milliards d\u2019euros d\u2019\u00e9conomies<\/strong> pour l\u2019\u00c9tat. Ce gel g\u00e9n\u00e9ral des revalorisations aurait n\u00e9anmoins un effet r\u00e9gressif sur la distribution des revenus, creusant les in\u00e9galit\u00e9s entre riches et pauvres. Selon l\u2019IPP, le gel du bar\u00e8me de l\u2019imp\u00f4t sur le revenu permettrait d\u2019\u00e9conomiser 1,8 milliard d\u2019euros, tandis que le gel des retraites de base et des prestations sociales rapporterait respectivement 2,6 milliards et 1,3 milliard d\u2019euros. \u00ab Ce gel global aurait un effet distributif r\u00e9gressif \u00bb, note l\u2019IPP, soulignant que cette mesure pourrait accentuer les disparit\u00e9s \u00e9conomiques existantes.<\/p>\n<blockquote class=\"wp-embedded-content\" data-secret=\"z6ipygQEif\">\n<p><a href=\"https:\/\/www.lejournaleconomique.com\/2025\/07\/01\/nouvelles-dates-de-versements-en-juillet-lannonce-qui-bouleverse-les-retraites-agirc-arrco-et-les-allocataires-de-la-caf-devoilee-enfin\/\" target=\"_blank\" rel=\"noopener\">Nouvelles dates de versements en juillet : l\u2019annonce qui bouleverse les retrait\u00e9s Agirc-Arrco et les allocataires de la CAF d\u00e9voil\u00e9e enfin<\/a><\/p>\n<\/blockquote>\n<tr>\nMesure potentielle pour 2026<br \/>\n\u00c9conomies budg\u00e9taires pour l\u2019\u00c9tat<br \/>\n<\/tr>\n<tr>\n<td>Gel du bar\u00e8me de l\u2019imp\u00f4t sur le revenu<\/td>\n<td>1,8 milliard \u20ac<\/td>\n<\/tr>\n<tr>\n<td>Gel des retraites de base<\/td>\n<td>2,6 milliards \u20ac<\/td>\n<\/tr>\n<tr>\n<td>Gel des prestations sociales (allocations familiales, RSA, prime d\u2019activit\u00e9, APL, etc.)<\/td>\n<td>1,3 milliard \u20ac<\/td>\n<\/tr>\n<tr>\n<td>Ann\u00e9e blanche 2026 au global<\/td>\n<td>5,7 milliards \u20ac<\/td>\n<\/tr>\n<p>Impact sur les m\u00e9nages modestes<\/p>\n<p>Les m\u00e9nages les plus modestes seront parmi les plus touch\u00e9s par cette \u00ab ann\u00e9e blanche \u00bb. L\u2019IPP estime que 3,2% des m\u00e9nages verront leur niveau de vie diminuer d\u2019au moins 1%. Pour le quart de la population aux revenus les plus bas, l\u2019impact sera particuli\u00e8rement s\u00e9v\u00e8re, avec une perte de plus de 0,5% de leur niveau de vie en raison du gel des prestations sociales. Cependant, l\u2019IPP note que le gel de l\u2019imp\u00f4t sur le revenu introduit une certaine progressivit\u00e9, att\u00e9nuant quelque peu cet effet r\u00e9gressif. L\u2019\u00e9conomiste Pierre Madec de l\u2019OFCE confirme ces conclusions, soulignant que <strong>les 5% de m\u00e9nages les plus modestes perdraient pr\u00e8s de 1% de revenu disponible<\/strong>. Cette mesure soul\u00e8ve donc des questions cruciales sur la justice sociale et l\u2019\u00e9quit\u00e9 fiscale. Comment l\u2019\u00c9tat pourrait-il att\u00e9nuer cet impact pour les m\u00e9nages les plus vuln\u00e9rables ?<\/p>\n<blockquote class=\"wp-embedded-content\" data-secret=\"mDUyPEpzHY\">\n<p><a href=\"https:\/\/www.lejournaleconomique.com\/2025\/07\/10\/travailler-chez-soi-cest-le-paradis-apres-4-ans-de-recherche-ces-experts-revelent-enfin-comment-le-teletravail-booste-notre-bonheur-quotidien\/\" target=\"_blank\" rel=\"noopener\">\u00ab Travailler chez soi, c\u2019est le paradis \u00bb : apr\u00e8s 4 ans de recherche, ces experts r\u00e9v\u00e8lent enfin comment le t\u00e9l\u00e9travail booste notre bonheur quotidien<\/a><\/p>\n<\/blockquote>\n<p>Cons\u00e9quences pour les retrait\u00e9s et les ch\u00f4meurs<\/p>\n<p>Les retrait\u00e9s et les ch\u00f4meurs figurent parmi les grands perdants de cette mesure. Selon Pierre Madec, les retrait\u00e9s pourraient perdre en moyenne 320 euros par m\u00e9nage en 2026, une cons\u00e9quence directe du gel des pensions de base. Les foyers dont le chef est au ch\u00f4mage subiraient \u00e9galement des pertes significatives, avec une baisse moyenne de 180 euros en raison de l\u2019absence de revalorisation des allocations ch\u00f4mage et des prestations sociales. Cette situation pourrait exacerber les difficult\u00e9s financi\u00e8res de nombreux m\u00e9nages d\u00e9j\u00e0 fragilis\u00e9s. \u00ab 320 euros de moins par m\u00e9nage retrait\u00e9 en moyenne en 2026 \u00bb, estime Madec, soulignant l\u2019impact concret de cette d\u00e9cision sur les budgets familiaux. Quels m\u00e9canismes de soutien l\u2019\u00c9tat pourrait-il mettre en place pour aider ces groupes \u00e0 surmonter ces d\u00e9fis financiers ?<\/p>\n<p>La proposition d\u2019une \u00ab ann\u00e9e blanche \u00bb en 2026 suscite de vives discussions et inqui\u00e9tudes. Si elle permettrait \u00e0 l\u2019\u00c9tat de r\u00e9aliser des \u00e9conomies substantielles, elle risque aussi d\u2019aggraver les in\u00e9galit\u00e9s sociales et de peser lourdement sur les m\u00e9nages les plus vuln\u00e9rables. Comment le gouvernement parviendra-t-il \u00e0 \u00e9quilibrer les imp\u00e9ratifs budg\u00e9taires tout en pr\u00e9servant la justice sociale ? Cette question reste ouverte et cruciale pour l\u2019avenir \u00e9conomique et social de la France.<\/p>\n<p>Cet article s\u2019appuie sur des sources v\u00e9rifi\u00e9es et l\u2019assistance de technologies \u00e9ditoriales.<\/p>\n<p id=\"rating\">\u00c7a vous a plu ?\u00a04.6\/5 (20)<\/p>\n","protected":false},"excerpt":{"rendered":"EN BREF \ud83d\udca1 Fran\u00e7ois Bayrou propose une \u00ab ann\u00e9e blanche \u00bb en 2026, gelant le bar\u00e8me des imp\u00f4ts,&hellip;\n","protected":false},"author":2,"featured_media":255835,"comment_status":"","ping_status":"","sticky":false,"template":"","format":"standard","meta":{"footnotes":""},"categories":[2],"tags":[11,33,1011,27,431,12,25,9910],"class_list":{"0":"post-255834","1":"post","2":"type-post","3":"status-publish","4":"format-standard","5":"has-post-thumbnail","7":"category-actualites","8":"tag-actualites","9":"tag-economie","10":"tag-fr","11":"tag-france","12":"tag-francois-bayrou","13":"tag-news","14":"tag-republique-francaise","15":"tag-retraites"},"share_on_mastodon":{"url":"https:\/\/pubeurope.com\/@fr\/114873107960117484","error":""},"_links":{"self":[{"href":"https:\/\/www.europesays.com\/fr\/wp-json\/wp\/v2\/posts\/255834","targetHints":{"allow":["GET"]}}],"collection":[{"href":"https:\/\/www.europesays.com\/fr\/wp-json\/wp\/v2\/posts"}],"about":[{"href":"https:\/\/www.europesays.com\/fr\/wp-json\/wp\/v2\/types\/post"}],"author":[{"embeddable":true,"href":"https:\/\/www.europesays.com\/fr\/wp-json\/wp\/v2\/users\/2"}],"replies":[{"embeddable":true,"href":"https:\/\/www.europesays.com\/fr\/wp-json\/wp\/v2\/comments?post=255834"}],"version-history":[{"count":0,"href":"https:\/\/www.europesays.com\/fr\/wp-json\/wp\/v2\/posts\/255834\/revisions"}],"wp:featuredmedia":[{"embeddable":true,"href":"https:\/\/www.europesays.com\/fr\/wp-json\/wp\/v2\/media\/255835"}],"wp:attachment":[{"href":"https:\/\/www.europesays.com\/fr\/wp-json\/wp\/v2\/media?parent=255834"}],"wp:term":[{"taxonomy":"category","embeddable":true,"href":"https:\/\/www.europesays.com\/fr\/wp-json\/wp\/v2\/categories?post=255834"},{"taxonomy":"post_tag","embeddable":true,"href":"https:\/\/www.europesays.com\/fr\/wp-json\/wp\/v2\/tags?post=255834"}],"curies":[{"name":"wp","href":"https:\/\/api.w.org\/{rel}","templated":true}]}}