{"id":255838,"date":"2025-07-18T07:42:15","date_gmt":"2025-07-18T07:42:15","guid":{"rendered":"https:\/\/www.europesays.com\/fr\/255838\/"},"modified":"2025-07-18T07:42:15","modified_gmt":"2025-07-18T07:42:15","slug":"ici-on-est-loin-des-cliches-le-golf-de-begard-une-affaire-de-famille","status":"publish","type":"post","link":"https:\/\/www.europesays.com\/fr\/255838\/","title":{"rendered":"\u00ab\u00a0Ici, on est loin des clich\u00e9s\u00a0\u00bb\u00a0: le golf de B\u00e9gard, une affaire de famille"},"content":{"rendered":"<p>\u00c0 B\u00e9gard, le domaine de golf de Krec\u2019h an Onn est une affaire de famille depuis quarante ans. C\u2019est en 1985 que la famille Bourdonnec h\u00e9rite d\u2019une ancienne ferme \u00e0 quelques kilom\u00e8tres du centre-ville de la commune de 5 000 habitants. \u00c0 une \u00e9poque o\u00f9 le tourisme vert est encore balbutiant, la famille d\u00e9cide de transformer ce lieu en un domaine touristique avec des g\u00eetes en proposant une activit\u00e9 qui commence alors \u00e0 se r\u00e9pandre : <a href=\"https:\/\/www.letelegramme.fr\/cotes-d-armor\/begard-22140\/une-cinquantaine-de-personnes-ont-tente-le-swing-au-golf-de-begard-6797536.php\" target=\"_blank\" rel=\"noopener\">le swin-golf<\/a>.<\/p>\n<p>Comme son nom l\u2019indique, il s\u2019agit d\u2019un d\u00e9riv\u00e9 du golf avec un club unique et une balle en mousse rendant le sport original plus accessible. \u00ab Il a fallu innover. \u00c0 l\u2019\u00e9poque, le parc de loisirs Armoripark n\u2019existe pas encore donc B\u00e9gard n\u2019\u00e9tait tr\u00e8s touristique \u00bb, retrace Ga\u00ebtane Bourdonnec, la directrice et fille de Paul et Annie, les premiers acqu\u00e9reurs.<\/p>\n<p>Mais tr\u00e8s vite, une association sportive se cr\u00e9e et rapidement les membres souhaitent se lancer dans le \u00ab vrai \u00bb golf. Au milieu des ann\u00e9es 90, des sangliers d\u00e9truisent le parcours de swin-golf, offrant une opportunit\u00e9 \u00e0 la famille de basculer et de r\u00e9pondre aux envies des joueurs.<\/p>\n<p>\u00c0 l\u2019encontre des clich\u00e9s<\/p>\n<p>Aujourd\u2019hui, le domaine de Krec\u2019h an Onn fait partie des onze golfs qui composent les C\u00f4tes-d\u2019Armor, le seul avec Dinan \u00e0 ne pas \u00eatre en front de mer. Une singularit\u00e9 recherch\u00e9e par un bon nombre des 200 adh\u00e9rents du club. La plupart viennent du triangle Morlaix-Rostrenen-Paimpol.<\/p>\n<p>\u00ab Ici on est loin des clich\u00e9s du golf. Nos meilleurs joueurs sont m\u00e9caniciens ou agriculteurs. Tout le monde se conna\u00eet, on reste malgr\u00e9 tout une petite structure \u00bb, d\u00e9taille Ga\u00ebtane Bourdonnec. \u00c0 tel point que certains habitu\u00e9s reviennent chaque \u00e9t\u00e9 dans l\u2019un des quatre g\u00eetes passer leurs vacances. \u00ab Il y en a m\u00eame qui ont d\u00e9m\u00e9nag\u00e9 \u00e0 B\u00e9gard entre-temps ! \u00bb, glisse celle qui emploie quatre personnes sur son site.<\/p>\n<p>Pour illustrer l\u2019ambiance conviviale qui r\u00e8gne au golf de B\u00e9gard, Ga\u00ebtane Bourdonnec se rem\u00e9more novembre 2013 et le d\u00e9c\u00e8s de son papa, Paul. \u00ab Nous sommes ouverts sept jours sur sept, mais avec ce drame, on a ferm\u00e9 pendant cinq jours. \u00c0 notre retour, on avait des ch\u00e8ques de personnes qui sont venues jouer et qui ont quand m\u00eame tenu \u00e0 r\u00e9gler leur partie. On ne voit pas \u00e7a partout \u00bb.<\/p>\n<p>Trois comp\u00e9titions caritatives<\/p>\n<p>Bien que solidement ancr\u00e9e dans les associations b\u00e9garroises, le club esp\u00e8re agrandir son nombre d\u2019adh\u00e9rents. Les entreprises locales sont au rendez-vous, et la ville de B\u00e9gard aussi avec une comp\u00e9tition qui porte son nom. \u00ab Nous faisons aussi trois journ\u00e9es caritatives pour la SNSM, Vaincre la Muco et une troisi\u00e8me association qui change chaque ann\u00e9e, ajoute la directrice, qui peut toujours compter sur sa maman Annie, \u00e0 l\u2019accueil du domaine. On reverse les droits d\u2019inscriptions des joueurs, \u00e7a repr\u00e9sente souvent plus de 1 000 \u20ac \u00bb.<\/p>\n<p>Quelle est d\u00e9sormais la suite pour le golf de B\u00e9gard ? \u00ab On aimerait d\u00e9velopper le c\u00f4t\u00e9 accueil de s\u00e9minaires \u00bb esp\u00e8re-t-on \u00e0 Krec\u2019h an Onn.<\/p>\n","protected":false},"excerpt":{"rendered":"\u00c0 B\u00e9gard, le domaine de golf de Krec\u2019h an Onn est une affaire de famille depuis quarante ans.&hellip;\n","protected":false},"author":2,"featured_media":255839,"comment_status":"","ping_status":"","sticky":false,"template":"","format":"standard","meta":{"footnotes":""},"categories":[1418],"tags":[32820,39590,1011,27,1472,4044,5862,60],"class_list":{"0":"post-255838","1":"post","2":"type-post","3":"status-publish","4":"format-standard","5":"has-post-thumbnail","7":"category-golf","8":"tag-begard","9":"tag-begard-petite-ville-grandes-ambitions","10":"tag-fr","11":"tag-france","12":"tag-golf","13":"tag-guingamp","14":"tag-lannion","15":"tag-sports"},"share_on_mastodon":{"url":"https:\/\/pubeurope.com\/@fr\/114873115782152820","error":""},"_links":{"self":[{"href":"https:\/\/www.europesays.com\/fr\/wp-json\/wp\/v2\/posts\/255838","targetHints":{"allow":["GET"]}}],"collection":[{"href":"https:\/\/www.europesays.com\/fr\/wp-json\/wp\/v2\/posts"}],"about":[{"href":"https:\/\/www.europesays.com\/fr\/wp-json\/wp\/v2\/types\/post"}],"author":[{"embeddable":true,"href":"https:\/\/www.europesays.com\/fr\/wp-json\/wp\/v2\/users\/2"}],"replies":[{"embeddable":true,"href":"https:\/\/www.europesays.com\/fr\/wp-json\/wp\/v2\/comments?post=255838"}],"version-history":[{"count":0,"href":"https:\/\/www.europesays.com\/fr\/wp-json\/wp\/v2\/posts\/255838\/revisions"}],"wp:featuredmedia":[{"embeddable":true,"href":"https:\/\/www.europesays.com\/fr\/wp-json\/wp\/v2\/media\/255839"}],"wp:attachment":[{"href":"https:\/\/www.europesays.com\/fr\/wp-json\/wp\/v2\/media?parent=255838"}],"wp:term":[{"taxonomy":"category","embeddable":true,"href":"https:\/\/www.europesays.com\/fr\/wp-json\/wp\/v2\/categories?post=255838"},{"taxonomy":"post_tag","embeddable":true,"href":"https:\/\/www.europesays.com\/fr\/wp-json\/wp\/v2\/tags?post=255838"}],"curies":[{"name":"wp","href":"https:\/\/api.w.org\/{rel}","templated":true}]}}